{"id":24399,"date":"2025-03-21T10:43:16","date_gmt":"2025-03-21T09:43:16","guid":{"rendered":"https:\/\/www.ades-grenoble.org\/wordpress\/?p=24399"},"modified":"2025-03-21T10:43:16","modified_gmt":"2025-03-21T09:43:16","slug":"diverses-actualites-206","status":"publish","type":"post","link":"https:\/\/www.ades-grenoble.org\/wordpress\/2025\/03\/21\/diverses-actualites-206\/","title":{"rendered":"Diverses actualit\u00e9s"},"content":{"rendered":"<div class=\"wp-block-image\">\n<figure class=\"alignleft size-full\"><img loading=\"lazy\" decoding=\"async\" width=\"400\" height=\"222\" src=\"https:\/\/www.ades-grenoble.org\/wordpress\/wp-content\/uploads\/2020\/11\/crieur.jpg\" alt=\"Crieur public\" class=\"wp-image-18106\" srcset=\"https:\/\/www.ades-grenoble.org\/wordpress\/wp-content\/uploads\/2020\/11\/crieur.jpg 400w, https:\/\/www.ades-grenoble.org\/wordpress\/wp-content\/uploads\/2020\/11\/crieur-150x83.jpg 150w, https:\/\/www.ades-grenoble.org\/wordpress\/wp-content\/uploads\/2020\/11\/crieur-300x167.jpg 300w\" sizes=\"auto, (max-width: 400px) 100vw, 400px\" \/><\/figure>\n<\/div>\n\n\n<p><strong>Les restaurants interg\u00e9n\u00e9rationnels de la Ville et du CCAS sont ouverts \u00e0 toutes et tous. <\/strong><a href=\"https:\/\/www.grenoble.fr\/uploads\/Presse\/pse_fichier\/a8\/2103_621_CP-Restaurants-intergenerationnels-Ville-et-CCAS_compressed.pdf\" data-type=\"link\" data-id=\"https:\/\/www.grenoble.fr\/uploads\/Presse\/pse_fichier\/a8\/2103_621_CP-Restaurants-intergenerationnels-Ville-et-CCAS_compressed.pdf\">Les restaurants des P\u00f4les d\u2019Animation G\u00e9rontologique et Interg\u00e9n\u00e9rationnelle (PAGI)<\/a> de la Ville et du CCAS sont ouverts \u00e0 toutes et tous. Il suffit de s\u2019inscrire dans le restaurant de son choix. Le prix du repas est calcul\u00e9 en fonction des revenus. Chaque lieu propose \u00e9galement des animations : temps festifs, ateliers, conf\u00e9rences, jeux&#8230; En cette p\u00e9riode, o\u00f9 de plus en plus de personnes sont en difficult\u00e9s pour se nourrir mais et o\u00f9 le lien social se fragilise, bravo \u00e0 cette initiative qui permet \u00e0 toutes et tous d\u2019acc\u00e9der \u00e0 des repas \u00e9quilibr\u00e9s, de bonne qualit\u00e9 dans un espace convivial, \u00a0de lutter contre l\u2019isolement et de permettre aux r\u00e9sident.e.s des Ephad,\u00a0 d\u2019\u00eatre plus int\u00e9gr\u00e9.e.s \u00e0 une vie de quartier.<\/p>\n\n\n\n<hr class=\"wp-block-separator has-alpha-channel-opacity\"\/>\n\n\n\n<p><strong>Les habitant-es se saisissent de nouvelles m\u00e9thodes pour enrichir le patrimoine arbor\u00e9 de la ville. <\/strong>\u00c0 Grenoble,<a href=\"https:\/\/www.grenobleencommun.fr\/grenoble-quand-les-habitant-es-se-saisissent-de-nouvelles-methodes-pour-enrichir-le-patrimoine-arbore-de-la-ville\/\" data-type=\"link\" data-id=\"https:\/\/www.grenobleencommun.fr\/grenoble-quand-les-habitant-es-se-saisissent-de-nouvelles-methodes-pour-enrichir-le-patrimoine-arbore-de-la-ville\/\"> un nouveau projet de micro-for\u00eat urbaine voit le jour<\/a> gr\u00e2ce au Budget participatif 2023. La m\u00e9thode Miyawaki, qui permet une plantation \u00e0 d\u00e9veloppement rapide et dense, est utilis\u00e9e pour cr\u00e9er un espace vert en plein c\u0153ur du quartier Beauvert. Cette initiative vise \u00e0 renforcer la v\u00e9g\u00e9talisation de la ville, lutter contre les \u00eelots de chaleur et am\u00e9liorer la qualit\u00e9 de vie des habitant-es.<strong> <\/strong>Contrairement \u00e0 une plantation classique qui prend plusieurs d\u00e9cennies, cette m\u00e9thode densifie les espaces en plantant jusqu\u2019\u00e0 trois arbres par m\u00e8tre carr\u00e9, ce qui permet aux jeunes pousses de se d\u00e9velopper rapidement. En utilisant des essences locales et diversifi\u00e9es, le projet contribue \u00e9galement \u00e0 la biodiversit\u00e9 et \u00e0 la r\u00e9silience des \u00e9cosyst\u00e8mes urbains.<\/p>\n\n\n\n<hr class=\"wp-block-separator has-alpha-channel-opacity\"\/>\n\n\n\n<p><strong>Projet Omnibus europ\u00e9en : nouveau terrain de jeu pour les lobbies. <\/strong>Le projet \u201cOmnibus\u201d est une vaste entreprise de d\u00e9r\u00e9glementation qui vide les obligations de leur substance, en mati\u00e8re de devoir de vigilance et de transparence sur l\u2019impact environnementale et climatique. Con\u00e7u par la Commission Europ\u00e9enne dans le cadre d\u2019un processus opaque qui ignore les r\u00e8gles de gouvernance et de d\u00e9mocratie de l\u2019Union, il met en p\u00e9ril des ann\u00e9es de travail l\u00e9gislatif visant \u00e0 exiger des entreprises le respect les droits humains et sociaux, la pr\u00e9servation de l\u2019environnement et un alignement sur les objectifs climatiques. <a href=\"https:\/\/reclaimfinance.org\/site\/2025\/03\/06\/eu-omnibus-nouveau-terrain-de-jeu-pour-les-lobbies\/\" data-type=\"link\" data-id=\"https:\/\/reclaimfinance.org\/site\/2025\/03\/06\/eu-omnibus-nouveau-terrain-de-jeu-pour-les-lobbies\/\">Reclaim Finance a analys\u00e9 la proposition Omnibu<\/a>s dans une note et met en \u00e9vidence une tr\u00e8s forte similarit\u00e9 entre son contenu et les souhaits des lobbies industriels. Ces \u00e9l\u00e9ments sugg\u00e8rent que le projet Omnibus a \u00e9t\u00e9 captur\u00e9 par les lobbies et fait de son arr\u00eat une n\u00e9cessit\u00e9 d\u00e9mocratique.<\/p>\n\n\n\n<!--more-->\n\n\n\n<hr class=\"wp-block-separator has-alpha-channel-opacity\"\/>\n\n\n\n<p><strong><a href=\"https:\/\/www.insee.fr\/fr\/statistiques\/8383720\" data-type=\"link\" data-id=\"https:\/\/www.insee.fr\/fr\/statistiques\/8383720\">Forte hausse attendue de la demande de services \u00e0 la personne d\u2019ici 2050<\/a>. <\/strong>En France m\u00e9tropolitaine, en Martinique et \u00e0 La R\u00e9union, 3,9 millions de m\u00e9nages ont recours aux services \u00e0 la personne en 2019, soit 13,8\u00a0% de l\u2019ensemble des m\u00e9nages. Dans l\u2019Hexagone, le taux de recours \u00e0 ces services est plus marqu\u00e9 dans les d\u00e9partements de l\u2019Ouest. Il est plus faible en Martinique et \u00e0 La R\u00e9union.<strong> <\/strong>Ces \u00e9carts s\u2019expliquent en partie par les caract\u00e9ristiques des populations\u00a0: les m\u00e9nages \u00e2g\u00e9s et ceux dont le niveau de vie est \u00e9lev\u00e9 utilisent davantage les services \u00e0 la personne. Le vieillissement de la population a ainsi fortement contribu\u00e9 \u00e0 la hausse du nombre de m\u00e9nages utilisateurs (+7,5\u00a0%) par rapport \u00e0 2013, plus marqu\u00e9e que celle de l\u2019ensemble des m\u00e9nages (+4,5\u00a0%). Cette croissance se poursuivrait dans les ann\u00e9es \u00e0 venir, de mani\u00e8re plus prononc\u00e9e sur la fa\u00e7ade Atlantique et dans le Sud-Est. D\u2019ici 2050, dans le sc\u00e9nario central, 5 millions de m\u00e9nages utiliseraient ces services en France m\u00e9tropolitaine, en Martinique et \u00e0 La R\u00e9union.<\/p>\n\n\n\n<hr class=\"wp-block-separator has-alpha-channel-opacity\"\/>\n\n\n\n<p><strong>Contr\u00f4le de l\u00e9galit\u00e9\u00a0: insuffisance due au manque de moyens.<\/strong> Le gouvernement rend <a href=\"https:\/\/www.collectivites-locales.gouv.fr\/files\/Institution\/6.%20contr%C3%B4le%20de%20l%C3%A9galit%C3%A9\/20240717%20-%20Rapport%20triennal%20CL%2BCB%202019-2021_VDEF%20-%20vu%20DG%20-%20avec%20couverture.pdf\" data-type=\"link\" data-id=\"https:\/\/www.collectivites-locales.gouv.fr\/files\/Institution\/6.%20contr%C3%B4le%20de%20l%C3%A9galit%C3%A9\/20240717%20-%20Rapport%20triennal%20CL%2BCB%202019-2021_VDEF%20-%20vu%20DG%20-%20avec%20couverture.pdf\">son rapport sur le contr\u00f4le a posteriori des actes des collectivit\u00e9s locales<\/a>, portant sur les ann\u00e9es 2019 \u00e0 2021. Il reconnait que la qualit\u00e9 du contr\u00f4le p\u00e2tit du manque d\u2019effectifs dans les pr\u00e9fectures. Or entre 2010 et 2020, les effectifs des pr\u00e9fectures ont chut\u00e9 de plus de 11 000 \u00e9quivalents temps-plein, alors que le nombre d\u2019actes que les collectivit\u00e9s doivent faire contr\u00f4ler par les pr\u00e9fets est en hausse continue (+ 22 % de 2015 \u00e0 2021). A noter que les donn\u00e9es couvrent la p\u00e9riode du Covid. Nous observons que 80% des actes ne sont pas contr\u00f4l\u00e9s.<\/p>\n\n\n\n<hr class=\"wp-block-separator has-alpha-channel-opacity\"\/>\n\n\n\n<p><strong><a href=\"https:\/\/www.legifrance.gouv.fr\/jorf\/id\/JORFTEXT000051329052\" data-type=\"link\" data-id=\"https:\/\/www.legifrance.gouv.fr\/jorf\/id\/JORFTEXT000051329052\">Loi n\u00b0 2025-237 du 14 mars 2025<\/a> visant \u00e0 endiguer la prolif\u00e9ration du frelon asiatique et \u00e0 pr\u00e9server la fili\u00e8re apicole. <\/strong>Elle pr\u00e9voit un plan national et des plans d\u00e9partementaux de lutte contre cette esp\u00e8ce exotique envahissante et des plans d\u00e9partementaux Le plan national devra d\u00e9terminer, les orientations nationales, les indicateurs de suivi des actions de surveillance, de pr\u00e9vention, de pi\u00e9geage s\u00e9lectif et de destruction mises en \u0153uvre dans le cadre des plans d\u00e9partementaux. Tout reste \u00e0 faire. <\/p>\n\n\n\n<hr class=\"wp-block-separator has-alpha-channel-opacity\"\/>\n\n\n\n<p><strong>Pour une s\u00e9curisation des droits et des ressources des allocataires du RSA. <\/strong>Le Conseil national des politiques de lutte contre la pauvret\u00e9 (CNLE) marque <a href=\"https:\/\/solidarites.gouv.fr\/avis-du-cnle-sur-la-loi-pour-le-plein-emploi-pour-une-securisation-des-droits-et-des-ressources-des-allocataires-du-rsa\" data-type=\"link\" data-id=\"https:\/\/solidarites.gouv.fr\/avis-du-cnle-sur-la-loi-pour-le-plein-emploi-pour-une-securisation-des-droits-et-des-ressources-des-allocataires-du-rsa\">son opposition \u00e0 la loi pour le plein emploi et demande un moratoire<\/a> sur le d\u00e9cret \u00ab\u00a0sanction\u00a0\u00bb attendu dans le cadre de l\u2019application de cette loi, estimant qu\u2019il n\u2019y a pas de garanties suffisantes sur le volet \u00ab\u00a0accompagnement\u00a0\u00bb des allocataires du RSA.\u00a0Le CNLE d\u00e9veloppe une analyse des risques d\u2019exclusion sociale induits par la mise en \u0153uvre de la loi et le dispositif d\u2019accompagnement r\u00e9nov\u00e9 des allocataires du revenu de solidarit\u00e9 active (ARSA). Cette loi vise \u00e0 favoriser l\u2019emploi, mais sans s\u2019assurer que les moyens financiers et humains, les r\u00e8gles li\u00e9es au travail et les mesures d\u2019accompagnement social des personnes \u00e9prouvant des difficult\u00e9s soient bien en ad\u00e9quation avec cet objectif.<\/p>\n\n\n\n<hr class=\"wp-block-separator has-alpha-channel-opacity\"\/>\n\n\n\n<p><strong>En France, la corruption progresse \u00e0 tous les \u00e9tages. <\/strong>L\u2019hebdomadaire \u00ab&nbsp;La Vie&nbsp;\u00bb fait un article sur la corruption \u00e0 partir de la derni\u00e8re enqu\u00eate de Transparency International qui pointe du doigt le recul de la France&nbsp;en mati\u00e8re de probit\u00e9 et que les affaires font la une de nos journaux, des ONG et des magistrats&nbsp;tirent la sonnette d\u2019alarme. Car la corruption est une gangr\u00e8ne qui sape les esprits et les \u00e2mes. <a href=\"https:\/\/www.lavie.fr\/actualite\/societe\/en-france-la-corruption-progresse-a-tous-les-etages-98556.php\">En France, la corruption progresse \u00e0 tous les \u00e9tages<\/a><\/p>\n","protected":false},"excerpt":{"rendered":"<p>Les restaurants interg\u00e9n\u00e9rationnels de la Ville et du CCAS sont ouverts \u00e0 toutes et tous. Les restaurants des P\u00f4les d\u2019Animation G\u00e9rontologique et Interg\u00e9n\u00e9rationnelle (PAGI) de la Ville et du CCAS sont ouverts \u00e0 toutes et tous. Il suffit de s\u2019inscrire dans le restaurant de son choix. Le prix du repas est calcul\u00e9 en fonction des [&hellip;]<\/p>\n","protected":false},"author":1,"featured_media":0,"comment_status":"closed","ping_status":"open","sticky":false,"template":"","format":"standard","meta":{"twitterCardType":"","cardImageID":0,"cardImage":"","cardTitle":"","cardDesc":"","cardImageAlt":"","cardPlayer":"","cardPlayerWidth":0,"cardPlayerHeight":0,"cardPlayerStream":"","cardPlayerCodec":"","footnotes":""},"categories":[62,11],"tags":[141,144,287],"class_list":["post-24399","post","type-post","status-publish","format-standard","hentry","category-le-rouge-le-vert-hebdo","category-politique-locale","tag-europe","tag-nature","tag-personnes-agees"],"_links":{"self":[{"href":"https:\/\/www.ades-grenoble.org\/wordpress\/wp-json\/wp\/v2\/posts\/24399","targetHints":{"allow":["GET"]}}],"collection":[{"href":"https:\/\/www.ades-grenoble.org\/wordpress\/wp-json\/wp\/v2\/posts"}],"about":[{"href":"https:\/\/www.ades-grenoble.org\/wordpress\/wp-json\/wp\/v2\/types\/post"}],"author":[{"embeddable":true,"href":"https:\/\/www.ades-grenoble.org\/wordpress\/wp-json\/wp\/v2\/users\/1"}],"replies":[{"embeddable":true,"href":"https:\/\/www.ades-grenoble.org\/wordpress\/wp-json\/wp\/v2\/comments?post=24399"}],"version-history":[{"count":1,"href":"https:\/\/www.ades-grenoble.org\/wordpress\/wp-json\/wp\/v2\/posts\/24399\/revisions"}],"predecessor-version":[{"id":24400,"href":"https:\/\/www.ades-grenoble.org\/wordpress\/wp-json\/wp\/v2\/posts\/24399\/revisions\/24400"}],"wp:attachment":[{"href":"https:\/\/www.ades-grenoble.org\/wordpress\/wp-json\/wp\/v2\/media?parent=24399"}],"wp:term":[{"taxonomy":"category","embeddable":true,"href":"https:\/\/www.ades-grenoble.org\/wordpress\/wp-json\/wp\/v2\/categories?post=24399"},{"taxonomy":"post_tag","embeddable":true,"href":"https:\/\/www.ades-grenoble.org\/wordpress\/wp-json\/wp\/v2\/tags?post=24399"}],"curies":[{"name":"wp","href":"https:\/\/api.w.org\/{rel}","templated":true}]}}