{"id":24404,"date":"2025-03-21T10:43:28","date_gmt":"2025-03-21T09:43:28","guid":{"rendered":"https:\/\/www.ades-grenoble.org\/wordpress\/?p=24404"},"modified":"2025-03-21T10:43:28","modified_gmt":"2025-03-21T09:43:28","slug":"politique-politicienne-329","status":"publish","type":"post","link":"https:\/\/www.ades-grenoble.org\/wordpress\/2025\/03\/21\/politique-politicienne-329\/","title":{"rendered":"Politique politicienne"},"content":{"rendered":"<div class=\"wp-block-image\">\n<figure class=\"alignleft size-full\"><img loading=\"lazy\" decoding=\"async\" width=\"200\" height=\"234\" src=\"https:\/\/www.ades-grenoble.org\/wordpress\/wp-content\/uploads\/2015\/01\/fou1.png\" alt=\"fou\" class=\"wp-image-9634\" srcset=\"https:\/\/www.ades-grenoble.org\/wordpress\/wp-content\/uploads\/2015\/01\/fou1.png 200w, https:\/\/www.ades-grenoble.org\/wordpress\/wp-content\/uploads\/2015\/01\/fou1-128x150.png 128w\" sizes=\"auto, (max-width: 200px) 100vw, 200px\" \/><\/figure>\n<\/div>\n\n\n<p><strong>Laurent Wauquiez est en pleine campagne <\/strong>pour \u00eatre d\u00e9sign\u00e9 chef des LR. Il n\u2019h\u00e9site pas \u00e0 faire des propositions toutes plus stupides les unes que les autres. Sa derni\u00e8re id\u00e9e concerne l\u2019autoroute A69 bloqu\u00e9e par la justice, c\u2019est simple pour M. Wauquiez, il faut supprimer tous les contentieux quand un chantier a d\u00e9marr\u00e9&nbsp;!!! Encore un \u00ab&nbsp;grand \u00e9lu&nbsp;\u00bb apr\u00e8s M. Retailleau, qui s\u2019affiche contre notre Etat de droit.<\/p>\n\n\n\n<hr class=\"wp-block-separator has-alpha-channel-opacity\"\/>\n\n\n\n<p><strong>Les opposants \u00e0 la requalification de l\u2019avenue Jeanne d\u2019Arc<\/strong> \u00e0 Grenoble se sont lanc\u00e9s dans une gu\u00e9rilla judiciaire qui commence mal. Le 17 mars, le juge des r\u00e9f\u00e9r\u00e9s du tribunal administratif de Grenoble rejette la demande de suspension des travaux, suite au \u00ab\u00a0r\u00e9f\u00e9r\u00e9 libert\u00e9\u00a0\u00bb d\u00e9pos\u00e9 par les opposants \u00e0 ce projet pilot\u00e9 par la M\u00e9tro et la ville de Grenoble. Le juge consid\u00e8re qu\u2019il n\u2019y a pas urgence car il n\u2019y a pas atteinte \u00e0 une libert\u00e9 fondamentale, ce qui \u00e9tait l\u2019\u00e9vidence m\u00eame. Mais ces opposants poursuivent l\u2019action judiciaire avec un\u00a0\u00ab r\u00e9f\u00e9r\u00e9 instruction\u00a0\u00bb (ou r\u00e9f\u00e9r\u00e9 expertise) et attendent le jugement au fond sur les d\u00e9lib\u00e9rations de 2024 qui autorisaient les travaux. Ce qui est positif, c\u2019est que les opposants sont beaucoup moins violents au tribunal que contre la Ville et la m\u00e9tropole.<\/p>\n","protected":false},"excerpt":{"rendered":"<p>Laurent Wauquiez est en pleine campagne pour \u00eatre d\u00e9sign\u00e9 chef des LR. Il n\u2019h\u00e9site pas \u00e0 faire des propositions toutes plus stupides les unes que les autres. Sa derni\u00e8re id\u00e9e concerne l\u2019autoroute A69 bloqu\u00e9e par la justice, c\u2019est simple pour M. Wauquiez, il faut supprimer tous les contentieux quand un chantier a d\u00e9marr\u00e9&nbsp;!!! Encore un [&hellip;]<\/p>\n","protected":false},"author":1,"featured_media":0,"comment_status":"closed","ping_status":"open","sticky":false,"template":"","format":"standard","meta":{"twitterCardType":"","cardImageID":0,"cardImage":"","cardTitle":"","cardDesc":"","cardImageAlt":"","cardPlayer":"","cardPlayerWidth":0,"cardPlayerHeight":0,"cardPlayerStream":"","cardPlayerCodec":"","footnotes":""},"categories":[62,11],"tags":[54],"class_list":["post-24404","post","type-post","status-publish","format-standard","hentry","category-le-rouge-le-vert-hebdo","category-politique-locale","tag-politique-droite-gauche"],"_links":{"self":[{"href":"https:\/\/www.ades-grenoble.org\/wordpress\/wp-json\/wp\/v2\/posts\/24404","targetHints":{"allow":["GET"]}}],"collection":[{"href":"https:\/\/www.ades-grenoble.org\/wordpress\/wp-json\/wp\/v2\/posts"}],"about":[{"href":"https:\/\/www.ades-grenoble.org\/wordpress\/wp-json\/wp\/v2\/types\/post"}],"author":[{"embeddable":true,"href":"https:\/\/www.ades-grenoble.org\/wordpress\/wp-json\/wp\/v2\/users\/1"}],"replies":[{"embeddable":true,"href":"https:\/\/www.ades-grenoble.org\/wordpress\/wp-json\/wp\/v2\/comments?post=24404"}],"version-history":[{"count":2,"href":"https:\/\/www.ades-grenoble.org\/wordpress\/wp-json\/wp\/v2\/posts\/24404\/revisions"}],"predecessor-version":[{"id":24406,"href":"https:\/\/www.ades-grenoble.org\/wordpress\/wp-json\/wp\/v2\/posts\/24404\/revisions\/24406"}],"wp:attachment":[{"href":"https:\/\/www.ades-grenoble.org\/wordpress\/wp-json\/wp\/v2\/media?parent=24404"}],"wp:term":[{"taxonomy":"category","embeddable":true,"href":"https:\/\/www.ades-grenoble.org\/wordpress\/wp-json\/wp\/v2\/categories?post=24404"},{"taxonomy":"post_tag","embeddable":true,"href":"https:\/\/www.ades-grenoble.org\/wordpress\/wp-json\/wp\/v2\/tags?post=24404"}],"curies":[{"name":"wp","href":"https:\/\/api.w.org\/{rel}","templated":true}]}}