{"id":24407,"date":"2025-03-21T10:43:33","date_gmt":"2025-03-21T09:43:33","guid":{"rendered":"https:\/\/www.ades-grenoble.org\/wordpress\/?p=24407"},"modified":"2025-03-21T10:43:33","modified_gmt":"2025-03-21T09:43:33","slug":"chaleur-et-sante-bilan-de-lete-2024","status":"publish","type":"post","link":"https:\/\/www.ades-grenoble.org\/wordpress\/2025\/03\/21\/chaleur-et-sante-bilan-de-lete-2024\/","title":{"rendered":"Chaleur et sant\u00e9, bilan de l&rsquo;\u00e9t\u00e9 2024"},"content":{"rendered":"<div class=\"wp-block-image\">\n<figure class=\"alignleft size-full\"><img loading=\"lazy\" decoding=\"async\" width=\"380\" height=\"222\" src=\"https:\/\/www.ades-grenoble.org\/wordpress\/wp-content\/uploads\/2021\/04\/sante-publique-france.jpg\" alt=\"\" class=\"wp-image-18638\" srcset=\"https:\/\/www.ades-grenoble.org\/wordpress\/wp-content\/uploads\/2021\/04\/sante-publique-france.jpg 380w, https:\/\/www.ades-grenoble.org\/wordpress\/wp-content\/uploads\/2021\/04\/sante-publique-france-150x88.jpg 150w, https:\/\/www.ades-grenoble.org\/wordpress\/wp-content\/uploads\/2021\/04\/sante-publique-france-300x175.jpg 300w\" sizes=\"auto, (max-width: 380px) 100vw, 380px\" \/><\/figure>\n<\/div>\n\n\n<p>Sant\u00e9 publique France a publi\u00e9 le 11 mars 2025 <a href=\"https:\/\/www.santepubliquefrance.fr\/determinants-de-sante\/climat\/fortes-chaleurs-canicule\/documents\/bulletin-national\/chaleur-et-sante.-bilan-de-l-ete-2024\" data-type=\"link\" data-id=\"https:\/\/www.santepubliquefrance.fr\/determinants-de-sante\/climat\/fortes-chaleurs-canicule\/documents\/bulletin-national\/chaleur-et-sante.-bilan-de-l-ete-2024\">le bilan des impacts de la chaleur durant l\u2019\u00e9t\u00e9 2024 sur la morbidit\u00e9 et la mortalit\u00e9 des fran\u00e7ais.es<\/a>. Durant l\u2019\u00e9t\u00e9 2024, la chaleur a moins tu\u00e9 qu\u2019en 2022 et 2023. Cependant, plus de 3.700 d\u00e9c\u00e8s sont n\u00e9anmoins attribuables \u00e0 la chaleur sur la p\u00e9riode d&rsquo;\u00e9t\u00e9 2024 (du 1er\u00a0juin au 15 septembre), et pas seulement pendant les \u00e9pisodes de canicule, ce qui repr\u00e9sente 2% de tous les d\u00e9c\u00e8s.<\/p>\n\n\n\n<p>Dans le cadre de l\u2019instruction interminist\u00e9rielle relative \u00e0 la gestion sanitaire des vagues de chaleur, laquelle prend effet chaque ann\u00e9e du 1er juin au 15 septembre, Sant\u00e9 publique France collabore avec M\u00e9t\u00e9o-France et la Direction G\u00e9n\u00e9rale de la Sant\u00e9, &nbsp;afin d\u2019anticiper la survenue de vagues de chaleur qui n\u00e9cessitent une pr\u00e9vention renforc\u00e9e (niveau orange et rouge de la vigilance m\u00e9t\u00e9orologique canicule) pour surveiller les donn\u00e9es sanitaires de recours aux soins d\u2019urgence et de mortalit\u00e9, &nbsp;afin d\u2019\u00e9valuer l\u2019impact de ces \u00e9pisodes. Sant\u00e9 publique France devra aussi reporter les accidents du travail mortels ayant un possible lien avec la chaleur, transmis par la Direction G\u00e9n\u00e9rale du Travail.<\/p>\n\n\n\n<p>&nbsp;Sant\u00e9 publique France d\u00e9gage quelques points cl\u00e9s&nbsp;:<\/p>\n\n\n\n<!--more-->\n\n\n\n<p><em>\u00ab&nbsp;L\u2019\u00e9t\u00e9 2024 a \u00e9t\u00e9 plus chaud que la normale de 0,7\u00b0C, avec des contrastes r\u00e9gionaux, le pourtour m\u00e9diterran\u00e9en ayant \u00e9t\u00e9 plus impact\u00e9. Il se classe comme le 8e \u00e9t\u00e9 le plus chaud depuis 1900, d\u2019apr\u00e8s M\u00e9t\u00e9o-France. La principale canicule a eu lieu du 28 juillet au 14 ao\u00fbt, avec 43 d\u00e9partements et 40% de la population concern\u00e9s pour une dur\u00e9e moyenne de 4,7 jours.<\/em><\/p>\n\n\n\n<p><em>Plus de 17 000 recours aux soins d\u2019urgence pour l\u2019indicateur sanitaire composite iCanicule (comprenant les hyperthermies, d\u00e9shydratations et hyponatr\u00e9mies) ont \u00e9t\u00e9 enregistr\u00e9s pendant l\u2019\u00e9t\u00e9 et en particulier pendant les canicules (augmentation d\u2019un facteur 2 des passages aux urgences et 3 pour les consultations SOS m\u00e9decins). Toutes les classes d\u2019\u00e2ges \u00e9taient concern\u00e9es, plus particuli\u00e8rement les personnes de 75 ans et plus qui ont repr\u00e9sent\u00e9 52 % des passages aux urgences et 24 % des consultations SOS pour l\u2019indicateur iCanicule.<\/em><\/p>\n\n\n\n<p><em>Plus de 3 700 d\u00e9c\u00e8s sont attribuables \u00e0 une exposition de la population \u00e0 la chaleur sur l\u2019ensemble de la p\u00e9riode de surveillance de l\u2019\u00e9t\u00e9, soit plus de 2 % de la mortalit\u00e9 toutes causes observ\u00e9es. Pendant les \u00e9pisodes de canicules, plus de 600 d\u00e9c\u00e8s sont attribuables \u00e0 une exposition de la population la chaleur, soit plus de 10 % de la mortalit\u00e9 toutes causes observ\u00e9es pendant ces \u00e9pisodes. Des d\u00e9c\u00e8s ont \u00e9t\u00e9 observ\u00e9s pour l\u2019ensemble des classes d\u2019\u00e2ge, mais majoritairement et pour plus de trois quarts chez les personnes \u00e2g\u00e9es de 75 ans et plus, que ce soit sur l\u2019ensemble de l\u2019\u00e9t\u00e9, et pendant les \u00e9pisodes de canicules.<\/em><\/p>\n\n\n\n<p><em>Sept accidents du travail mortels en lien possible avec la chaleur ont \u00e9t\u00e9 notifi\u00e9s par la Direction G\u00e9n\u00e9rale du Travail. Ces accidents du travail mortels ont concern\u00e9 des hommes \u00e2g\u00e9s de 39 \u00e0 71 ans. Six de ces accidents du travail mortels sont survenus dans le cadre d\u2019une activit\u00e9 professionnelle de construction et travaux ou d\u2019agriculture.<\/em><\/p>\n\n\n\n<p><em>En raison de l\u2019organisation des jeux olympiques et paralympiques, la diffusion d\u2019outils papier de pr\u00e9vention en anglais a \u00e9t\u00e9 amplifi\u00e9e.<\/em><\/p>\n\n\n\n<p><em>En lien avec le coll\u00e8ge de m\u00e9decine g\u00e9n\u00e9rale (CMG), Sant\u00e9 publique France a sensibilis\u00e9 les m\u00e9decins g\u00e9n\u00e9ralistes aux modalit\u00e9s de prise en charge des patients vuln\u00e9rables \u00e0 la chaleur via une newsletter.<\/em><\/p>\n\n\n\n<p><em>Les impacts sanitaires constat\u00e9s soulignent l\u2019importance de mettre en place des mesures de pr\u00e9vention pour diminuer l\u2019impact de la chaleur, durant les canicules mais aussi durant tout l\u2019\u00e9t\u00e9, et la n\u00e9cessit\u00e9 d\u2019une strat\u00e9gie d\u2019adaptation au changement climatique renforc\u00e9e, au niveau national et territorial.\u00a0\u00bb<\/em><\/p>\n","protected":false},"excerpt":{"rendered":"<p>Sant\u00e9 publique France a publi\u00e9 le 11 mars 2025 le bilan des impacts de la chaleur durant l\u2019\u00e9t\u00e9 2024 sur la morbidit\u00e9 et la mortalit\u00e9 des fran\u00e7ais.es. Durant l\u2019\u00e9t\u00e9 2024, la chaleur a moins tu\u00e9 qu\u2019en 2022 et 2023. Cependant, plus de 3.700 d\u00e9c\u00e8s sont n\u00e9anmoins attribuables \u00e0 la chaleur sur la p\u00e9riode d&rsquo;\u00e9t\u00e9 2024 [&hellip;]<\/p>\n","protected":false},"author":1,"featured_media":0,"comment_status":"closed","ping_status":"open","sticky":false,"template":"","format":"standard","meta":{"twitterCardType":"","cardImageID":0,"cardImage":"","cardTitle":"","cardDesc":"","cardImageAlt":"","cardPlayer":"","cardPlayerWidth":0,"cardPlayerHeight":0,"cardPlayerStream":"","cardPlayerCodec":"","footnotes":""},"categories":[62,11],"tags":[223,298,99],"class_list":["post-24407","post","type-post","status-publish","format-standard","hentry","category-le-rouge-le-vert-hebdo","category-politique-locale","tag-climat","tag-france","tag-sante"],"_links":{"self":[{"href":"https:\/\/www.ades-grenoble.org\/wordpress\/wp-json\/wp\/v2\/posts\/24407","targetHints":{"allow":["GET"]}}],"collection":[{"href":"https:\/\/www.ades-grenoble.org\/wordpress\/wp-json\/wp\/v2\/posts"}],"about":[{"href":"https:\/\/www.ades-grenoble.org\/wordpress\/wp-json\/wp\/v2\/types\/post"}],"author":[{"embeddable":true,"href":"https:\/\/www.ades-grenoble.org\/wordpress\/wp-json\/wp\/v2\/users\/1"}],"replies":[{"embeddable":true,"href":"https:\/\/www.ades-grenoble.org\/wordpress\/wp-json\/wp\/v2\/comments?post=24407"}],"version-history":[{"count":1,"href":"https:\/\/www.ades-grenoble.org\/wordpress\/wp-json\/wp\/v2\/posts\/24407\/revisions"}],"predecessor-version":[{"id":24408,"href":"https:\/\/www.ades-grenoble.org\/wordpress\/wp-json\/wp\/v2\/posts\/24407\/revisions\/24408"}],"wp:attachment":[{"href":"https:\/\/www.ades-grenoble.org\/wordpress\/wp-json\/wp\/v2\/media?parent=24407"}],"wp:term":[{"taxonomy":"category","embeddable":true,"href":"https:\/\/www.ades-grenoble.org\/wordpress\/wp-json\/wp\/v2\/categories?post=24407"},{"taxonomy":"post_tag","embeddable":true,"href":"https:\/\/www.ades-grenoble.org\/wordpress\/wp-json\/wp\/v2\/tags?post=24407"}],"curies":[{"name":"wp","href":"https:\/\/api.w.org\/{rel}","templated":true}]}}