{"id":24445,"date":"2025-03-28T11:06:40","date_gmt":"2025-03-28T10:06:40","guid":{"rendered":"https:\/\/www.ades-grenoble.org\/wordpress\/?p=24445"},"modified":"2025-04-04T13:00:09","modified_gmt":"2025-04-04T11:00:09","slug":"agenda-290","status":"publish","type":"post","link":"https:\/\/www.ades-grenoble.org\/wordpress\/2025\/03\/28\/agenda-290\/","title":{"rendered":"Agenda"},"content":{"rendered":"<div class=\"wp-block-image\">\n<figure class=\"alignleft size-full\"><img loading=\"lazy\" decoding=\"async\" width=\"380\" height=\"281\" src=\"https:\/\/www.ades-grenoble.org\/wordpress\/wp-content\/uploads\/2025\/03\/PrintempsDuLivre_2025.jpg\" alt=\"\" class=\"wp-image-24446\" srcset=\"https:\/\/www.ades-grenoble.org\/wordpress\/wp-content\/uploads\/2025\/03\/PrintempsDuLivre_2025.jpg 380w, https:\/\/www.ades-grenoble.org\/wordpress\/wp-content\/uploads\/2025\/03\/PrintempsDuLivre_2025-300x222.jpg 300w, https:\/\/www.ades-grenoble.org\/wordpress\/wp-content\/uploads\/2025\/03\/PrintempsDuLivre_2025-150x111.jpg 150w\" sizes=\"auto, (max-width: 380px) 100vw, 380px\" \/><\/figure>\n<\/div>\n\n\n<p><strong>Du 2 au 4 avril 2025, Le Printemps du Livre investit Grenoble <\/strong>avec <a href=\"https:\/\/www.grenoble.fr\/article\/1287\/561-printemps-du-livre-lectures-plurielles.htm\" data-type=\"link\" data-id=\"https:\/\/www.grenoble.fr\/129-espace-presse.htm\">un programme riche et accessible \u00e0 toutes et tous<\/a>. La ville devient un terrain d\u2019exploration litt\u00e9raire, avec des rencontres, des lectures, des performances et des ateliers r\u00e9partis entre la Biblioth\u00e8que d\u2019\u00c9tude et du Patrimoine, l\u2019H\u00f4tel de Ville, le parc Paul Mistral, le Mus\u00e9um, le Mus\u00e9e de Grenoble, les biblioth\u00e8ques du r\u00e9seau et une diversit\u00e9 de partenaires.<\/p>\n","protected":false},"excerpt":{"rendered":"<p>Du 2 au 4 avril 2025, Le Printemps du Livre investit Grenoble avec un programme riche et accessible \u00e0 toutes et tous. La ville devient un terrain d\u2019exploration litt\u00e9raire, avec des rencontres, des lectures, des performances et des ateliers r\u00e9partis entre la Biblioth\u00e8que d\u2019\u00c9tude et du Patrimoine, l\u2019H\u00f4tel de Ville, le parc Paul Mistral, le [&hellip;]<\/p>\n","protected":false},"author":1,"featured_media":0,"comment_status":"closed","ping_status":"open","sticky":false,"template":"","format":"standard","meta":{"twitterCardType":"","cardImageID":0,"cardImage":"","cardTitle":"","cardDesc":"","cardImageAlt":"","cardPlayer":"","cardPlayerWidth":0,"cardPlayerHeight":0,"cardPlayerStream":"","cardPlayerCodec":"","footnotes":""},"categories":[62,11],"tags":[125,353],"class_list":["post-24445","post","type-post","status-publish","format-standard","hentry","category-le-rouge-le-vert-hebdo","category-politique-locale","tag-agenda","tag-lecture"],"_links":{"self":[{"href":"https:\/\/www.ades-grenoble.org\/wordpress\/wp-json\/wp\/v2\/posts\/24445","targetHints":{"allow":["GET"]}}],"collection":[{"href":"https:\/\/www.ades-grenoble.org\/wordpress\/wp-json\/wp\/v2\/posts"}],"about":[{"href":"https:\/\/www.ades-grenoble.org\/wordpress\/wp-json\/wp\/v2\/types\/post"}],"author":[{"embeddable":true,"href":"https:\/\/www.ades-grenoble.org\/wordpress\/wp-json\/wp\/v2\/users\/1"}],"replies":[{"embeddable":true,"href":"https:\/\/www.ades-grenoble.org\/wordpress\/wp-json\/wp\/v2\/comments?post=24445"}],"version-history":[{"count":2,"href":"https:\/\/www.ades-grenoble.org\/wordpress\/wp-json\/wp\/v2\/posts\/24445\/revisions"}],"predecessor-version":[{"id":24452,"href":"https:\/\/www.ades-grenoble.org\/wordpress\/wp-json\/wp\/v2\/posts\/24445\/revisions\/24452"}],"wp:attachment":[{"href":"https:\/\/www.ades-grenoble.org\/wordpress\/wp-json\/wp\/v2\/media?parent=24445"}],"wp:term":[{"taxonomy":"category","embeddable":true,"href":"https:\/\/www.ades-grenoble.org\/wordpress\/wp-json\/wp\/v2\/categories?post=24445"},{"taxonomy":"post_tag","embeddable":true,"href":"https:\/\/www.ades-grenoble.org\/wordpress\/wp-json\/wp\/v2\/tags?post=24445"}],"curies":[{"name":"wp","href":"https:\/\/api.w.org\/{rel}","templated":true}]}}