{"id":24455,"date":"2025-04-04T14:03:51","date_gmt":"2025-04-04T12:03:51","guid":{"rendered":"https:\/\/www.ades-grenoble.org\/wordpress\/?p=24455"},"modified":"2025-04-04T14:03:51","modified_gmt":"2025-04-04T12:03:51","slug":"comprendre-les-interactions-entre-lozone-et-la-vegetation","status":"publish","type":"post","link":"https:\/\/www.ades-grenoble.org\/wordpress\/2025\/04\/04\/comprendre-les-interactions-entre-lozone-et-la-vegetation\/","title":{"rendered":"Comprendre les interactions entre l\u2019ozone et la v\u00e9g\u00e9tation"},"content":{"rendered":"<div class=\"wp-block-image\">\n<figure class=\"alignleft size-full\"><img loading=\"lazy\" decoding=\"async\" width=\"380\" height=\"87\" src=\"https:\/\/www.ades-grenoble.org\/wordpress\/wp-content\/uploads\/2019\/10\/ATMO.jpg\" alt=\"\" class=\"wp-image-16331\" srcset=\"https:\/\/www.ades-grenoble.org\/wordpress\/wp-content\/uploads\/2019\/10\/ATMO.jpg 380w, https:\/\/www.ades-grenoble.org\/wordpress\/wp-content\/uploads\/2019\/10\/ATMO-150x34.jpg 150w, https:\/\/www.ades-grenoble.org\/wordpress\/wp-content\/uploads\/2019\/10\/ATMO-300x69.jpg 300w\" sizes=\"auto, (max-width: 380px) 100vw, 380px\" \/><\/figure>\n<\/div>\n\n\n<p>Il s\u2019agit d\u2019<a href=\"https:\/\/www.atmo-auvergnerhonealpes.fr\/actualite\/comprendre-les-interactions-entre-lozone-et-la-vegetation\" data-type=\"link\" data-id=\"https:\/\/www.atmo-auvergnerhonealpes.fr\/actualite\/comprendre-les-interactions-entre-lozone-et-la-vegetation\">une \u00e9tude d\u2019Atmo- Auvergne-Rh\u00f4ne-Alpes publi\u00e9e le 28 mars 2025<\/a>. Dans le cadre du <a href=\"https:\/\/www.auvergne-rhone-alpes.developpement-durable.gouv.fr\/le-plan-regional-ozone-r5088.html\">Plan R\u00e9gional Ozone<\/a> pilot\u00e9 par la DREAL Auvergne-Rh\u00f4ne-Alpes, Atmo Auvergne-Rh\u00f4ne-Alpes publie une synth\u00e8se scientifique sur les relations complexes entre ozone et v\u00e9g\u00e9tation. Cette contribution est destin\u00e9e \u00e0 aider les d\u00e9cideurs dans l\u2019\u00e9laboration de politiques publiques adapt\u00e9es aux enjeux de qualit\u00e9 de l\u2019air.\u00a0<\/p>\n\n\n\n<p>L\u2019ozone, un polluant complexe qui menace aussi la v\u00e9g\u00e9tation&nbsp;:<\/p>\n\n\n\n<p>La\u202fpollution \u00e0 l\u2019ozone a des effets multiples sur la sant\u00e9, les b\u00e2timents ou encore le climat. S\u2019y ajoute \u00e9galement un impact important sur la v\u00e9g\u00e9tation, notamment en diminuant la capacit\u00e9 de photosynth\u00e8se des plantes ou en entrainant l\u2019apparition de n\u00e9croses sur les feuilles.&nbsp;<\/p>\n\n\n\n<p>L\u2019ozone est aujourd\u2019hui le seul polluant r\u00e9glement\u00e9 \u00e0 voir ses niveaux moyens augmenter. Polluant secondaire\u202f\u00e0 la chimie complexe, il n\u2019est pas directement \u00e9mis par des sources de pollution mais r\u00e9sulte de transformations chimiques de polluants dits \u00ab\u202fpr\u00e9curseurs\u202f\u00bb d\u00e9j\u00e0 pr\u00e9sents dans l\u2019air. Ces pr\u00e9curseurs sont multiples et proviennent de sources diverses li\u00e9es \u00e0 l\u2019activit\u00e9 humaine (trafic routier, activit\u00e9s industrielles, agriculture) mais \u00e9galement de la v\u00e9g\u00e9tation (arbres et arbustes principalement). L\u2019\u00e9volution des concentrations d\u2019ozone dans l\u2019air est donc complexe \u00e0 appr\u00e9hender et chacune des sources de ses polluants pr\u00e9curseurs doivent \u00eatre prises en compte.&nbsp;<\/p>\n\n\n\n<!--more-->\n\n\n\n<p>C\u2019est int\u00e9ressant de d\u00e9couvrir ce lien \u00e9troit et paradoxal entre l\u2019ozone et la v\u00e9g\u00e9tation !&nbsp;<\/p>\n\n\n\n<p>Une \u00e9tude pour mieux comprendre les interactions entre l&rsquo;ozone et les plantes&nbsp;:<\/p>\n\n\n\n<p>Le\u202fPlan R\u00e9gional Ozone&nbsp;que la DREAL Auvergne-Rh\u00f4ne-Alpes pilote pr\u00e9voit de r\u00e9aliser une vingtaine d\u2019actions, pour am\u00e9liorer les connaissances sur l\u2019ozone et les m\u00e9canismes impliqu\u00e9s dans sa formation. Dans ce cadre,\u202fAtmo Auvergne-Rh\u00f4ne-Alpes a compil\u00e9 une \u00e9tude bibliographique sur le lien entre l\u2019ozone et la v\u00e9g\u00e9tation. Les principaux \u00e9l\u00e9ments mis en avant dans le cadre de ce travail portent sur\u202f:&nbsp;<\/p>\n\n\n\n<ul class=\"wp-block-list\">\n<li>Le r\u00f4le de la v\u00e9g\u00e9tation dans la r\u00e9gulation de la qualit\u00e9 de l\u2019air via l\u2019absorption de polluants gazeux et le pi\u00e9geage des particules.\u00a0<\/li>\n\n\n\n<li>Son r\u00f4le dans la formation de l\u2019ozone \u00e0 travers l\u2019\u00e9mission de Compos\u00e9s Organiques Volatils pr\u00e9curseurs.<\/li>\n\n\n\n<li>L\u2019impact de la pollution \u00e0 l\u2019ozone sur les arbres et les cultures.\u00a0<\/li>\n<\/ul>\n\n\n\n<p>En compl\u00e9ment du rapport bibliographique complet, Atmo Auvergne-Rh\u00f4ne-Alpes met \u00e0 disposition du grand public et des acteurs du territoire une synth\u00e8se illustr\u00e9e de 4 pages ainsi qu\u2019un guide sur les essences d\u2019arbres \u00e0 privil\u00e9gier en milieu forestier, prenant en compte leur r\u00f4le dans l\u2019\u00e9limination de l\u2019ozone et l&rsquo;impact de cette pollution sur les arbres.&nbsp;&nbsp;<\/p>\n\n\n\n<p>Les r\u00e9sultats de ces travaux sont destin\u00e9s \u00e0 int\u00e9grer les r\u00e9flexions plus globales et les outils strat\u00e9giques li\u00e9s \u00e0 l\u2019agriculture, la for\u00eat et l\u2019urbanisme, afin d\u2019accompagner les gestionnaires de ces espaces (ONF, CNPF, CEREMA, etc.).<\/p>\n","protected":false},"excerpt":{"rendered":"<p>Il s\u2019agit d\u2019une \u00e9tude d\u2019Atmo- Auvergne-Rh\u00f4ne-Alpes publi\u00e9e le 28 mars 2025. Dans le cadre du Plan R\u00e9gional Ozone pilot\u00e9 par la DREAL Auvergne-Rh\u00f4ne-Alpes, Atmo Auvergne-Rh\u00f4ne-Alpes publie une synth\u00e8se scientifique sur les relations complexes entre ozone et v\u00e9g\u00e9tation. Cette contribution est destin\u00e9e \u00e0 aider les d\u00e9cideurs dans l\u2019\u00e9laboration de politiques publiques adapt\u00e9es aux enjeux de qualit\u00e9 [&hellip;]<\/p>\n","protected":false},"author":1,"featured_media":0,"comment_status":"closed","ping_status":"open","sticky":false,"template":"","format":"standard","meta":{"twitterCardType":"","cardImageID":0,"cardImage":"","cardTitle":"","cardDesc":"","cardImageAlt":"","cardPlayer":"","cardPlayerWidth":0,"cardPlayerHeight":0,"cardPlayerStream":"","cardPlayerCodec":"","footnotes":""},"categories":[62,11],"tags":[144,122],"class_list":["post-24455","post","type-post","status-publish","format-standard","hentry","category-le-rouge-le-vert-hebdo","category-politique-locale","tag-nature","tag-pollution-atmospherique"],"_links":{"self":[{"href":"https:\/\/www.ades-grenoble.org\/wordpress\/wp-json\/wp\/v2\/posts\/24455","targetHints":{"allow":["GET"]}}],"collection":[{"href":"https:\/\/www.ades-grenoble.org\/wordpress\/wp-json\/wp\/v2\/posts"}],"about":[{"href":"https:\/\/www.ades-grenoble.org\/wordpress\/wp-json\/wp\/v2\/types\/post"}],"author":[{"embeddable":true,"href":"https:\/\/www.ades-grenoble.org\/wordpress\/wp-json\/wp\/v2\/users\/1"}],"replies":[{"embeddable":true,"href":"https:\/\/www.ades-grenoble.org\/wordpress\/wp-json\/wp\/v2\/comments?post=24455"}],"version-history":[{"count":1,"href":"https:\/\/www.ades-grenoble.org\/wordpress\/wp-json\/wp\/v2\/posts\/24455\/revisions"}],"predecessor-version":[{"id":24456,"href":"https:\/\/www.ades-grenoble.org\/wordpress\/wp-json\/wp\/v2\/posts\/24455\/revisions\/24456"}],"wp:attachment":[{"href":"https:\/\/www.ades-grenoble.org\/wordpress\/wp-json\/wp\/v2\/media?parent=24455"}],"wp:term":[{"taxonomy":"category","embeddable":true,"href":"https:\/\/www.ades-grenoble.org\/wordpress\/wp-json\/wp\/v2\/categories?post=24455"},{"taxonomy":"post_tag","embeddable":true,"href":"https:\/\/www.ades-grenoble.org\/wordpress\/wp-json\/wp\/v2\/tags?post=24455"}],"curies":[{"name":"wp","href":"https:\/\/api.w.org\/{rel}","templated":true}]}}