{"id":24462,"date":"2025-04-04T14:04:02","date_gmt":"2025-04-04T12:04:02","guid":{"rendered":"https:\/\/www.ades-grenoble.org\/wordpress\/?p=24462"},"modified":"2025-04-04T14:04:02","modified_gmt":"2025-04-04T12:04:02","slug":"lexposition-professionnelle-au-bruit-en-france","status":"publish","type":"post","link":"https:\/\/www.ades-grenoble.org\/wordpress\/2025\/04\/04\/lexposition-professionnelle-au-bruit-en-france\/","title":{"rendered":"L\u2019exposition professionnelle au bruit en France"},"content":{"rendered":"<div class=\"wp-block-image\">\n<figure class=\"alignleft size-full\"><img loading=\"lazy\" decoding=\"async\" width=\"380\" height=\"222\" src=\"https:\/\/www.ades-grenoble.org\/wordpress\/wp-content\/uploads\/2021\/04\/sante-publique-france.jpg\" alt=\"\" class=\"wp-image-18638\" srcset=\"https:\/\/www.ades-grenoble.org\/wordpress\/wp-content\/uploads\/2021\/04\/sante-publique-france.jpg 380w, https:\/\/www.ades-grenoble.org\/wordpress\/wp-content\/uploads\/2021\/04\/sante-publique-france-150x88.jpg 150w, https:\/\/www.ades-grenoble.org\/wordpress\/wp-content\/uploads\/2021\/04\/sante-publique-france-300x175.jpg 300w\" sizes=\"auto, (max-width: 380px) 100vw, 380px\" \/><\/figure>\n<\/div>\n\n\n<p>Sant\u00e9 publique France a publi\u00e9 ce 1<sup>er<\/sup> avril 2025, dans son bulletin \u00e9pid\u00e9miologique hebdomadaire <a href=\"https:\/\/www.santepubliquefrance.fr\/maladies-et-traumatismes\/maladies-liees-au-travail\/maladies-a-caractere-professionnel\/documents\/article\/l-exposition-professionnelle-au-bruit-en-france-en-2019\" data-type=\"link\" data-id=\"https:\/\/www.santepubliquefrance.fr\/maladies-et-traumatismes\/maladies-liees-au-travail\/maladies-a-caractere-professionnel\/documents\/article\/l-exposition-professionnelle-au-bruit-en-france-en-2019\">une \u00e9tude sur l\u2019exposition au bruit des professionnels<\/a>. Plus de cinq millions de travailleurs en France, en particulier dans le BTP, la m\u00e9canique et le travail des m\u00e9taux, sont expos\u00e9s au bruit \u00e0 des niveaux dommageables pour la sant\u00e9, parfois jusqu&rsquo;\u00e0 la surdit\u00e9. Cette \u00e9tude semble \u00eatre la premi\u00e8re du genre.<\/p>\n\n\n\n<p>En voici un r\u00e9sum\u00e9\u00a0: <em>l&rsquo;exposition professionnelle au bruit a des impacts sur la sant\u00e9.<\/em><\/p>\n\n\n\n<p><em>En dessous de 80 dB(A) sur 8 heures de travail (not\u00e9 dB(A)Lex,8h), les effets, r\u00e9versibles, sont auditifs (acouph\u00e8nes\u2026) et extra-auditifs (fatigue, troubles cardiovasculaires\u2026). Au-del\u00e0, le niveau est dit l\u00e9sionnel, avec des atteintes auditives possiblement irr\u00e9versibles (surdit\u00e9). L&rsquo;objectif de cette \u00e9tude est de d\u00e9crire l&rsquo;exposition professionnelle au bruit en France hexagonale en 2019, ainsi que son \u00e9volution globale depuis 2007.<\/em><\/p>\n\n\n\n<!--more-->\n\n\n\n<p><em>M\u00e9thode \u2013 Une matrice emplois-expositions \u00e9valuant les expositions \u226570 dB(A)Lex,8h a \u00e9t\u00e9 d\u00e9velopp\u00e9e au pr\u00e9alable par Sant\u00e9 publique France, en distinguant le niveau non l\u00e9sionnel et le niveau l\u00e9sionnel (\u226580 dB(A)Lex,8h). Elle a \u00e9t\u00e9 crois\u00e9e avec les donn\u00e9es des recensements de population mill\u00e9sim\u00e9s de 2007, 2013 et 2019 afin d&rsquo;estimer la proportion, le nombre de travailleurs expos\u00e9s et leurs intervalles de sensibilit\u00e9 (IS), en fonction du sexe, du statut du travailleur (salari\u00e9\/non-salari\u00e9), des activit\u00e9s professionnelles et du niveau d&rsquo;exposition.<\/em><\/p>\n\n\n\n<p><em>R\u00e9sultats \u2013 En 2019, plus de 5 millions de travailleurs (5 334 860, IS=[4\u202f130\u202f200-6\u202f119\u202f370]) \u00e9taient expos\u00e9s au bruit (\u226570 dB(A)Lex,8h), dont 35,8% expos\u00e9s \u00e0 un niveau l\u00e9sionnel (\u226580 dB(A)Lex,8h). Les hommes repr\u00e9sentaient 80% des expos\u00e9s. La famille d&rsquo;activit\u00e9 professionnelle (FAP) des travailleurs du b\u00e2timent et travaux publics comptait le plus grand nombre de travailleurs expos\u00e9s (1 319 630 [1\u202f100\u202f860-1\u202f452\u202f830]) et la FAP de la m\u00e9canique et du travail des m\u00e9taux pr\u00e9sentait la plus grande proportion de travailleurs expos\u00e9s au bruit \u226570 dB(A)Lex,8h (77,9% [69,8-79,1]), mais \u00e9galement au bruit l\u00e9sionnel (52,3% [44,7-60,4]). <\/em><\/p>\n\n\n\n<p><strong><em><u>Conclusion <\/u><\/em><\/strong><em>\u2013 Ces estimations sont, \u00e0 notre connaissance, les premi\u00e8res documentant l&rsquo;exposition au bruit, d\u00e9taill\u00e9e selon le niveau de bruit (entre 70 et 80 dB(A)Lex,8h et \u226580 dB(A)Lex,8h), dans l&rsquo;ensemble de la population des travailleurs en France, selon le statut du travailleur, et quel que soit leur employeur. Ces r\u00e9sultats seront utiles pour le suivi de cette exposition au niveau populationnel ou pour documenter l&rsquo;exposition dans les \u00e9tudes \u00e9pid\u00e9miologiques portant sur les effets du bruit sur la sant\u00e9.<\/em><\/p>\n","protected":false},"excerpt":{"rendered":"<p>Sant\u00e9 publique France a publi\u00e9 ce 1er avril 2025, dans son bulletin \u00e9pid\u00e9miologique hebdomadaire une \u00e9tude sur l\u2019exposition au bruit des professionnels. Plus de cinq millions de travailleurs en France, en particulier dans le BTP, la m\u00e9canique et le travail des m\u00e9taux, sont expos\u00e9s au bruit \u00e0 des niveaux dommageables pour la sant\u00e9, parfois jusqu&rsquo;\u00e0 [&hellip;]<\/p>\n","protected":false},"author":1,"featured_media":0,"comment_status":"closed","ping_status":"open","sticky":false,"template":"","format":"standard","meta":{"twitterCardType":"","cardImageID":0,"cardImage":"","cardTitle":"","cardDesc":"","cardImageAlt":"","cardPlayer":"","cardPlayerWidth":0,"cardPlayerHeight":0,"cardPlayerStream":"","cardPlayerCodec":"","footnotes":""},"categories":[62,11],"tags":[317,99,342],"class_list":["post-24462","post","type-post","status-publish","format-standard","hentry","category-le-rouge-le-vert-hebdo","category-politique-locale","tag-bruit","tag-sante","tag-travail"],"_links":{"self":[{"href":"https:\/\/www.ades-grenoble.org\/wordpress\/wp-json\/wp\/v2\/posts\/24462","targetHints":{"allow":["GET"]}}],"collection":[{"href":"https:\/\/www.ades-grenoble.org\/wordpress\/wp-json\/wp\/v2\/posts"}],"about":[{"href":"https:\/\/www.ades-grenoble.org\/wordpress\/wp-json\/wp\/v2\/types\/post"}],"author":[{"embeddable":true,"href":"https:\/\/www.ades-grenoble.org\/wordpress\/wp-json\/wp\/v2\/users\/1"}],"replies":[{"embeddable":true,"href":"https:\/\/www.ades-grenoble.org\/wordpress\/wp-json\/wp\/v2\/comments?post=24462"}],"version-history":[{"count":1,"href":"https:\/\/www.ades-grenoble.org\/wordpress\/wp-json\/wp\/v2\/posts\/24462\/revisions"}],"predecessor-version":[{"id":24463,"href":"https:\/\/www.ades-grenoble.org\/wordpress\/wp-json\/wp\/v2\/posts\/24462\/revisions\/24463"}],"wp:attachment":[{"href":"https:\/\/www.ades-grenoble.org\/wordpress\/wp-json\/wp\/v2\/media?parent=24462"}],"wp:term":[{"taxonomy":"category","embeddable":true,"href":"https:\/\/www.ades-grenoble.org\/wordpress\/wp-json\/wp\/v2\/categories?post=24462"},{"taxonomy":"post_tag","embeddable":true,"href":"https:\/\/www.ades-grenoble.org\/wordpress\/wp-json\/wp\/v2\/tags?post=24462"}],"curies":[{"name":"wp","href":"https:\/\/api.w.org\/{rel}","templated":true}]}}