{"id":24464,"date":"2025-04-04T14:04:08","date_gmt":"2025-04-04T12:04:08","guid":{"rendered":"https:\/\/www.ades-grenoble.org\/wordpress\/?p=24464"},"modified":"2025-04-04T14:04:08","modified_gmt":"2025-04-04T12:04:08","slug":"politique-politicienne-330","status":"publish","type":"post","link":"https:\/\/www.ades-grenoble.org\/wordpress\/2025\/04\/04\/politique-politicienne-330\/","title":{"rendered":"Politique politicienne"},"content":{"rendered":"<div class=\"wp-block-image\">\n<figure class=\"alignleft size-full\"><img loading=\"lazy\" decoding=\"async\" width=\"200\" height=\"234\" src=\"https:\/\/www.ades-grenoble.org\/wordpress\/wp-content\/uploads\/2015\/01\/fou1.png\" alt=\"fou\" class=\"wp-image-9634\" srcset=\"https:\/\/www.ades-grenoble.org\/wordpress\/wp-content\/uploads\/2015\/01\/fou1.png 200w, https:\/\/www.ades-grenoble.org\/wordpress\/wp-content\/uploads\/2015\/01\/fou1-128x150.png 128w\" sizes=\"auto, (max-width: 200px) 100vw, 200px\" \/><\/figure>\n<\/div>\n\n\n<p>La condamnation en premi\u00e8re instance de Marine Le Pen est prononc\u00e9e pour enrichissement de son parti mais pas pour un enrichissement personnel. C\u2019est exactement l\u2019inverse de ce qui s\u2019est pass\u00e9 pour Carignon qui a essay\u00e9 d\u2019expliquer que ce qu\u2019il a fait c\u2019\u00e9tait pour financer ses activit\u00e9s politiques, mais la justice ne s\u2019est pas laiss\u00e9 prendre par ce discours, il a \u00e9t\u00e9 corrompu pour s\u2019enrichir personnellement. Ce dernier n\u2019a jamais reconnu ce fait, il pourrait donc r\u00e9cidiver. Les Grenobloises et Grenoblois devront s\u2019en rappeler en mars 2026, en lui refusant toute pr\u00e9tention \u00e0 revenir aux affaires.<\/p>\n\n\n\n<hr class=\"wp-block-separator has-alpha-channel-opacity\"\/>\n\n\n\n<p>Le 28 mars 2025, lors du d\u00e9bat budg\u00e9taire au d\u00e9partement de l\u2019Is\u00e8re, Simon Billouet expliquait la position du groupe UGES (Union de la gauche \u00e9cologiste et solidaire) sur le chapitre \u00e9ducation, notamment en ce qui concerne un soutien anachronique et toujours pouss\u00e9 au maximum, en augmentation de 30% cette ann\u00e9e, \u00e0 l&rsquo;investissement dans les coll\u00e8ges priv\u00e9s.&nbsp; Le pr\u00e9sident Barbier a alors reproch\u00e9 \u00e0 ce groupe de ne pas aller dans les coll\u00e8ges priv\u00e9s. Le groupe a alors fait remarquer au pr\u00e9sident qu\u2019ils avaient \u00e9t\u00e9 exclus de leurs conseils d&rsquo;administration&nbsp;! De mani\u00e8re tr\u00e8s subtile, le pr\u00e9sident a eu ces mots : \u00ab\u00a0<em>Vous savez, il faut exclure les m\u00e9cr\u00e9ants ! Vade retro !<\/em>\u00ab\u00a0, sous les rires goguenards de sa majorit\u00e9 dont le comportement est malheureusement tr\u00e8s irrespectueux et politicien.<\/p>\n\n\n\n<hr class=\"wp-block-separator has-alpha-channel-opacity\"\/>\n\n\n\n<p><a href=\"https:\/\/www.banquedesterritoires.fr\/rsa-les-presidents-de-droite-et-du-centre-refusent-dappliquer-la-hausse-de-17#:~:text=Les%20d%C3%A9partements%20dirig%C3%A9s%20par%20la%20droite%20et%20le,contre%20des%20d%C3%A9cisions%20de%20l%27%C3%89tat%20non%20compens%C3%A9es%20financi%C3%A8rement.\" data-type=\"link\" data-id=\"https:\/\/www.banquedesterritoires.fr\/rsa-les-presidents-de-droite-et-du-centre-refusent-dappliquer-la-hausse-de-17#:~:text=Les%20d%C3%A9partements%20dirig%C3%A9s%20par%20la%20droite%20et%20le,contre%20des%20d%C3%A9cisions%20de%20l%27%C3%89tat%20non%20compens%C3%A9es%20financi%C3%A8rement.\">Les D\u00e9partements de droite refusent de financer l\u2019augmentation du RSA au 1er avril<\/a>. Ces d\u00e9partements, comme l\u2019Is\u00e8re, s&rsquo;engagent \u00e0 ne pas verser \u00e0 la Caisse d\u2019Allocations Familiale l&rsquo;augmentation du RSA, pr\u00e9vue au 1<sup>er<\/sup> avril, \u00e9crivent-ils dans un communiqu\u00e9 diffus\u00e9 \u00e0 l&rsquo;issue d&rsquo;un s\u00e9minaire de travail organis\u00e9 les 25 et 26 mars \u00e0 Beauvais. Ces ex\u00e9cutifs d\u00e9partementaux refusent de payer toute d\u00e9pense nouvelle ou suppl\u00e9mentaire d\u00e9cid\u00e9e unilat\u00e9ralement par le gouvernement et non compens\u00e9e int\u00e9gralement.<strong> <\/strong>Mais ceci est impos\u00e9 par une loi, donc les d\u00e9partements, apr\u00e8s avoir boud\u00e9, et alors m\u00eame qu\u2019il s\u2019agit dans ce cas d\u2019une d\u00e9pense tr\u00e8s sociale, s\u2019ex\u00e9cuteront.<\/p>\n\n\n\n<p><\/p>\n","protected":false},"excerpt":{"rendered":"<p>La condamnation en premi\u00e8re instance de Marine Le Pen est prononc\u00e9e pour enrichissement de son parti mais pas pour un enrichissement personnel. C\u2019est exactement l\u2019inverse de ce qui s\u2019est pass\u00e9 pour Carignon qui a essay\u00e9 d\u2019expliquer que ce qu\u2019il a fait c\u2019\u00e9tait pour financer ses activit\u00e9s politiques, mais la justice ne s\u2019est pas laiss\u00e9 prendre [&hellip;]<\/p>\n","protected":false},"author":1,"featured_media":0,"comment_status":"closed","ping_status":"open","sticky":false,"template":"","format":"standard","meta":{"twitterCardType":"","cardImageID":0,"cardImage":"","cardTitle":"","cardDesc":"","cardImageAlt":"","cardPlayer":"","cardPlayerWidth":0,"cardPlayerHeight":0,"cardPlayerStream":"","cardPlayerCodec":"","footnotes":""},"categories":[62,11],"tags":[30,54],"class_list":["post-24464","post","type-post","status-publish","format-standard","hentry","category-le-rouge-le-vert-hebdo","category-politique-locale","tag-corrompu","tag-politique-droite-gauche"],"_links":{"self":[{"href":"https:\/\/www.ades-grenoble.org\/wordpress\/wp-json\/wp\/v2\/posts\/24464","targetHints":{"allow":["GET"]}}],"collection":[{"href":"https:\/\/www.ades-grenoble.org\/wordpress\/wp-json\/wp\/v2\/posts"}],"about":[{"href":"https:\/\/www.ades-grenoble.org\/wordpress\/wp-json\/wp\/v2\/types\/post"}],"author":[{"embeddable":true,"href":"https:\/\/www.ades-grenoble.org\/wordpress\/wp-json\/wp\/v2\/users\/1"}],"replies":[{"embeddable":true,"href":"https:\/\/www.ades-grenoble.org\/wordpress\/wp-json\/wp\/v2\/comments?post=24464"}],"version-history":[{"count":1,"href":"https:\/\/www.ades-grenoble.org\/wordpress\/wp-json\/wp\/v2\/posts\/24464\/revisions"}],"predecessor-version":[{"id":24465,"href":"https:\/\/www.ades-grenoble.org\/wordpress\/wp-json\/wp\/v2\/posts\/24464\/revisions\/24465"}],"wp:attachment":[{"href":"https:\/\/www.ades-grenoble.org\/wordpress\/wp-json\/wp\/v2\/media?parent=24464"}],"wp:term":[{"taxonomy":"category","embeddable":true,"href":"https:\/\/www.ades-grenoble.org\/wordpress\/wp-json\/wp\/v2\/categories?post=24464"},{"taxonomy":"post_tag","embeddable":true,"href":"https:\/\/www.ades-grenoble.org\/wordpress\/wp-json\/wp\/v2\/tags?post=24464"}],"curies":[{"name":"wp","href":"https:\/\/api.w.org\/{rel}","templated":true}]}}