{"id":24484,"date":"2025-04-11T07:01:37","date_gmt":"2025-04-11T05:01:37","guid":{"rendered":"https:\/\/www.ades-grenoble.org\/wordpress\/?p=24484"},"modified":"2025-04-10T21:55:53","modified_gmt":"2025-04-10T19:55:53","slug":"un-nouveau-media-le-journalpes","status":"publish","type":"post","link":"https:\/\/www.ades-grenoble.org\/wordpress\/2025\/04\/11\/un-nouveau-media-le-journalpes\/","title":{"rendered":"Un nouveau m\u00e9dia \u00ab\u00a0LE JOURN\u2019ALPES\u00a0\u00bb"},"content":{"rendered":"<div class=\"wp-block-image\">\n<figure class=\"alignleft size-full\"><img loading=\"lazy\" decoding=\"async\" width=\"380\" height=\"217\" src=\"https:\/\/www.ades-grenoble.org\/wordpress\/wp-content\/uploads\/2025\/04\/JournAlpes.jpg\" alt=\"\" class=\"wp-image-24485\" srcset=\"https:\/\/www.ades-grenoble.org\/wordpress\/wp-content\/uploads\/2025\/04\/JournAlpes.jpg 380w, https:\/\/www.ades-grenoble.org\/wordpress\/wp-content\/uploads\/2025\/04\/JournAlpes-300x171.jpg 300w, https:\/\/www.ades-grenoble.org\/wordpress\/wp-content\/uploads\/2025\/04\/JournAlpes-150x86.jpg 150w\" sizes=\"auto, (max-width: 380px) 100vw, 380px\" \/><\/figure>\n<\/div>\n\n\n<p>Dimanche 6 avril 2025 a \u00e9t\u00e9 publi\u00e9e la premi\u00e8re \u00e9dition du nouveau m\u00e9dia <strong>\u00ab&nbsp;LE&nbsp;J&nbsp;\u00bb<\/strong> dont l\u2019objectif est de d\u00e9livrer une information citoyenne, ind\u00e9pendante et locale, dans le p\u00e9rim\u00e8tre de l\u2019ancienne r\u00e9gion Rh\u00f4ne-Alpes. Il s\u2019agit d\u2019un journal vid\u00e9o.<\/p>\n\n\n\n<p>Les animateurs du \u00ab&nbsp;Journ\u2019Alpes&nbsp;\u00bb se sont r\u00e9unis au sein d\u2019un collectif de b\u00e9n\u00e9voles qui s\u2019engage \u00e0 promouvoir la vie d\u00e9mocratique dans notre r\u00e9gion, indissociable de la libert\u00e9 d\u2019expression et des principes fondamentaux.<\/p>\n\n\n\n<p><em>\u00ab&nbsp;Nous sommes persuad\u00e9-e-s que la diversit\u00e9 est source de compl\u00e9mentarit\u00e9 et non d\u2019exclusion, que les divergences doivent servir le d\u00e9bat et que l\u2019information ne peut cohabiter avec l\u2019uniforme et l\u2019uniformit\u00e9.<\/em><\/p>\n\n\n\n<p><em>Nous sommes attach\u00e9-e-s aux r\u00e8gles fondamentales qui permettent de vivre ensemble en restant fid\u00e8les au mot \u00ab\u00a0Libert\u00e9\u00a0\u00bb que la R\u00e9publique d\u00e9finit \u00e0 l\u2019article 4 de la <u><a href=\"https:\/\/www.conseil-constitutionnel.fr\/le-bloc-de-constitutionnalite\/declaration-des-droits-de-l-homme-et-du-citoyen-de-1789\" data-type=\"link\" data-id=\"https:\/\/www.conseil-constitutionnel.fr\/le-bloc-de-constitutionnalite\/declaration-des-droits-de-l-homme-et-du-citoyen-de-1789\">D\u00e9claration des droits de l\u2019Homme et du citoyen<\/a><\/u>\u00a0: \u00ab\u00a0La libert\u00e9 consiste \u00e0 pouvoir faire tout ce qui ne nuit pas \u00e0 autrui\u2026\u00a0\u00bb\u00a0; nous y ajoutons \u00ab\u00a0et \u00e0 l\u2019environnement\u00a0\u00bb comme nous y oblige la <u><a href=\"https:\/\/www.conseil-constitutionnel.fr\/le-bloc-de-constitutionnalite\/charte-de-l-environnement-de-2004\" data-type=\"link\" data-id=\"https:\/\/www.conseil-constitutionnel.fr\/le-bloc-de-constitutionnalite\/charte-de-l-environnement-de-2004\">Charte de l\u2019environnement<\/a><\/u><\/em>.<\/p>\n\n\n\n<!--more-->\n\n\n\n<p><em>Nous consid\u00e9rons l\u2019\u00e9galit\u00e9 comme le socle du \u00ab\u00a0vivre ensemble\u00a0\u00bb et nous r\u00e9f\u00e9rons au <u><a href=\"https:\/\/www.conseil-constitutionnel.fr\/le-bloc-de-constitutionnalite\/preambule-de-la-constitution-du-27-octobre-1946\" data-type=\"link\" data-id=\"https:\/\/www.conseil-constitutionnel.fr\/le-bloc-de-constitutionnalite\/preambule-de-la-constitution-du-27-octobre-1946\">Pr\u00e9ambule de la Constitution du 27 octobre 1946<\/a><\/u> notamment pour l\u2019\u00e9galit\u00e9 des droits des femmes et des hommes garantie d\u00e8s le troisi\u00e8me alin\u00e9a.<\/em><\/p>\n\n\n\n<p><em>La <u><a href=\"https:\/\/www.echr.coe.int\/documents\/d\/echr\/convention_FRA\" data-type=\"link\" data-id=\"https:\/\/www.echr.coe.int\/documents\/d\/echr\/convention_FRA\">Convention Europ\u00e9enne des Droits de l\u2019Homme<\/a><\/u> inspire \u00e9galement nos engagements ainsi que la <u><a href=\"https:\/\/www.europarl.europa.eu\/charter\/pdf\/text_fr.pdf\" data-type=\"link\" data-id=\"https:\/\/www.europarl.europa.eu\/charter\/pdf\/text_fr.pdf\">Charte des droits fondamentaux de l\u2019Union Europ\u00e9enne<\/a><\/u>.<\/em><\/p>\n\n\n\n<p><em>Nous sommes donc attach\u00e9-e-s \u00e0 l\u2019article 11 de la D\u00e9claration des droits de l\u2019Homme et du citoyen&nbsp;:<\/em><\/p>\n\n\n\n<p><em>\u00ab&nbsp;Art. 11. La libre communication des pens\u00e9es et des opinions est un des droits les plus pr\u00e9cieux de l&rsquo;Homme : tout Citoyen peut donc parler, \u00e9crire, imprimer librement, sauf \u00e0 r\u00e9pondre de l&rsquo;abus de cette libert\u00e9 dans les cas d\u00e9termin\u00e9s par la Loi.&nbsp;\u00bb<\/em><\/p>\n\n\n\n<p><em>A l\u2019article 11 de la Charte des droits fondamentaux de l\u2019Union Europ\u00e9enne&nbsp;:<\/em><\/p>\n\n\n\n<p><em>\u00ab&nbsp;Article 11&nbsp;: Libert\u00e9 d&rsquo;expression et d&rsquo;information<\/em><\/p>\n\n\n\n<p><em>1. Toute personne a droit \u00e0 la libert\u00e9 d&rsquo;expression. Ce droit comprend la libert\u00e9 d&rsquo;opinion et la libert\u00e9 de recevoir ou de communiquer des informations ou des id\u00e9es sans qu&rsquo;il puisse y avoir ing\u00e9rence d&rsquo;autorit\u00e9s publiques et sans consid\u00e9ration de fronti\u00e8res.<\/em><\/p>\n\n\n\n<p><em>2. La libert\u00e9 des m\u00e9dias et leur pluralisme sont respect\u00e9s.&nbsp;\u00bb<\/em><\/p>\n\n\n\n<p><em>Si vous partagez ces convictions, rejoignez-nous pour r\u00e9aliser ensemble Le Journ\u2019Alpes<\/em><\/p>\n\n\n\n<p>Contact&nbsp;: <a href=\"mailto:redaction@lejournalpes.fr\">redaction@lejournalpes.fr<\/a><\/p>\n\n\n\n<p>Pour acc\u00e9der aux vid\u00e9os, et s\u2019abonner\u00a0cliquer <a href=\"https:\/\/www.youtube.com\/@LeJournalpes\/videos\" data-type=\"link\" data-id=\"https:\/\/www.youtube.com\/@LeJournalpes\/videos\">ici<\/a>.<\/p>\n","protected":false},"excerpt":{"rendered":"<p>Dimanche 6 avril 2025 a \u00e9t\u00e9 publi\u00e9e la premi\u00e8re \u00e9dition du nouveau m\u00e9dia \u00ab&nbsp;LE&nbsp;J&nbsp;\u00bb dont l\u2019objectif est de d\u00e9livrer une information citoyenne, ind\u00e9pendante et locale, dans le p\u00e9rim\u00e8tre de l\u2019ancienne r\u00e9gion Rh\u00f4ne-Alpes. Il s\u2019agit d\u2019un journal vid\u00e9o. Les animateurs du \u00ab&nbsp;Journ\u2019Alpes&nbsp;\u00bb se sont r\u00e9unis au sein d\u2019un collectif de b\u00e9n\u00e9voles qui s\u2019engage \u00e0 promouvoir la [&hellip;]<\/p>\n","protected":false},"author":1,"featured_media":0,"comment_status":"closed","ping_status":"open","sticky":false,"template":"","format":"standard","meta":{"twitterCardType":"","cardImageID":0,"cardImage":"","cardTitle":"","cardDesc":"","cardImageAlt":"","cardPlayer":"","cardPlayerWidth":0,"cardPlayerHeight":0,"cardPlayerStream":"","cardPlayerCodec":"","footnotes":""},"categories":[62,11],"tags":[179,168],"class_list":["post-24484","post","type-post","status-publish","format-standard","hentry","category-le-rouge-le-vert-hebdo","category-politique-locale","tag-presse","tag-region"],"_links":{"self":[{"href":"https:\/\/www.ades-grenoble.org\/wordpress\/wp-json\/wp\/v2\/posts\/24484","targetHints":{"allow":["GET"]}}],"collection":[{"href":"https:\/\/www.ades-grenoble.org\/wordpress\/wp-json\/wp\/v2\/posts"}],"about":[{"href":"https:\/\/www.ades-grenoble.org\/wordpress\/wp-json\/wp\/v2\/types\/post"}],"author":[{"embeddable":true,"href":"https:\/\/www.ades-grenoble.org\/wordpress\/wp-json\/wp\/v2\/users\/1"}],"replies":[{"embeddable":true,"href":"https:\/\/www.ades-grenoble.org\/wordpress\/wp-json\/wp\/v2\/comments?post=24484"}],"version-history":[{"count":1,"href":"https:\/\/www.ades-grenoble.org\/wordpress\/wp-json\/wp\/v2\/posts\/24484\/revisions"}],"predecessor-version":[{"id":24486,"href":"https:\/\/www.ades-grenoble.org\/wordpress\/wp-json\/wp\/v2\/posts\/24484\/revisions\/24486"}],"wp:attachment":[{"href":"https:\/\/www.ades-grenoble.org\/wordpress\/wp-json\/wp\/v2\/media?parent=24484"}],"wp:term":[{"taxonomy":"category","embeddable":true,"href":"https:\/\/www.ades-grenoble.org\/wordpress\/wp-json\/wp\/v2\/categories?post=24484"},{"taxonomy":"post_tag","embeddable":true,"href":"https:\/\/www.ades-grenoble.org\/wordpress\/wp-json\/wp\/v2\/tags?post=24484"}],"curies":[{"name":"wp","href":"https:\/\/api.w.org\/{rel}","templated":true}]}}