{"id":24489,"date":"2025-04-11T07:03:03","date_gmt":"2025-04-11T05:03:03","guid":{"rendered":"https:\/\/www.ades-grenoble.org\/wordpress\/?p=24489"},"modified":"2025-04-10T21:56:56","modified_gmt":"2025-04-10T19:56:56","slug":"les-budgets-annexes-de-la-metro-pour-2025","status":"publish","type":"post","link":"https:\/\/www.ades-grenoble.org\/wordpress\/2025\/04\/11\/les-budgets-annexes-de-la-metro-pour-2025\/","title":{"rendered":"Les budgets annexes de la M\u00e9tro pour 2025"},"content":{"rendered":"<div class=\"wp-block-image\">\n<figure class=\"alignleft size-full\"><img loading=\"lazy\" decoding=\"async\" width=\"167\" height=\"158\" src=\"https:\/\/www.ades-grenoble.org\/wordpress\/wp-content\/uploads\/2008\/12\/tirelire.jpg\" alt=\"\" class=\"wp-image-350\"\/><\/figure>\n<\/div>\n\n\n<p>Le 4 avril 2025, le conseil de m\u00e9tropole a vot\u00e9 l\u2019ensemble des budgets 2025, \u00e0 savoir le budget principal et 10 budgets annexes. Les&nbsp;<strong>budgets annexes<\/strong>, distincts du budget principal, permettent d\u2019\u00e9tablir le co\u00fbt r\u00e9el d\u2019un service et de d\u00e9terminer avec pr\u00e9cision le prix \u00e0 payer par les seuls utilisateurs du service pour \u00e9quilibrer les comptes (les r\u00e8gles impos\u00e9es pour l\u2019\u00e9quilibre du budget principal sont valables pour tous les budgets annexes).<\/p>\n\n\n\n<p>Contrairement au budget principal, ils n\u2019ont pas \u00e9t\u00e9 atteints directement par la loi de finances nationale qui imposait \u00e0 la M\u00e9tro de faire environ 15 M\u20ac d\u2019\u00e9conomies en fonctionnement si elle voulait maintenir ses \u00e9pargnes et ses investissements. Mais certains budgets annexes ont d\u00fb \u00eatre adapt\u00e9s, l\u00e0 o\u00f9 il y avait habituellement une intervention du budget principal. C\u2019est le cas notamment pour l\u2019eau et l\u2019assainissement o\u00f9 l\u2019aide d\u2019environ 300 k\u20ac pour l\u2019allocation eau a \u00e9t\u00e9 supprim\u00e9e. D\u00e8s lors, les budgets annexes eau et assainissement ont \u00e9t\u00e9 contraints de reprendre cette d\u00e9pense \u00e0 leur compte.<\/p>\n\n\n\n<p>Parmi les 10 budgets annexes, 6 ont des recettes de fonctionnement d\u00e9passant les 5 M\u20ac.<\/p>\n\n\n\n<!--more-->\n\n\n\n<p>Le budget le plus important est celui de la collecte et traitement des d\u00e9chets o\u00f9 les recettes de fonctionnement d\u00e9passent les 90 M\u20ac. Il g\u00e8rela transformation des \u00e9quipements sur Murianette et sur Athanor, avec le nouveau centre de tri et le lancement de la construction du nouvel incin\u00e9rateur. D\u00e8s 2026 les investissements augmenteront de plus de 70% par rapport \u00e0 2025. C\u2019est pourquoi il y a augmentation d\u00e8s 2025 du taux de la TEOM qui passera de 8,50% \u00e0 8,80 %. Ce taux restera inf\u00e9rieur au taux moyen des autres EPCI.<\/p>\n\n\n\n<p>Les autres budgets annexes sont&nbsp;: r\u00e9seaux de chaleur&nbsp;; panneaux photovolta\u00efques&nbsp;; eau potable&nbsp;; assainissement&nbsp;; Gemapi&nbsp;; stationnement en ouvrage&nbsp;; locaux \u00e9conomiques&nbsp;; groupement ferm\u00e9 d\u2019utilisateurs et op\u00e9rations d\u2019am\u00e9nagement.<\/p>\n\n\n\n<p>Dans le tableau suivant, on trouve les chiffres pour les 6 budgets les plus importants&nbsp;: recettes r\u00e9elles de fonctionnement, d\u00e9penses de fonctionnement, d\u00e9penses d\u2019\u00e9quipement, \u00e9pargne brute, \u00e9pargne nette, capacit\u00e9 de d\u00e9sendettement et stock de la dette au 1<sup>er<\/sup> janvier 2025.<\/p>\n\n\n\n<figure class=\"wp-block-table is-style-stripes\"><table class=\"has-fixed-layout\"><tbody><tr><td>Budget annexe<\/td><td>Recettes fonct. M\u20ac<\/td><td>D\u00e9penses fonct. M\u20ac<\/td><td>D\u00e9penses \u00e9quipement M\u20ac<\/td><td>Epargne brute M\u20ac<\/td><td>Epargne nette M\u20ac<\/td><td>Capacit\u00e9 d\u00e9sendettement ann\u00e9es<\/td><td>Dette M\u20ac<\/td><\/tr><tr><td>D\u00e9chets<\/td><td>90,9<\/td><td>82,2<\/td><td>43,6<\/td><td>8,7<\/td><td>6,7<\/td><td>6,1<\/td><td>38,6<\/td><\/tr><tr><td>Eau<\/td><td>37,3<\/td><td>26,7<\/td><td>19,1<\/td><td>10,5<\/td><td>6,4<\/td><td>3,9<\/td><td>41,5<\/td><\/tr><tr><td>Assainissement<\/td><td>35,8<\/td><td>26<\/td><td>28,9<\/td><td>9,8<\/td><td>6,6<\/td><td>2,4<\/td><td>23,4<\/td><\/tr><tr><td>R\u00e9seau chaleur<\/td><td>6,8<\/td><td>2,5<\/td><td>6,5<\/td><td>4,4<\/td><td>1,5<\/td><td>9,6<\/td><td>42,2<\/td><\/tr><tr><td>Stationnement<\/td><td>6,4<\/td><td>3,1<\/td><td>1,6<\/td><td>3,2<\/td><td>0,5<\/td><td>8,4<\/td><td>27<\/td><\/tr><tr><td>Gemapi<\/td><td>5,2<\/td><td>4<\/td><td>3,8<\/td><td>1,2<\/td><td>1<\/td><td>1,4<\/td><td>1,9<\/td><\/tr><tr><td>Locaux \u00e9co<\/td><td>2,5<\/td><td>1,4<\/td><td>1,7<\/td><td>1<\/td><td>0,7<\/td><td>2<\/td><td>2,4<\/td><\/tr><\/tbody><\/table><\/figure>\n","protected":false},"excerpt":{"rendered":"<p>Le 4 avril 2025, le conseil de m\u00e9tropole a vot\u00e9 l\u2019ensemble des budgets 2025, \u00e0 savoir le budget principal et 10 budgets annexes. Les&nbsp;budgets annexes, distincts du budget principal, permettent d\u2019\u00e9tablir le co\u00fbt r\u00e9el d\u2019un service et de d\u00e9terminer avec pr\u00e9cision le prix \u00e0 payer par les seuls utilisateurs du service pour \u00e9quilibrer les comptes [&hellip;]<\/p>\n","protected":false},"author":1,"featured_media":0,"comment_status":"closed","ping_status":"open","sticky":false,"template":"","format":"standard","meta":{"twitterCardType":"","cardImageID":0,"cardImage":"","cardTitle":"","cardDesc":"","cardImageAlt":"","cardPlayer":"","cardPlayerWidth":0,"cardPlayerHeight":0,"cardPlayerStream":"","cardPlayerCodec":"","footnotes":""},"categories":[62,11],"tags":[203,270,292,158,232,104,280,170],"class_list":["post-24489","post","type-post","status-publish","format-standard","hentry","category-le-rouge-le-vert-hebdo","category-politique-locale","tag-assainissement","tag-budget","tag-chauffage","tag-dechets","tag-eau","tag-economie","tag-metropole","tag-stationnement"],"_links":{"self":[{"href":"https:\/\/www.ades-grenoble.org\/wordpress\/wp-json\/wp\/v2\/posts\/24489","targetHints":{"allow":["GET"]}}],"collection":[{"href":"https:\/\/www.ades-grenoble.org\/wordpress\/wp-json\/wp\/v2\/posts"}],"about":[{"href":"https:\/\/www.ades-grenoble.org\/wordpress\/wp-json\/wp\/v2\/types\/post"}],"author":[{"embeddable":true,"href":"https:\/\/www.ades-grenoble.org\/wordpress\/wp-json\/wp\/v2\/users\/1"}],"replies":[{"embeddable":true,"href":"https:\/\/www.ades-grenoble.org\/wordpress\/wp-json\/wp\/v2\/comments?post=24489"}],"version-history":[{"count":1,"href":"https:\/\/www.ades-grenoble.org\/wordpress\/wp-json\/wp\/v2\/posts\/24489\/revisions"}],"predecessor-version":[{"id":24490,"href":"https:\/\/www.ades-grenoble.org\/wordpress\/wp-json\/wp\/v2\/posts\/24489\/revisions\/24490"}],"wp:attachment":[{"href":"https:\/\/www.ades-grenoble.org\/wordpress\/wp-json\/wp\/v2\/media?parent=24489"}],"wp:term":[{"taxonomy":"category","embeddable":true,"href":"https:\/\/www.ades-grenoble.org\/wordpress\/wp-json\/wp\/v2\/categories?post=24489"},{"taxonomy":"post_tag","embeddable":true,"href":"https:\/\/www.ades-grenoble.org\/wordpress\/wp-json\/wp\/v2\/tags?post=24489"}],"curies":[{"name":"wp","href":"https:\/\/api.w.org\/{rel}","templated":true}]}}