{"id":24500,"date":"2025-04-11T07:08:34","date_gmt":"2025-04-11T05:08:34","guid":{"rendered":"https:\/\/www.ades-grenoble.org\/wordpress\/?p=24500"},"modified":"2025-04-10T21:59:21","modified_gmt":"2025-04-10T19:59:21","slug":"un-peu-de-lecture-pour-un-week-end-studieux-25","status":"publish","type":"post","link":"https:\/\/www.ades-grenoble.org\/wordpress\/2025\/04\/11\/un-peu-de-lecture-pour-un-week-end-studieux-25\/","title":{"rendered":"Un peu de lecture pour un week-end studieux"},"content":{"rendered":"<div class=\"wp-block-image\">\n<figure class=\"alignleft size-full\"><img loading=\"lazy\" decoding=\"async\" width=\"380\" height=\"393\" src=\"https:\/\/www.ades-grenoble.org\/wordpress\/wp-content\/uploads\/2024\/06\/GeantLecture.jpg\" alt=\"\" class=\"wp-image-23349\" srcset=\"https:\/\/www.ades-grenoble.org\/wordpress\/wp-content\/uploads\/2024\/06\/GeantLecture.jpg 380w, https:\/\/www.ades-grenoble.org\/wordpress\/wp-content\/uploads\/2024\/06\/GeantLecture-290x300.jpg 290w, https:\/\/www.ades-grenoble.org\/wordpress\/wp-content\/uploads\/2024\/06\/GeantLecture-145x150.jpg 145w\" sizes=\"auto, (max-width: 380px) 100vw, 380px\" \/><\/figure>\n<\/div>\n\n\n<p><strong>Dors ton sommeil de brute, <\/strong>Carole Martinez, Ed. Gallimard, 22 euros.&nbsp;<\/p>\n\n\n\n<hr class=\"wp-block-separator has-alpha-channel-opacity\"\/>\n\n\n\n<p><strong>La Sauvagi\u00e8re<\/strong> , Corinne Morel Darleux, Ed.Dalva, 17 euros.&nbsp;<\/p>\n\n\n\n<hr class=\"wp-block-separator has-alpha-channel-opacity\"\/>\n\n\n\n<p><strong>Agriculture industrielle, on arr\u00eate tout et on r\u00e9fl\u00e9chit<\/strong>, Jacques Caplat, Ed. Rue de l\u2019Echiquier, 13,90 euros<\/p>\n\n\n\n<hr class=\"wp-block-separator has-alpha-channel-opacity\"\/>\n\n\n\n<p><strong>Juger \u00e0 hauteur d\u2019homme<\/strong>, Jean-Pierre Getti, Ed.Michalon, 21 euros<\/p>\n","protected":false},"excerpt":{"rendered":"<p>Dors ton sommeil de brute, Carole Martinez, Ed. Gallimard, 22 euros.&nbsp; La Sauvagi\u00e8re , Corinne Morel Darleux, Ed.Dalva, 17 euros.&nbsp; Agriculture industrielle, on arr\u00eate tout et on r\u00e9fl\u00e9chit, Jacques Caplat, Ed. Rue de l\u2019Echiquier, 13,90 euros Juger \u00e0 hauteur d\u2019homme, Jean-Pierre Getti, Ed.Michalon, 21 euros<\/p>\n","protected":false},"author":1,"featured_media":0,"comment_status":"closed","ping_status":"open","sticky":false,"template":"","format":"standard","meta":{"twitterCardType":"","cardImageID":0,"cardImage":"","cardTitle":"","cardDesc":"","cardImageAlt":"","cardPlayer":"","cardPlayerWidth":0,"cardPlayerHeight":0,"cardPlayerStream":"","cardPlayerCodec":"","footnotes":""},"categories":[62,11],"tags":[353],"class_list":["post-24500","post","type-post","status-publish","format-standard","hentry","category-le-rouge-le-vert-hebdo","category-politique-locale","tag-lecture"],"_links":{"self":[{"href":"https:\/\/www.ades-grenoble.org\/wordpress\/wp-json\/wp\/v2\/posts\/24500","targetHints":{"allow":["GET"]}}],"collection":[{"href":"https:\/\/www.ades-grenoble.org\/wordpress\/wp-json\/wp\/v2\/posts"}],"about":[{"href":"https:\/\/www.ades-grenoble.org\/wordpress\/wp-json\/wp\/v2\/types\/post"}],"author":[{"embeddable":true,"href":"https:\/\/www.ades-grenoble.org\/wordpress\/wp-json\/wp\/v2\/users\/1"}],"replies":[{"embeddable":true,"href":"https:\/\/www.ades-grenoble.org\/wordpress\/wp-json\/wp\/v2\/comments?post=24500"}],"version-history":[{"count":1,"href":"https:\/\/www.ades-grenoble.org\/wordpress\/wp-json\/wp\/v2\/posts\/24500\/revisions"}],"predecessor-version":[{"id":24501,"href":"https:\/\/www.ades-grenoble.org\/wordpress\/wp-json\/wp\/v2\/posts\/24500\/revisions\/24501"}],"wp:attachment":[{"href":"https:\/\/www.ades-grenoble.org\/wordpress\/wp-json\/wp\/v2\/media?parent=24500"}],"wp:term":[{"taxonomy":"category","embeddable":true,"href":"https:\/\/www.ades-grenoble.org\/wordpress\/wp-json\/wp\/v2\/categories?post=24500"},{"taxonomy":"post_tag","embeddable":true,"href":"https:\/\/www.ades-grenoble.org\/wordpress\/wp-json\/wp\/v2\/tags?post=24500"}],"curies":[{"name":"wp","href":"https:\/\/api.w.org\/{rel}","templated":true}]}}