{"id":24502,"date":"2025-04-11T07:09:26","date_gmt":"2025-04-11T05:09:26","guid":{"rendered":"https:\/\/www.ades-grenoble.org\/wordpress\/?p=24502"},"modified":"2025-04-10T21:59:47","modified_gmt":"2025-04-10T19:59:47","slug":"agenda-291","status":"publish","type":"post","link":"https:\/\/www.ades-grenoble.org\/wordpress\/2025\/04\/11\/agenda-291\/","title":{"rendered":"Agenda"},"content":{"rendered":"<div class=\"wp-block-image\">\n<figure class=\"alignleft size-full\"><img loading=\"lazy\" decoding=\"async\" width=\"380\" height=\"319\" src=\"https:\/\/www.ades-grenoble.org\/wordpress\/wp-content\/uploads\/2025\/04\/Olivier_Le_Cour_Grandmaison_2015.jpg\" alt=\"\" class=\"wp-image-24503\" srcset=\"https:\/\/www.ades-grenoble.org\/wordpress\/wp-content\/uploads\/2025\/04\/Olivier_Le_Cour_Grandmaison_2015.jpg 380w, https:\/\/www.ades-grenoble.org\/wordpress\/wp-content\/uploads\/2025\/04\/Olivier_Le_Cour_Grandmaison_2015-300x252.jpg 300w, https:\/\/www.ades-grenoble.org\/wordpress\/wp-content\/uploads\/2025\/04\/Olivier_Le_Cour_Grandmaison_2015-150x126.jpg 150w\" sizes=\"auto, (max-width: 380px) 100vw, 380px\" \/><\/figure>\n<\/div>\n\n\n<p><strong>Mercredi 16 avril 2025, \u00e0 18h30, \u00e0 la Maison des Associations rencontre\/d\u00e9bat avec Olivier Lecour Grandmaison.<\/strong> A l&rsquo;occasion du 80<sup>\u00e8me<\/sup> anniversaire des massacres commis en Alg\u00e9rie le 8 mai 1945 \u00e0 S\u00e9tif, Guelma et Kherrata, le <em>collectif 17 octobre 1961-Is\u00e8re <\/em>invite Olivier Lecour Grandmaison qui est historien, sp\u00e9cialis\u00e9 dans l&rsquo;histoire coloniale, initiateur de la campagne pour la reconnaissance de ces massacres comme <em>\u00ab<\/em> crime contre l&rsquo;humanit\u00e9 <em>\u00bb<\/em>. Il interviendra sur le th\u00e8me : <em>\u00ab<\/em> L&rsquo;autre 8 mai 1945, un crime contre l&rsquo;humanit\u00e9 qui doit \u00eatre reconnu ! <em>\u00bb<\/em><\/p>\n","protected":false},"excerpt":{"rendered":"<p>Mercredi 16 avril 2025, \u00e0 18h30, \u00e0 la Maison des Associations rencontre\/d\u00e9bat avec Olivier Lecour Grandmaison. A l&rsquo;occasion du 80\u00e8me anniversaire des massacres commis en Alg\u00e9rie le 8 mai 1945 \u00e0 S\u00e9tif, Guelma et Kherrata, le collectif 17 octobre 1961-Is\u00e8re invite Olivier Lecour Grandmaison qui est historien, sp\u00e9cialis\u00e9 dans l&rsquo;histoire coloniale, initiateur de la campagne [&hellip;]<\/p>\n","protected":false},"author":1,"featured_media":0,"comment_status":"closed","ping_status":"open","sticky":false,"template":"","format":"standard","meta":{"twitterCardType":"","cardImageID":0,"cardImage":"","cardTitle":"","cardDesc":"","cardImageAlt":"","cardPlayer":"","cardPlayerWidth":0,"cardPlayerHeight":0,"cardPlayerStream":"","cardPlayerCodec":"","footnotes":""},"categories":[62,11],"tags":[125],"class_list":["post-24502","post","type-post","status-publish","format-standard","hentry","category-le-rouge-le-vert-hebdo","category-politique-locale","tag-agenda"],"_links":{"self":[{"href":"https:\/\/www.ades-grenoble.org\/wordpress\/wp-json\/wp\/v2\/posts\/24502","targetHints":{"allow":["GET"]}}],"collection":[{"href":"https:\/\/www.ades-grenoble.org\/wordpress\/wp-json\/wp\/v2\/posts"}],"about":[{"href":"https:\/\/www.ades-grenoble.org\/wordpress\/wp-json\/wp\/v2\/types\/post"}],"author":[{"embeddable":true,"href":"https:\/\/www.ades-grenoble.org\/wordpress\/wp-json\/wp\/v2\/users\/1"}],"replies":[{"embeddable":true,"href":"https:\/\/www.ades-grenoble.org\/wordpress\/wp-json\/wp\/v2\/comments?post=24502"}],"version-history":[{"count":1,"href":"https:\/\/www.ades-grenoble.org\/wordpress\/wp-json\/wp\/v2\/posts\/24502\/revisions"}],"predecessor-version":[{"id":24504,"href":"https:\/\/www.ades-grenoble.org\/wordpress\/wp-json\/wp\/v2\/posts\/24502\/revisions\/24504"}],"wp:attachment":[{"href":"https:\/\/www.ades-grenoble.org\/wordpress\/wp-json\/wp\/v2\/media?parent=24502"}],"wp:term":[{"taxonomy":"category","embeddable":true,"href":"https:\/\/www.ades-grenoble.org\/wordpress\/wp-json\/wp\/v2\/categories?post=24502"},{"taxonomy":"post_tag","embeddable":true,"href":"https:\/\/www.ades-grenoble.org\/wordpress\/wp-json\/wp\/v2\/tags?post=24502"}],"curies":[{"name":"wp","href":"https:\/\/api.w.org\/{rel}","templated":true}]}}