{"id":2451,"date":"2010-10-22T21:55:00","date_gmt":"2010-10-22T19:55:00","guid":{"rendered":"http:\/\/www.ades-grenoble.org\/wordpress\/?p=2451"},"modified":"2010-11-07T00:17:03","modified_gmt":"2010-11-06T22:17:03","slug":"gf-38-des-elus-de-grenoble-mettent-le-doigt-dans-l%e2%80%99index","status":"publish","type":"post","link":"https:\/\/www.ades-grenoble.org\/wordpress\/2010\/10\/22\/gf-38-des-elus-de-grenoble-mettent-le-doigt-dans-l%e2%80%99index\/","title":{"rendered":"GF 38, des \u00e9lus de Grenoble mettent le doigt dans l\u2019Index"},"content":{"rendered":"<p><strong>La ville de Grenoble serait-elle appel\u00e9e pour ce qui n\u2019est pas de sa comp\u00e9tence\u00a0?<\/strong><\/p>\n<p>Le mardi 19 octobre, le Dauphin\u00e9 Lib\u00e9r\u00e9 rend compte d\u2019une interview de l\u2019adjoint au maire A. Pilaud \u00e0 propos de l\u2019avenir de la soci\u00e9t\u00e9 priv\u00e9e GF38.<\/p>\n<p>On y apprend que l\u2019actionnaire japonais Index ne serait plus oppos\u00e9 \u00e0 une ouverture du capital.<\/p>\n<p>Il faut rappeler que le sport amateur est reconnu d\u2019int\u00e9r\u00eat g\u00e9n\u00e9ral par la loi et qu\u2019en cons\u00e9quence une commune peut participer \u00e0 son d\u00e9veloppement et lui apporter des subventions. Par contre la loi interdit \u00e0 une collectivit\u00e9 publique d\u2019apporter une aide \u00e0 un club sportif professionnel qui est un organisateur de spectacle sportif, activit\u00e9 qui n\u2019est pas reconnue d\u2019int\u00e9r\u00eat g\u00e9n\u00e9ral. Cela n\u2019a pas l\u2019air de g\u00eaner l\u2019adjoint au maire, ni d\u2019ailleurs le maire, qui apportent une aide claire \u00e0 cette entreprise priv\u00e9e jusqu\u2019\u00e0 s\u2019ing\u00e9rer dans sa mutation.<\/p>\n<p><em>\u00ab\u00a0La ville ne se d\u00e9sint\u00e9resse pas du tout du foot et veut devenir, l\u2019acteur principal des mutations du club.\u00a0Les ann\u00e9es pr\u00e9c\u00e9dentes nous \u00e9tions d\u00e9j\u00e0 intervenus discr\u00e8tement notamment pour qu\u2019Index respecte ses engagements aupr\u00e8s de la DNCG. On est le sherpa du sauvetage et de l\u2019\u00e9volution du club. On a certes aucune l\u00e9gitimit\u00e9. Mais on a l\u2019histoire, le stade et la connaissance de l\u2019ensemble des r\u00e9seaux pour nous\u00a0\u00bb.<\/em> Pr\u00e9cision, le stade fait partie du domaine public de la M\u00e9tro et non de la ville, la M\u00e9tro appr\u00e9ciera cet accaparement de la Ville de Grenoble.<\/p>\n<p><em>\u00ab\u00a0Nous avons beaucoup travaill\u00e9 avec les dirigeants du GF38 et d\u2019Index pour que le club ne se trouve pas en cessation de paiement. Avec un certain nombre d\u2019employ\u00e9s fid\u00e8les nous avons donc travaill\u00e9 \u00e0 faire rentrer des recettes sur des choses dues.\u00a0\u00bb<\/em> Si la Ville pouvait avoir la m\u00eame sollicitude avec les associations qui interviennent dans l\u2019action sociale\u2026<\/p>\n<p><!--more-->\u00ab\u00a0<em>Nous disposons de plusieurs propositions de repreneurs\u2026 Ils sont pr\u00eats \u00e0 discuter avec Index de l\u2019\u00e9valuation du passif et du passage de la gouvernance du club.\u00a0\u00bb<\/em><\/p>\n<p>La Ville et le maire sont m\u00eame pr\u00eats \u00e0 s\u2019impliquer dans la politique sportive et \u00e0 l\u2019embauche des joueurs\u00a0<em>! \u00ab\u00a0D\u00e8s qu\u2019on aura une plus grande visibilit\u00e9 en tr\u00e9sorerie et en bilan, on pensera \u00e0 embaucher des ch\u00f4meurs. Puis il faudra pr\u00e9voir de renforcer certaines lignes lors du mercato hivernal. On fait pour cela confiance au dynamisme d\u2019Yvon Pouliquen, l\u2019entraineur. Il peut faire partie de l\u2019avenir du club. Le maire lui a r\u00e9cemment affirm\u00e9\u00a0\u00bb.<\/em><\/p>\n<p>Bien s\u00fbr tout ceci \u00e9chappe au Conseil municipal et fait partie des petits arrangements du maire et de son adjoint. Vive la d\u00e9mocratie locale.<\/p>\n<p>Et l\u2019interview se termine\u00a0: <em>\u00ab\u00a0Il faut une \u00e9volution de la gestion du stade. Il faut que celle-ci soit suffisamment attractive pour les nouveaux actionnaires\u00a0\u00bb\u00a0!<\/em> Faudrait-il comprendre que le loyer devrait \u00eatre encore moins cher alors qu\u2019il ne couvre pas les frais r\u00e9els de fonctionnement du stade ? Encore du gaspillage d\u2019argent public en perspective.<\/p>\n<p>Quant aux nouveaux actionnaires du GF38, \u00e0 chacun de deviner\u00a0: Vinci, Vicat, Bouygues, V\u00e9olia, Sodexho, Suez Lyonnaise des eaux, Tapie, B\u00e9tancourt, \u2026\u00a0?<\/p>\n","protected":false},"excerpt":{"rendered":"<p>La ville de Grenoble serait-elle appel\u00e9e pour ce qui n\u2019est pas de sa comp\u00e9tence\u00a0? Le mardi 19 octobre, le Dauphin\u00e9 Lib\u00e9r\u00e9 rend compte d\u2019une interview de l\u2019adjoint au maire A. Pilaud \u00e0 propos de l\u2019avenir de la soci\u00e9t\u00e9 priv\u00e9e GF38. On y apprend que l\u2019actionnaire japonais Index ne serait plus oppos\u00e9 \u00e0 une ouverture du [&hellip;]<\/p>\n","protected":false},"author":1,"featured_media":0,"comment_status":"closed","ping_status":"open","sticky":false,"template":"","format":"standard","meta":{"twitterCardType":"","cardImageID":0,"cardImage":"","cardTitle":"","cardDesc":"","cardImageAlt":"","cardPlayer":"","cardPlayerWidth":0,"cardPlayerHeight":0,"cardPlayerStream":"","cardPlayerCodec":"","footnotes":""},"categories":[62,16],"tags":[233],"class_list":["post-2451","post","type-post","status-publish","format-standard","hentry","category-le-rouge-le-vert-hebdo","category-stade","tag-stade"],"_links":{"self":[{"href":"https:\/\/www.ades-grenoble.org\/wordpress\/wp-json\/wp\/v2\/posts\/2451","targetHints":{"allow":["GET"]}}],"collection":[{"href":"https:\/\/www.ades-grenoble.org\/wordpress\/wp-json\/wp\/v2\/posts"}],"about":[{"href":"https:\/\/www.ades-grenoble.org\/wordpress\/wp-json\/wp\/v2\/types\/post"}],"author":[{"embeddable":true,"href":"https:\/\/www.ades-grenoble.org\/wordpress\/wp-json\/wp\/v2\/users\/1"}],"replies":[{"embeddable":true,"href":"https:\/\/www.ades-grenoble.org\/wordpress\/wp-json\/wp\/v2\/comments?post=2451"}],"version-history":[{"count":5,"href":"https:\/\/www.ades-grenoble.org\/wordpress\/wp-json\/wp\/v2\/posts\/2451\/revisions"}],"predecessor-version":[{"id":2468,"href":"https:\/\/www.ades-grenoble.org\/wordpress\/wp-json\/wp\/v2\/posts\/2451\/revisions\/2468"}],"wp:attachment":[{"href":"https:\/\/www.ades-grenoble.org\/wordpress\/wp-json\/wp\/v2\/media?parent=2451"}],"wp:term":[{"taxonomy":"category","embeddable":true,"href":"https:\/\/www.ades-grenoble.org\/wordpress\/wp-json\/wp\/v2\/categories?post=2451"},{"taxonomy":"post_tag","embeddable":true,"href":"https:\/\/www.ades-grenoble.org\/wordpress\/wp-json\/wp\/v2\/tags?post=2451"}],"curies":[{"name":"wp","href":"https:\/\/api.w.org\/{rel}","templated":true}]}}