{"id":24512,"date":"2025-04-18T11:28:43","date_gmt":"2025-04-18T09:28:43","guid":{"rendered":"https:\/\/www.ades-grenoble.org\/wordpress\/?p=24512"},"modified":"2025-04-18T11:28:43","modified_gmt":"2025-04-18T09:28:43","slug":"politique-politicienne-331","status":"publish","type":"post","link":"https:\/\/www.ades-grenoble.org\/wordpress\/2025\/04\/18\/politique-politicienne-331\/","title":{"rendered":"Politique politicienne"},"content":{"rendered":"<div class=\"wp-block-image\">\n<figure class=\"alignleft size-full\"><img loading=\"lazy\" decoding=\"async\" width=\"200\" height=\"234\" src=\"https:\/\/www.ades-grenoble.org\/wordpress\/wp-content\/uploads\/2015\/01\/fou1.png\" alt=\"fou\" class=\"wp-image-9634\" srcset=\"https:\/\/www.ades-grenoble.org\/wordpress\/wp-content\/uploads\/2015\/01\/fou1.png 200w, https:\/\/www.ades-grenoble.org\/wordpress\/wp-content\/uploads\/2015\/01\/fou1-128x150.png 128w\" sizes=\"auto, (max-width: 200px) 100vw, 200px\" \/><\/figure>\n<\/div>\n\n\n<p><a href=\"https:\/\/www.mediapart.fr\/journal\/international\/140425\/un-porte-parole-de-marine-le-pen-en-2022-etait-lui-aussi-paye-par-le-parlement-europeen\" data-type=\"link\" data-id=\"https:\/\/www.mediapart.fr\/journal\/international\/140425\/un-porte-parole-de-marine-le-pen-en-2022-etait-lui-aussi-paye-par-le-parlement-europeen\">Un porte-parole de Marine Le Pen en 2022 \u00e9tait lui aussi pay\u00e9 par le Parlement europ\u00e9en<\/a>. Comme quoi le risque de r\u00e9cidive \u00e9tait tr\u00e8s pr\u00e9sent. Le parti d\u2019extr\u00eame droite a \u00e9t\u00e9 condamn\u00e9 pour son \u00ab\u00a0syst\u00e8me\u00a0\u00bb d\u2019assistants fictifs mis en place jusqu\u2019en 2016. Mais selon les informations de Mediapart, Andr\u00e9a Kotarac (conseiller r\u00e9gional RN) a \u00e9t\u00e9 illicitement le porte-parole de la candidate du RN lors de la derni\u00e8re campagne pr\u00e9sidentielle. Le contrat d\u2019assistant parlementaire accr\u00e9dit\u00e9 d\u2019Andr\u00e9a Kotarac est un contrat \u00e0 temps partiel \u00e0 trois quarts temps, r\u00e9mun\u00e9r\u00e9 selon la grille du Parlement europ\u00e9en au moins 3\u00a0750 euros brut par mois (environ 5\u00a0000 euros s\u2019il avait \u00e9t\u00e9 \u00e0 temps plein). L\u2019assistant doit donc en th\u00e9orie consacrer 75\u00a0% de son temps \u00e0 son d\u00e9put\u00e9-employeur. Ce temps de travail, l\u2019assistant doit l\u2019effectuer \u00e0 Bruxelles, Strasbourg ou au Luxembourg. Cette obligation contractuelle est indiqu\u00e9e dans <em>le \u00ab\u00a0r\u00e9gime des r\u00e8gles applicables aux fonctionnaires et autres agents\u00a0\u00bb,<\/em> qui cadre les activit\u00e9s des assistants parlementaires accr\u00e9dit\u00e9s. Ce r\u00e9gime pr\u00e9voit une possibilit\u00e9 de s&rsquo;engager dans une campagne \u00e9lectorale sous condition d&rsquo;une demande pr\u00e9alable obligatoire et si l&rsquo;activit\u00e9 reste modeste. Andr\u00e9a Kotarac n&rsquo;a pas fait cette demande. La justice devrait \u00eatre saisie.<\/p>\n\n\n\n<hr class=\"wp-block-separator has-alpha-channel-opacity\"\/>\n\n\n\n<p><a href=\"https:\/\/www.mediacites.fr\/enquete\/lyon\/2025\/04\/08\/le-puy%e2%80%90paris-la-ligne-aerienne-du-fief-de-laurent-wauquiez-sauvee-avec-largent-de-la-region\/\" data-type=\"link\" data-id=\"https:\/\/www.mediacites.fr\/enquete\/lyon\/2025\/04\/08\/le-puy%e2%80%90paris-la-ligne-aerienne-du-fief-de-laurent-wauquiez-sauvee-avec-largent-de-la-region\/\">La ligne a\u00e9rienne, le Puy en Velay-Paris, du fief de Laurent Wauquiez, a \u00e9t\u00e9 sauv\u00e9e avec l\u2019argent des contribuables de la R\u00e9gion<\/a>. Cette ligne est ultra d\u00e9ficitaire depuis des ann\u00e9es, la liaison entre la pr\u00e9fecture de Haute-Loire et l&rsquo;a\u00e9roport d&rsquo;Orly a \u00e9t\u00e9 r\u00e9tablie apr\u00e8s l\u2019\u00e9lection de l\u2019ex-pr\u00e9sident d\u2019Auvergne-Rh\u00f4ne-Alpes \u00e0 l\u2019Assembl\u00e9e nationale. Pour permettre le maintien Le Puy-Orly le conseil r\u00e9gional a plus que doubl\u00e9 son financement pour le porter \u00e0 1 million d&rsquo;euros\u00a0! La compagnie a\u00e9rienne Twin Jet assure l\u2019exploitation des trajets depuis 2016. Une d\u00e9cision prise le 28 mars 2025 par la commission permanente du conseil r\u00e9gional.<\/p>\n","protected":false},"excerpt":{"rendered":"<p>Un porte-parole de Marine Le Pen en 2022 \u00e9tait lui aussi pay\u00e9 par le Parlement europ\u00e9en. Comme quoi le risque de r\u00e9cidive \u00e9tait tr\u00e8s pr\u00e9sent. Le parti d\u2019extr\u00eame droite a \u00e9t\u00e9 condamn\u00e9 pour son \u00ab\u00a0syst\u00e8me\u00a0\u00bb d\u2019assistants fictifs mis en place jusqu\u2019en 2016. Mais selon les informations de Mediapart, Andr\u00e9a Kotarac (conseiller r\u00e9gional RN) a \u00e9t\u00e9 [&hellip;]<\/p>\n","protected":false},"author":1,"featured_media":0,"comment_status":"closed","ping_status":"open","sticky":false,"template":"","format":"standard","meta":{"twitterCardType":"","cardImageID":0,"cardImage":"","cardTitle":"","cardDesc":"","cardImageAlt":"","cardPlayer":"","cardPlayerWidth":0,"cardPlayerHeight":0,"cardPlayerStream":"","cardPlayerCodec":"","footnotes":""},"categories":[62,11],"tags":[54],"class_list":["post-24512","post","type-post","status-publish","format-standard","hentry","category-le-rouge-le-vert-hebdo","category-politique-locale","tag-politique-droite-gauche"],"_links":{"self":[{"href":"https:\/\/www.ades-grenoble.org\/wordpress\/wp-json\/wp\/v2\/posts\/24512","targetHints":{"allow":["GET"]}}],"collection":[{"href":"https:\/\/www.ades-grenoble.org\/wordpress\/wp-json\/wp\/v2\/posts"}],"about":[{"href":"https:\/\/www.ades-grenoble.org\/wordpress\/wp-json\/wp\/v2\/types\/post"}],"author":[{"embeddable":true,"href":"https:\/\/www.ades-grenoble.org\/wordpress\/wp-json\/wp\/v2\/users\/1"}],"replies":[{"embeddable":true,"href":"https:\/\/www.ades-grenoble.org\/wordpress\/wp-json\/wp\/v2\/comments?post=24512"}],"version-history":[{"count":1,"href":"https:\/\/www.ades-grenoble.org\/wordpress\/wp-json\/wp\/v2\/posts\/24512\/revisions"}],"predecessor-version":[{"id":24513,"href":"https:\/\/www.ades-grenoble.org\/wordpress\/wp-json\/wp\/v2\/posts\/24512\/revisions\/24513"}],"wp:attachment":[{"href":"https:\/\/www.ades-grenoble.org\/wordpress\/wp-json\/wp\/v2\/media?parent=24512"}],"wp:term":[{"taxonomy":"category","embeddable":true,"href":"https:\/\/www.ades-grenoble.org\/wordpress\/wp-json\/wp\/v2\/categories?post=24512"},{"taxonomy":"post_tag","embeddable":true,"href":"https:\/\/www.ades-grenoble.org\/wordpress\/wp-json\/wp\/v2\/tags?post=24512"}],"curies":[{"name":"wp","href":"https:\/\/api.w.org\/{rel}","templated":true}]}}