{"id":2454,"date":"2010-10-22T21:56:14","date_gmt":"2010-10-22T19:56:14","guid":{"rendered":"http:\/\/www.ades-grenoble.org\/wordpress\/?p=2454"},"modified":"2010-11-07T00:16:58","modified_gmt":"2010-11-06T22:16:58","slug":"hebergement-durgence-letat-nassume-pas-ses-responsabilites","status":"publish","type":"post","link":"https:\/\/www.ades-grenoble.org\/wordpress\/2010\/10\/22\/hebergement-durgence-letat-nassume-pas-ses-responsabilites\/","title":{"rendered":"H\u00e9bergement d\u2019urgence, l\u2019Etat n\u2019assume pas ses responsabilit\u00e9s"},"content":{"rendered":"<p>A juste titre le d\u00e9partement, soutenu par le CCAS de Grenoble, proteste contre l&rsquo;inaction de l&rsquo;Etat face aux demandes pressantes d&rsquo;h\u00e9bergement d&rsquo;urgence, surtout devant le froid qui arrive. L&rsquo;Etat engage des moyens tr\u00e8s insuffisants \u00e0 ce sujet alors que les demandes augmentent fortement suite \u00e0 la d\u00e9cision de faire de Grenoble un des centres de d\u00e9p\u00f4t des demandes d&rsquo;asile. Le d\u00e9blocage des fonds pourrait permettre la mise en place de locaux d&rsquo;urgence pour r\u00e9pondre \u00e0 la situation dramatique de nombreuses familles.<\/p>\n","protected":false},"excerpt":{"rendered":"<p>A juste titre le d\u00e9partement, soutenu par le CCAS de Grenoble, proteste contre l&rsquo;inaction de l&rsquo;Etat face aux demandes pressantes d&rsquo;h\u00e9bergement d&rsquo;urgence, surtout devant le froid qui arrive. L&rsquo;Etat engage des moyens tr\u00e8s insuffisants \u00e0 ce sujet alors que les demandes augmentent fortement suite \u00e0 la d\u00e9cision de faire de Grenoble un des centres de [&hellip;]<\/p>\n","protected":false},"author":1,"featured_media":0,"comment_status":"closed","ping_status":"open","sticky":false,"template":"","format":"standard","meta":{"twitterCardType":"","cardImageID":0,"cardImage":"","cardTitle":"","cardDesc":"","cardImageAlt":"","cardPlayer":"","cardPlayerWidth":0,"cardPlayerHeight":0,"cardPlayerStream":"","cardPlayerCodec":"","footnotes":""},"categories":[62],"tags":[53,33],"class_list":["post-2454","post","type-post","status-publish","format-standard","hentry","category-le-rouge-le-vert-hebdo","tag-droits-des-etrangers","tag-social"],"_links":{"self":[{"href":"https:\/\/www.ades-grenoble.org\/wordpress\/wp-json\/wp\/v2\/posts\/2454","targetHints":{"allow":["GET"]}}],"collection":[{"href":"https:\/\/www.ades-grenoble.org\/wordpress\/wp-json\/wp\/v2\/posts"}],"about":[{"href":"https:\/\/www.ades-grenoble.org\/wordpress\/wp-json\/wp\/v2\/types\/post"}],"author":[{"embeddable":true,"href":"https:\/\/www.ades-grenoble.org\/wordpress\/wp-json\/wp\/v2\/users\/1"}],"replies":[{"embeddable":true,"href":"https:\/\/www.ades-grenoble.org\/wordpress\/wp-json\/wp\/v2\/comments?post=2454"}],"version-history":[{"count":3,"href":"https:\/\/www.ades-grenoble.org\/wordpress\/wp-json\/wp\/v2\/posts\/2454\/revisions"}],"predecessor-version":[{"id":2604,"href":"https:\/\/www.ades-grenoble.org\/wordpress\/wp-json\/wp\/v2\/posts\/2454\/revisions\/2604"}],"wp:attachment":[{"href":"https:\/\/www.ades-grenoble.org\/wordpress\/wp-json\/wp\/v2\/media?parent=2454"}],"wp:term":[{"taxonomy":"category","embeddable":true,"href":"https:\/\/www.ades-grenoble.org\/wordpress\/wp-json\/wp\/v2\/categories?post=2454"},{"taxonomy":"post_tag","embeddable":true,"href":"https:\/\/www.ades-grenoble.org\/wordpress\/wp-json\/wp\/v2\/tags?post=2454"}],"curies":[{"name":"wp","href":"https:\/\/api.w.org\/{rel}","templated":true}]}}