{"id":24556,"date":"2025-04-25T12:25:10","date_gmt":"2025-04-25T10:25:10","guid":{"rendered":"https:\/\/www.ades-grenoble.org\/wordpress\/?p=24556"},"modified":"2025-04-25T12:25:10","modified_gmt":"2025-04-25T10:25:10","slug":"agenda-292","status":"publish","type":"post","link":"https:\/\/www.ades-grenoble.org\/wordpress\/2025\/04\/25\/agenda-292\/","title":{"rendered":"Agenda"},"content":{"rendered":"<div class=\"wp-block-image\">\n<figure class=\"alignleft size-full\"><img loading=\"lazy\" decoding=\"async\" width=\"380\" height=\"253\" src=\"https:\/\/www.ades-grenoble.org\/wordpress\/wp-content\/uploads\/2021\/05\/Ho\u0302tel_de_Lesdiguie\u0300res.jpg\" alt=\"\" class=\"wp-image-18740\" srcset=\"https:\/\/www.ades-grenoble.org\/wordpress\/wp-content\/uploads\/2021\/05\/Ho\u0302tel_de_Lesdiguie\u0300res.jpg 380w, https:\/\/www.ades-grenoble.org\/wordpress\/wp-content\/uploads\/2021\/05\/Ho\u0302tel_de_Lesdiguie\u0300res-150x100.jpg 150w, https:\/\/www.ades-grenoble.org\/wordpress\/wp-content\/uploads\/2021\/05\/Ho\u0302tel_de_Lesdiguie\u0300res-300x200.jpg 300w\" sizes=\"auto, (max-width: 380px) 100vw, 380px\" \/><\/figure>\n<\/div>\n\n\n<p><strong>Samedi 26 avril de 19 h \u00e0 21 h \u00e0 la Maison Internationale Grenoble, <\/strong>1 rue Hector Berlioz. <a href=\"https:\/\/www.grenoble.fr\/uploads\/Presse\/pse_fichier\/0c\/2128_766_Invitation-Mouvement-des-clubs-accueillants.pdf\" data-type=\"link\" data-id=\"https:\/\/www.grenoble.fr\/uploads\/Presse\/pse_fichier\/0c\/2128_766_Invitation-Mouvement-des-clubs-accueillants.pdf\">Lancement du mouvement des clubs sportifs accueillants \u00e0 Grenoble<\/a> : lever les barri\u00e8res d\u2019acc\u00e8s au sport et lutter contre les discriminations.<\/p>\n\n\n\n<hr class=\"wp-block-separator has-alpha-channel-opacity\"\/>\n\n\n\n<p><strong>Dernier week-end de l\u2019exposition Banksy \u00e0 la Salle des F\u00eates d\u2019Echirolles. <\/strong>Dernier jour dimanche 27 avril 2025, de 11h00 \u00e0 19h00<strong>.<\/strong><\/p>\n","protected":false},"excerpt":{"rendered":"<p>Samedi 26 avril de 19 h \u00e0 21 h \u00e0 la Maison Internationale Grenoble, 1 rue Hector Berlioz. Lancement du mouvement des clubs sportifs accueillants \u00e0 Grenoble : lever les barri\u00e8res d\u2019acc\u00e8s au sport et lutter contre les discriminations. Dernier week-end de l\u2019exposition Banksy \u00e0 la Salle des F\u00eates d\u2019Echirolles. Dernier jour dimanche 27 avril [&hellip;]<\/p>\n","protected":false},"author":1,"featured_media":0,"comment_status":"closed","ping_status":"open","sticky":false,"template":"","format":"standard","meta":{"twitterCardType":"","cardImageID":0,"cardImage":"","cardTitle":"","cardDesc":"","cardImageAlt":"","cardPlayer":"","cardPlayerWidth":0,"cardPlayerHeight":0,"cardPlayerStream":"","cardPlayerCodec":"","footnotes":""},"categories":[62,11],"tags":[125],"class_list":["post-24556","post","type-post","status-publish","format-standard","hentry","category-le-rouge-le-vert-hebdo","category-politique-locale","tag-agenda"],"_links":{"self":[{"href":"https:\/\/www.ades-grenoble.org\/wordpress\/wp-json\/wp\/v2\/posts\/24556","targetHints":{"allow":["GET"]}}],"collection":[{"href":"https:\/\/www.ades-grenoble.org\/wordpress\/wp-json\/wp\/v2\/posts"}],"about":[{"href":"https:\/\/www.ades-grenoble.org\/wordpress\/wp-json\/wp\/v2\/types\/post"}],"author":[{"embeddable":true,"href":"https:\/\/www.ades-grenoble.org\/wordpress\/wp-json\/wp\/v2\/users\/1"}],"replies":[{"embeddable":true,"href":"https:\/\/www.ades-grenoble.org\/wordpress\/wp-json\/wp\/v2\/comments?post=24556"}],"version-history":[{"count":1,"href":"https:\/\/www.ades-grenoble.org\/wordpress\/wp-json\/wp\/v2\/posts\/24556\/revisions"}],"predecessor-version":[{"id":24557,"href":"https:\/\/www.ades-grenoble.org\/wordpress\/wp-json\/wp\/v2\/posts\/24556\/revisions\/24557"}],"wp:attachment":[{"href":"https:\/\/www.ades-grenoble.org\/wordpress\/wp-json\/wp\/v2\/media?parent=24556"}],"wp:term":[{"taxonomy":"category","embeddable":true,"href":"https:\/\/www.ades-grenoble.org\/wordpress\/wp-json\/wp\/v2\/categories?post=24556"},{"taxonomy":"post_tag","embeddable":true,"href":"https:\/\/www.ades-grenoble.org\/wordpress\/wp-json\/wp\/v2\/tags?post=24556"}],"curies":[{"name":"wp","href":"https:\/\/api.w.org\/{rel}","templated":true}]}}