{"id":24703,"date":"2025-05-30T12:26:13","date_gmt":"2025-05-30T10:26:13","guid":{"rendered":"https:\/\/www.ades-grenoble.org\/wordpress\/?p=24703"},"modified":"2025-05-30T12:26:13","modified_gmt":"2025-05-30T10:26:13","slug":"agenda-296","status":"publish","type":"post","link":"https:\/\/www.ades-grenoble.org\/wordpress\/2025\/05\/30\/agenda-296\/","title":{"rendered":"Agenda"},"content":{"rendered":"<div class=\"wp-block-image\">\n<figure class=\"alignleft size-full\"><img loading=\"lazy\" decoding=\"async\" width=\"380\" height=\"180\" src=\"https:\/\/www.ades-grenoble.org\/wordpress\/wp-content\/uploads\/2025\/05\/SciencesPo.jpg\" alt=\"\" class=\"wp-image-24704\" srcset=\"https:\/\/www.ades-grenoble.org\/wordpress\/wp-content\/uploads\/2025\/05\/SciencesPo.jpg 380w, https:\/\/www.ades-grenoble.org\/wordpress\/wp-content\/uploads\/2025\/05\/SciencesPo-300x142.jpg 300w, https:\/\/www.ades-grenoble.org\/wordpress\/wp-content\/uploads\/2025\/05\/SciencesPo-150x71.jpg 150w\" sizes=\"auto, (max-width: 380px) 100vw, 380px\" \/><\/figure>\n<\/div>\n\n\n<p><strong>Jeudi 5 juin 2025, 18h-19h30. La d\u00e9mocratie au travail : est-ce que \u00e7a marche ? <\/strong>A Sciences Po Grenoble, Amphi A. D\u00e9bat avec <strong>Caroline Gadou,<\/strong>\u00a0Directrice g\u00e9n\u00e9rale de l\u2019ANACT, <strong>Bruno Palier,<\/strong>\u00a0Directeur de recherche au CNRS et <strong>Laurence Ruffin<\/strong>,\u00a0Pr\u00e9sidente d\u2019Alma Scop. Pour <a href=\"https:\/\/www.sciencespo-grenoble.fr\/la-democratie-au-travail-est-ce-que-ca-marche\" data-type=\"link\" data-id=\"https:\/\/www.sciencespo-grenoble.fr\/la-democratie-au-travail-est-ce-que-ca-marche\">s\u2019inscrire ou suivre en vid\u00e9o<\/a><a href=\"https:\/\/www.sciencespo-grenoble.fr\/la-democratie-au-travail-est-ce-que-ca-marche\">.<\/a><\/p>\n","protected":false},"excerpt":{"rendered":"<p>Jeudi 5 juin 2025, 18h-19h30. La d\u00e9mocratie au travail : est-ce que \u00e7a marche ? A Sciences Po Grenoble, Amphi A. D\u00e9bat avec Caroline Gadou,\u00a0Directrice g\u00e9n\u00e9rale de l\u2019ANACT, Bruno Palier,\u00a0Directeur de recherche au CNRS et Laurence Ruffin,\u00a0Pr\u00e9sidente d\u2019Alma Scop. Pour s\u2019inscrire ou suivre en vid\u00e9o.<\/p>\n","protected":false},"author":1,"featured_media":0,"comment_status":"closed","ping_status":"open","sticky":false,"template":"","format":"standard","meta":{"twitterCardType":"","cardImageID":0,"cardImage":"","cardTitle":"","cardDesc":"","cardImageAlt":"","cardPlayer":"","cardPlayerWidth":0,"cardPlayerHeight":0,"cardPlayerStream":"","cardPlayerCodec":"","footnotes":""},"categories":[62,11],"tags":[125],"class_list":["post-24703","post","type-post","status-publish","format-standard","hentry","category-le-rouge-le-vert-hebdo","category-politique-locale","tag-agenda"],"_links":{"self":[{"href":"https:\/\/www.ades-grenoble.org\/wordpress\/wp-json\/wp\/v2\/posts\/24703","targetHints":{"allow":["GET"]}}],"collection":[{"href":"https:\/\/www.ades-grenoble.org\/wordpress\/wp-json\/wp\/v2\/posts"}],"about":[{"href":"https:\/\/www.ades-grenoble.org\/wordpress\/wp-json\/wp\/v2\/types\/post"}],"author":[{"embeddable":true,"href":"https:\/\/www.ades-grenoble.org\/wordpress\/wp-json\/wp\/v2\/users\/1"}],"replies":[{"embeddable":true,"href":"https:\/\/www.ades-grenoble.org\/wordpress\/wp-json\/wp\/v2\/comments?post=24703"}],"version-history":[{"count":1,"href":"https:\/\/www.ades-grenoble.org\/wordpress\/wp-json\/wp\/v2\/posts\/24703\/revisions"}],"predecessor-version":[{"id":24705,"href":"https:\/\/www.ades-grenoble.org\/wordpress\/wp-json\/wp\/v2\/posts\/24703\/revisions\/24705"}],"wp:attachment":[{"href":"https:\/\/www.ades-grenoble.org\/wordpress\/wp-json\/wp\/v2\/media?parent=24703"}],"wp:term":[{"taxonomy":"category","embeddable":true,"href":"https:\/\/www.ades-grenoble.org\/wordpress\/wp-json\/wp\/v2\/categories?post=24703"},{"taxonomy":"post_tag","embeddable":true,"href":"https:\/\/www.ades-grenoble.org\/wordpress\/wp-json\/wp\/v2\/tags?post=24703"}],"curies":[{"name":"wp","href":"https:\/\/api.w.org\/{rel}","templated":true}]}}