{"id":24707,"date":"2025-06-07T17:34:05","date_gmt":"2025-06-07T15:34:05","guid":{"rendered":"https:\/\/www.ades-grenoble.org\/wordpress\/?p=24707"},"modified":"2025-06-16T18:11:39","modified_gmt":"2025-06-16T16:11:39","slug":"diverses-actualites-217","status":"publish","type":"post","link":"https:\/\/www.ades-grenoble.org\/wordpress\/2025\/06\/07\/diverses-actualites-217\/","title":{"rendered":"Diverses actualit\u00e9s"},"content":{"rendered":"<div class=\"wp-block-image is-style-rounded\">\n<figure class=\"alignleft size-full\"><img loading=\"lazy\" decoding=\"async\" width=\"400\" height=\"222\" src=\"https:\/\/www.ades-grenoble.org\/wordpress\/wp-content\/uploads\/2020\/11\/crieur.jpg\" alt=\"Crieur public\" class=\"wp-image-18106\" srcset=\"https:\/\/www.ades-grenoble.org\/wordpress\/wp-content\/uploads\/2020\/11\/crieur.jpg 400w, https:\/\/www.ades-grenoble.org\/wordpress\/wp-content\/uploads\/2020\/11\/crieur-150x83.jpg 150w, https:\/\/www.ades-grenoble.org\/wordpress\/wp-content\/uploads\/2020\/11\/crieur-300x167.jpg 300w\" sizes=\"auto, (max-width: 400px) 100vw, 400px\" \/><\/figure>\n<\/div>\n\n\n<p><strong>Comprendre l\u2019importance du contr\u00f4le collectif et r\u00e9publicain de la l\u00e9galit\u00e9 des actes.<\/strong> Deux articles parus en janvier et mars 2025, de la Fondation de l\u2019Ecologie Politique. Alors que la crise climatique s\u2019intensifie, les actions en justice connaissent un regain d\u2019int\u00e9r\u00eat en tant qu\u2019outil de protection de l\u2019environnement, d\u2019arr\u00eat des projets nuisibles et de responsabilisation des autorit\u00e9s. Les actions de Raymond Avrillier, pionnier en la mati\u00e8re et qui dure depuis des d\u00e9cennies en France, ont \u00e9t\u00e9 couronn\u00e9es de succ\u00e8s, notamment en faisant tomber l\u2019ancien ministre du gouvernement et ancien maire de Grenoble, Alain Carignon. Dans un entretien, il d\u00e9taille son long combat et explique pourquoi il a choisi de le mener principalement dans les salles d\u2019audience. Lire <a href=\"https:\/\/www.fondationecolo.org\/wp-content\/uploads\/Entretien-FEP-Avrillier.pdf\" data-type=\"link\" data-id=\"https:\/\/www.fondationecolo.org\/wp-content\/uploads\/Entretien-FEP-Avrillier.pdf\">ici<\/a> et <a href=\"https:\/\/www.fondationecolo.org\/publication\/jai-ete-amene-a-comprendre-limportance-du-controle-collectif-et-republicain-de-la-legalite-des-actes\/\" data-type=\"link\" data-id=\"https:\/\/www.fondationecolo.org\/publication\/jai-ete-amene-a-comprendre-limportance-du-controle-collectif-et-republicain-de-la-legalite-des-actes\/\">l\u00e0<\/a>.<\/p>\n\n\n\n<hr class=\"wp-block-separator has-alpha-channel-opacity\"\/>\n\n\n\n<p><strong>Jeunes de l\u2019Y grenoblois : un portrait statistique. <\/strong>Plus \u00e9go\u00efstes, ultra-connect\u00e9s, mais dans le m\u00eame temps militants, \u00e9colos, et plus mobiles qu\u2019avant\u00a0? Les clich\u00e9s sur les jeunes sont nombreux, et traduisent les repr\u00e9sentations que la soci\u00e9t\u00e9 porte sur cette cat\u00e9gorie. Dans <a href=\"https:\/\/www.obsy.fr\/article\/jeunes-de-l-y-grenoblois-un-portrait-statistique?cid=a0142655-838d-4efc-b85e-76c065bcd9c8\" data-type=\"link\" data-id=\"https:\/\/www.obsy.fr\/article\/jeunes-de-l-y-grenoblois-un-portrait-statistique?cid=a0142655-838d-4efc-b85e-76c065bcd9c8\">cette s\u00e9rie d\u2019articles portant sur les jeunesses dans la r\u00e9gion grenobloise<\/a>, les partenaires de l\u2019OBS&rsquo;y documentent les id\u00e9es re\u00e7ues sur ces habitants.<\/p>\n\n\n\n<hr class=\"wp-block-separator has-alpha-channel-opacity\"\/>\n\n\n\n<p><strong>RSA et demandeurs d\u2019emploi\u00a0: le d\u00e9cret punitif est entr\u00e9 en vigueur.<\/strong>A partir du 1<sup>er<\/sup> juin, <a href=\"https:\/\/www.legifrance.gouv.fr\/jorf\/id\/JORFTEXT000051672648\" data-type=\"link\" data-id=\"https:\/\/www.legifrance.gouv.fr\/jorf\/id\/JORFTEXT000051672648\">le d\u00e9cret<\/a> fixe le nouveau r\u00e9gime de sanctions applicables aux demandeurs d&#8217;emploi notamment en cas de manquement \u00e0 l&rsquo;obligation d&rsquo;\u00e9laborer ou d&rsquo;actualiser un contrat d&rsquo;engagement ou en cas de manquement aux obligations \u00e9nonc\u00e9es dans le contrat d&rsquo;engagement relatives \u00e0 l&rsquo;assiduit\u00e9, \u00e0 la participation active aux actions pr\u00e9vues par le plan d&rsquo;action et \u00e0 l&rsquo;obligation de r\u00e9aliser des actes positifs et r\u00e9p\u00e9t\u00e9s en vue de trouver un emploi. Le texte encadre ainsi les dur\u00e9es minimale et maximale de suspension ou de suppression du revenu de remplacement, des allocations ou du revenu de solidarit\u00e9 active ainsi que la part de ces revenus ou allocations susceptible d&rsquo;\u00eatre suspendue ou supprim\u00e9e. Il d\u00e9termine les conditions dans lesquelles l&rsquo;int\u00e9ress\u00e9 peut \u00eatre radi\u00e9 de la liste des demandeurs d&#8217;emploi ainsi que les dur\u00e9es minimales et maximales de cette radiation. Le d\u00e9cret pr\u00e9cise par ailleurs les r\u00e8gles et d\u00e9lais de proc\u00e9dure pour le prononc\u00e9 des d\u00e9cisions de sanction. Enfin, il adapte les dispositions relatives aux sanctions des demandeurs d&#8217;emploi en Guyane, \u00e0 La R\u00e9union, \u00e0 Mayotte, ainsi que dans les d\u00e9partements ou le revenu de solidarit\u00e9 a \u00e9t\u00e9 recentralis\u00e9.<\/p>\n\n\n\n<!--more-->\n\n\n\n<hr class=\"wp-block-separator has-alpha-channel-opacity\"\/>\n\n\n\n<p><strong>La Tour Perret :<a href=\"https:\/\/www.grenobleencommun.fr\/la-tour-perret-le-symbole-retrouve-dun-siecle-daudace-et-dinnovation-a-grenoble\/\" data-type=\"link\" data-id=\"https:\/\/www.grenobleencommun.fr\/la-tour-perret-le-symbole-retrouve-dun-siecle-daudace-et-dinnovation-a-grenoble\/\"> le symbole retrouv\u00e9 d\u2019un si\u00e8cle d\u2019audace et d\u2019innovation \u00e0 Grenoble<\/a>. <\/strong>En 2025, Grenoble c\u00e9l\u00e8bre une double renaissance. Celle du parc Paul Mistral, poumon vert de la ville et celui de la Tour Perret, chef d\u2019\u0153uvre visionnaire de l\u2019architecture moderniste. Erig\u00e9e \u00e0 l\u2019occasion de l\u2019Exposition internationale de la Houille Blanche et du Tourisme de 1925, la tour mythique s\u2019appr\u00eate \u00e0 retrouver son \u00e9clat d\u2019antan, apr\u00e8s plus de soixante ans de silence. Sa restauration en cours ne se limite pas \u00e0 une r\u00e9habilitation patrimoniale : elle s\u2019affirme comme un manifeste culturel et politique, \u00e0 la crois\u00e9e de la m\u00e9moire industrielle et des transitions. La r\u00e9ouverture de la Tour Perret est d\u00e9sormais pr\u00e9vue pour le premier semestre 2026.<\/p>\n\n\n\n<hr class=\"wp-block-separator has-alpha-channel-opacity\"\/>\n\n\n\n<p><strong>Exercer et construire la d\u00e9mocratie locale \u00e0 Grenoble. <\/strong>C\u2019est le titre d\u2019<a href=\"https:\/\/www.grenobleencommun.fr\/depuis-2014-exercer-et-construire-la-democratie-locale-a-grenoble\/\" data-type=\"link\" data-id=\"https:\/\/www.grenobleencommun.fr\/depuis-2014-exercer-et-construire-la-democratie-locale-a-grenoble\/\">un document du groupe majoritaire au conseil municipal de Grenoble\u00a0: Grenoble en commun<\/a>. Depuis 2014, la ville se construit pour et avec les habitantes et les habitants. Les dispositifs de participation ont \u00e9volu\u00e9 sur le second mandat pour aller encore plus loin dans le \u201cfaire ensemble\u201d.\u00a0 La municipalit\u00e9 grenobloise s\u2019attache \u00e0 cr\u00e9er des outils pour permettre aux habitant-es de participer aux actions de la Ville. Pionni\u00e8re dans ce domaine, Grenoble est l\u2019une des premi\u00e8res \u00e0 avoir mis en place des dispositifs tels que les Conseils Citoyens Ind\u00e9pendants, les Chantiers Ouverts au Public ou encore les Budgets Participatifs pour faire vivre la vie citoyenne locale. Nous estimons que certains de ces dispositifs fonctionnent \u00e0 la satisfaction g\u00e9n\u00e9rale, cependant d\u2019autres devraient \u00eatre nettement am\u00e9lior\u00e9s ou transform\u00e9s.<\/p>\n\n\n\n<hr class=\"wp-block-separator has-alpha-channel-opacity\"\/>\n\n\n\n<p><strong>Rapport d\u2019activit\u00e9 2024 de la Haute Autorit\u00e9 pour la transparence de la vie politique.<\/strong> <a href=\"https:\/\/www.hatvp.fr\/presse\/rapport-dactivite-2024-de-la-haute-autorite\/\" data-type=\"link\" data-id=\"https:\/\/www.hatvp.fr\/presse\/rapport-dactivite-2024-de-la-haute-autorite\/\">Ce rapport <\/a>t\u00e9moigne d\u2019une ann\u00e9e particuli\u00e8rement intense, marqu\u00e9e par un contexte politique in\u00e9dit et une mobilisation exceptionnelle des services de la Haute Autorit\u00e9 (HATVP).\u00a0L\u2019activit\u00e9 de contr\u00f4le des d\u00e9clarations des responsables publics a \u00e9t\u00e9 directement affect\u00e9e par les \u00e9v\u00e9nements politiques majeurs de 2024. Ces derni\u00e8res ont entra\u00een\u00e9 un afflux sans pr\u00e9c\u00e9dent de d\u00e9clarations, en hausse de plus de 40 % par rapport \u00e0 2023, ainsi qu\u2019un besoin accru d\u2019accompagnement. La Haute Autorit\u00e9 a ainsi re\u00e7u 13 103 d\u00e9clarations, dont 5 122 ont \u00e9t\u00e9 contr\u00f4l\u00e9es. Ces contr\u00f4les ont donn\u00e9 lieu \u00e0 plus de 1 000 relances, 99 injonctions et 27 transmissions \u00e0 la justice pour non-d\u00e9p\u00f4t de d\u00e9claration. Par ailleurs, 4,1 % des responsables publics ont fait l\u2019objet d\u2019un rappel \u00e0 leurs obligations, et 0,4 % ont commis des manquements susceptibles de constituer une infraction p\u00e9nale.<\/p>\n","protected":false},"excerpt":{"rendered":"<p>Comprendre l\u2019importance du contr\u00f4le collectif et r\u00e9publicain de la l\u00e9galit\u00e9 des actes. Deux articles parus en janvier et mars 2025, de la Fondation de l\u2019Ecologie Politique. Alors que la crise climatique s\u2019intensifie, les actions en justice connaissent un regain d\u2019int\u00e9r\u00eat en tant qu\u2019outil de protection de l\u2019environnement, d\u2019arr\u00eat des projets nuisibles et de responsabilisation des [&hellip;]<\/p>\n","protected":false},"author":1,"featured_media":0,"comment_status":"closed","ping_status":"open","sticky":false,"template":"","format":"standard","meta":{"twitterCardType":"","cardImageID":0,"cardImage":"","cardTitle":"","cardDesc":"","cardImageAlt":"","cardPlayer":"","cardPlayerWidth":0,"cardPlayerHeight":0,"cardPlayerStream":"","cardPlayerCodec":"","footnotes":""},"categories":[11],"tags":[],"class_list":["post-24707","post","type-post","status-publish","format-standard","hentry","category-politique-locale"],"_links":{"self":[{"href":"https:\/\/www.ades-grenoble.org\/wordpress\/wp-json\/wp\/v2\/posts\/24707","targetHints":{"allow":["GET"]}}],"collection":[{"href":"https:\/\/www.ades-grenoble.org\/wordpress\/wp-json\/wp\/v2\/posts"}],"about":[{"href":"https:\/\/www.ades-grenoble.org\/wordpress\/wp-json\/wp\/v2\/types\/post"}],"author":[{"embeddable":true,"href":"https:\/\/www.ades-grenoble.org\/wordpress\/wp-json\/wp\/v2\/users\/1"}],"replies":[{"embeddable":true,"href":"https:\/\/www.ades-grenoble.org\/wordpress\/wp-json\/wp\/v2\/comments?post=24707"}],"version-history":[{"count":7,"href":"https:\/\/www.ades-grenoble.org\/wordpress\/wp-json\/wp\/v2\/posts\/24707\/revisions"}],"predecessor-version":[{"id":24814,"href":"https:\/\/www.ades-grenoble.org\/wordpress\/wp-json\/wp\/v2\/posts\/24707\/revisions\/24814"}],"wp:attachment":[{"href":"https:\/\/www.ades-grenoble.org\/wordpress\/wp-json\/wp\/v2\/media?parent=24707"}],"wp:term":[{"taxonomy":"category","embeddable":true,"href":"https:\/\/www.ades-grenoble.org\/wordpress\/wp-json\/wp\/v2\/categories?post=24707"},{"taxonomy":"post_tag","embeddable":true,"href":"https:\/\/www.ades-grenoble.org\/wordpress\/wp-json\/wp\/v2\/tags?post=24707"}],"curies":[{"name":"wp","href":"https:\/\/api.w.org\/{rel}","templated":true}]}}