{"id":24713,"date":"2025-06-07T17:34:14","date_gmt":"2025-06-07T15:34:14","guid":{"rendered":"https:\/\/www.ades-grenoble.org\/wordpress\/?p=24713"},"modified":"2025-06-16T17:55:31","modified_gmt":"2025-06-16T15:55:31","slug":"regies-des-remontees-mecaniques-de-chamrousse-rattrapees-par-la-chambre-regionale-des-comptes","status":"publish","type":"post","link":"https:\/\/www.ades-grenoble.org\/wordpress\/2025\/06\/07\/regies-des-remontees-mecaniques-de-chamrousse-rattrapees-par-la-chambre-regionale-des-comptes\/","title":{"rendered":"R\u00e9gies des remont\u00e9es m\u00e9caniques de Chamrousse rattrap\u00e9es par la Chambre R\u00e9gionale des comptes"},"content":{"rendered":"<div class=\"wp-block-image\">\n<figure class=\"alignleft size-full\"><img loading=\"lazy\" decoding=\"async\" width=\"300\" height=\"225\" src=\"https:\/\/www.ades-grenoble.org\/wordpress\/wp-content\/uploads\/2025\/06\/regie-remontees-chamrousse.jpg\" alt=\"Immeuble de la r\u00e9gies des remont\u00e9es m\u00e9caniques de Chamrousse\" class=\"wp-image-24715\" srcset=\"https:\/\/www.ades-grenoble.org\/wordpress\/wp-content\/uploads\/2025\/06\/regie-remontees-chamrousse.jpg 300w, https:\/\/www.ades-grenoble.org\/wordpress\/wp-content\/uploads\/2025\/06\/regie-remontees-chamrousse-150x113.jpg 150w\" sizes=\"auto, (max-width: 300px) 100vw, 300px\" \/><\/figure>\n<\/div>\n\n\n<p>La pr\u00e9f\u00e8te de l\u2019Is\u00e8re a saisi la chambre r\u00e9gionale des comptes (CRC) du budget primitif principal 2025 des remont\u00e9es m\u00e9caniques de Chamrousse et du budget annexe \u00ab nordic \u00bb 2025, sur le fondement de l\u2019article L. 1612-5 du code g\u00e9n\u00e9ral des collectivit\u00e9s territoriales. Il s\u2019agit d\u2019une r\u00e9gie \u00e0 personnalit\u00e9 morale et non pas d\u2019un budget annexe de la commune. C\u2019est la r\u00e9gie qui fixe les tarifs des remont\u00e9es m\u00e9caniques de Chamrousse.<\/p>\n\n\n\n<p>La pr\u00e9f\u00e8te a estim\u00e9 que ces budgets n\u2019ont pas \u00e9t\u00e9 vot\u00e9s en \u00e9quilibre r\u00e9el. L\u2019analyse de la CRC montre que les d\u00e9s\u00e9quilibres budg\u00e9taires sont tels qu\u2019il est impossible de les r\u00e9\u00e9quilibrer sur une ann\u00e9e et qu\u2019il faut \u00e9taler les efforts sur plusieurs ann\u00e9es.<\/p>\n\n\n\n<!--more-->\n\n\n\n<p>Voici <a href=\"https:\/\/www.ccomptes.fr\/fr\/documents\/75459\" data-type=\"link\" data-id=\"https:\/\/www.ccomptes.fr\/fr\/documents\/75459\">les conclusions de la d\u00e9cision de la chambre r\u00e9gionale des comptes Auvergne &#8211; Rh\u00f4ne-Alpes du 19 mai 2025<\/a>, rendue publique le 28 mai :<\/p>\n\n\n\n<p><em>\u00ab&nbsp;Article 1 : D\u00c9CLARE recevable la saisine de la pr\u00e9f\u00e8te de l\u2019Is\u00e8re sur le budget primitif de la r\u00e9gie des remont\u00e9es m\u00e9caniques de Chamrousse introduite sur le fondement de l\u2019article L.1612-5 du code g\u00e9n\u00e9ral des collectivit\u00e9s territoriales ;<\/em><\/p>\n\n\n\n<p><em>Article 2 : CONSTATE que le budget primitif pour l\u2019exercice 2025 de la r\u00e9gie des remont\u00e9es m\u00e9caniques de Chamrousse n\u2019a pas \u00e9t\u00e9 vot\u00e9 en \u00e9quilibre r\u00e9el pour ce qui concerne son budget principal et son budget annexe \u00ab nordic \u00bb ;<\/em><\/p>\n\n\n\n<p><em>Article 3 : PROPOSE, pour ce qui concerne le budget annexe \u00ab nordic \u00bb, les modifications pr\u00e9sent\u00e9es en annexe ;<\/em><\/p>\n\n\n\n<p><em>Article 4 : DIT que le budget principal 2025 de la r\u00e9gie des remont\u00e9es m\u00e9caniques ne peut pas \u00eatre \u00e9quilibr\u00e9 ;<\/em><\/p>\n\n\n\n<p><em>Article 5 : PROPOSE que la r\u00e9gie \u00e9tablisse et mette en \u0153uvre un plan pluriannuel de r\u00e9tablissement de ses \u00e9quilibres budg\u00e9taires ;<\/em><\/p>\n\n\n\n<p><em>Article 6 : DIT que le pr\u00e9sent avis sera notifi\u00e9 \u00e0 la pr\u00e9f\u00e8te de l\u2019Is\u00e8re, au directeur de la r\u00e9gie des remont\u00e9es m\u00e9caniques de Chamrousse et au comptable public de la r\u00e9gie sous couvert du directeur d\u00e9partemental des finances publiques de l\u2019Is\u00e8re ;<\/em><\/p>\n\n\n\n<p><em>Article 7 : RAPPELLE que le pr\u00e9sent avis doit faire l&rsquo;objet d&rsquo;une publicit\u00e9 imm\u00e9diate sans attendre la r\u00e9union de l&rsquo;assembl\u00e9e d\u00e9lib\u00e9rante, conform\u00e9ment aux dispositions de l\u2019article L. 1612-19 susvis\u00e9 du code g\u00e9n\u00e9ral des collectivit\u00e9s territoriales.<\/em><\/p>\n\n\n\n<p><em>Fait et d\u00e9lib\u00e9r\u00e9 en la chambre r\u00e9gionale des comptes Auvergne Rh\u00f4ne-Alpes, troisi\u00e8me section, le dix-neuf mai deux mille vingt-cinq.&nbsp;\u00bb<\/em><\/p>\n","protected":false},"excerpt":{"rendered":"<p>La pr\u00e9f\u00e8te de l\u2019Is\u00e8re a saisi la chambre r\u00e9gionale des comptes (CRC) du budget primitif principal 2025 des remont\u00e9es m\u00e9caniques de Chamrousse et du budget annexe \u00ab nordic \u00bb 2025, sur le fondement de l\u2019article L. 1612-5 du code g\u00e9n\u00e9ral des collectivit\u00e9s territoriales. Il s\u2019agit d\u2019une r\u00e9gie \u00e0 personnalit\u00e9 morale et non pas d\u2019un budget [&hellip;]<\/p>\n","protected":false},"author":1,"featured_media":0,"comment_status":"closed","ping_status":"open","sticky":false,"template":"","format":"standard","meta":{"twitterCardType":"","cardImageID":0,"cardImage":"","cardTitle":"","cardDesc":"","cardImageAlt":"","cardPlayer":"","cardPlayerWidth":0,"cardPlayerHeight":0,"cardPlayerStream":"","cardPlayerCodec":"","footnotes":""},"categories":[62,11],"tags":[],"class_list":["post-24713","post","type-post","status-publish","format-standard","hentry","category-le-rouge-le-vert-hebdo","category-politique-locale"],"_links":{"self":[{"href":"https:\/\/www.ades-grenoble.org\/wordpress\/wp-json\/wp\/v2\/posts\/24713","targetHints":{"allow":["GET"]}}],"collection":[{"href":"https:\/\/www.ades-grenoble.org\/wordpress\/wp-json\/wp\/v2\/posts"}],"about":[{"href":"https:\/\/www.ades-grenoble.org\/wordpress\/wp-json\/wp\/v2\/types\/post"}],"author":[{"embeddable":true,"href":"https:\/\/www.ades-grenoble.org\/wordpress\/wp-json\/wp\/v2\/users\/1"}],"replies":[{"embeddable":true,"href":"https:\/\/www.ades-grenoble.org\/wordpress\/wp-json\/wp\/v2\/comments?post=24713"}],"version-history":[{"count":6,"href":"https:\/\/www.ades-grenoble.org\/wordpress\/wp-json\/wp\/v2\/posts\/24713\/revisions"}],"predecessor-version":[{"id":24812,"href":"https:\/\/www.ades-grenoble.org\/wordpress\/wp-json\/wp\/v2\/posts\/24713\/revisions\/24812"}],"wp:attachment":[{"href":"https:\/\/www.ades-grenoble.org\/wordpress\/wp-json\/wp\/v2\/media?parent=24713"}],"wp:term":[{"taxonomy":"category","embeddable":true,"href":"https:\/\/www.ades-grenoble.org\/wordpress\/wp-json\/wp\/v2\/categories?post=24713"},{"taxonomy":"post_tag","embeddable":true,"href":"https:\/\/www.ades-grenoble.org\/wordpress\/wp-json\/wp\/v2\/tags?post=24713"}],"curies":[{"name":"wp","href":"https:\/\/api.w.org\/{rel}","templated":true}]}}