{"id":248,"date":"2008-11-15T19:27:54","date_gmt":"2008-11-15T17:27:54","guid":{"rendered":"http:\/\/www.ades-grenoble.org\/wordpress\/?p=248"},"modified":"2010-04-05T17:58:38","modified_gmt":"2010-04-05T15:58:38","slug":"le-site-du-cairn-collectif-pour-des-alternatives-innovantes-a-la-rocade-nord-de-grenoble","status":"publish","type":"post","link":"https:\/\/www.ades-grenoble.org\/wordpress\/2008\/11\/15\/le-site-du-cairn-collectif-pour-des-alternatives-innovantes-a-la-rocade-nord-de-grenoble\/","title":{"rendered":"Le site du CAIRN : Collectif POUR des Alternatives Innovantes \u00e0 la Rocade Nord de Grenoble"},"content":{"rendered":"<p><img loading=\"lazy\" decoding=\"async\" class=\"alignleft size-full wp-image-252\" style=\"border: 0pt none; margin: 5px; float: left;\" title=\"080915isrn\" src=\"http:\/\/www.ades-grenoble.org\/wordpress\/wp-content\/uploads\/2008\/11\/cairn.jpg\" alt=\"cairn\" width=\"75\" height=\"80\" \/><\/p>\n<p>Alors que l&rsquo;enqu\u00eate publique sur le projet de Rocade Nord va bient\u00f4t d\u00e9marrer, les associations se mobilisent.<\/p>\n<p>Vous trouverez sur <a title=\"site du Cairn\" href=\"http:\/\/www.rocade-nord.org\/\" target=\"_blank\">le site du Collectif POUR des Alternatives Innovantes \u00e0 la Rocade Nord de Grenoble &#8211; CAIRN<\/a> toutes les informations pour comprendre pourquoi il est imp\u00e9ratif de refuser ce projet co\u00fbteux et ringard<\/p>\n<h3>Testez notamment vos connaissances avec le \u00ab\u00a0<a href=\"http:\/\/www.rocade-nord.org\/spip.php?rubrique16\" target=\"_blank\">quizz rocade<\/a>\u00a0\u00bb ou lisez les <strong><a href=\"http:\/\/www.rocade-nord.org\/spip.php?article19\" target=\"_blank\">10 id\u00e9es fausses sur la rocade nord<\/a><\/strong><\/h3>\n<h3><a href=\"http:\/\/www.rocade-nord.org\/spip.php?article48\" target=\"_blank\">Signez la p\u00e9tition<\/a> pour des alternatives \u00e0 la rocade nord !<\/h3>\n","protected":false},"excerpt":{"rendered":"<p>Alors que l&rsquo;enqu\u00eate publique sur le projet de Rocade Nord va bient\u00f4t d\u00e9marrer, les associations se mobilisent. Vous trouverez sur le site du Collectif POUR des Alternatives Innovantes \u00e0 la Rocade Nord de Grenoble &#8211; CAIRN toutes les informations pour comprendre pourquoi il est imp\u00e9ratif de refuser ce projet co\u00fbteux et ringard Testez notamment vos [&hellip;]<\/p>\n","protected":false},"author":1,"featured_media":0,"comment_status":"open","ping_status":"open","sticky":false,"template":"","format":"standard","meta":{"twitterCardType":"","cardImageID":0,"cardImage":"","cardTitle":"","cardDesc":"","cardImageAlt":"","cardPlayer":"","cardPlayerWidth":0,"cardPlayerHeight":0,"cardPlayerStream":"","cardPlayerCodec":"","footnotes":""},"categories":[],"tags":[5,12,24,50],"class_list":["post-248","post","type-post","status-publish","format-standard","hentry","tag-deplacements","tag-mobilisations","tag-rocade-nord","tag-transports-en-commun"],"_links":{"self":[{"href":"https:\/\/www.ades-grenoble.org\/wordpress\/wp-json\/wp\/v2\/posts\/248","targetHints":{"allow":["GET"]}}],"collection":[{"href":"https:\/\/www.ades-grenoble.org\/wordpress\/wp-json\/wp\/v2\/posts"}],"about":[{"href":"https:\/\/www.ades-grenoble.org\/wordpress\/wp-json\/wp\/v2\/types\/post"}],"author":[{"embeddable":true,"href":"https:\/\/www.ades-grenoble.org\/wordpress\/wp-json\/wp\/v2\/users\/1"}],"replies":[{"embeddable":true,"href":"https:\/\/www.ades-grenoble.org\/wordpress\/wp-json\/wp\/v2\/comments?post=248"}],"version-history":[{"count":12,"href":"https:\/\/www.ades-grenoble.org\/wordpress\/wp-json\/wp\/v2\/posts\/248\/revisions"}],"predecessor-version":[{"id":1412,"href":"https:\/\/www.ades-grenoble.org\/wordpress\/wp-json\/wp\/v2\/posts\/248\/revisions\/1412"}],"wp:attachment":[{"href":"https:\/\/www.ades-grenoble.org\/wordpress\/wp-json\/wp\/v2\/media?parent=248"}],"wp:term":[{"taxonomy":"category","embeddable":true,"href":"https:\/\/www.ades-grenoble.org\/wordpress\/wp-json\/wp\/v2\/categories?post=248"},{"taxonomy":"post_tag","embeddable":true,"href":"https:\/\/www.ades-grenoble.org\/wordpress\/wp-json\/wp\/v2\/tags?post=248"}],"curies":[{"name":"wp","href":"https:\/\/api.w.org\/{rel}","templated":true}]}}