{"id":24938,"date":"2025-07-11T11:27:46","date_gmt":"2025-07-11T09:27:46","guid":{"rendered":"https:\/\/www.ades-grenoble.org\/wordpress\/?p=24938"},"modified":"2025-07-11T11:27:46","modified_gmt":"2025-07-11T09:27:46","slug":"la-requalification-de-lesplanade-a-grenoble","status":"publish","type":"post","link":"https:\/\/www.ades-grenoble.org\/wordpress\/2025\/07\/11\/la-requalification-de-lesplanade-a-grenoble\/","title":{"rendered":"La requalification de l\u2019Esplanade \u00e0 Grenoble"},"content":{"rendered":"<div class=\"wp-block-image\">\n<figure class=\"alignleft size-full\"><img loading=\"lazy\" decoding=\"async\" width=\"380\" height=\"203\" src=\"https:\/\/www.ades-grenoble.org\/wordpress\/wp-content\/uploads\/2025\/05\/esplanade-future.jpg\" alt=\"\" class=\"wp-image-24580\" srcset=\"https:\/\/www.ades-grenoble.org\/wordpress\/wp-content\/uploads\/2025\/05\/esplanade-future.jpg 380w, https:\/\/www.ades-grenoble.org\/wordpress\/wp-content\/uploads\/2025\/05\/esplanade-future-300x160.jpg 300w, https:\/\/www.ades-grenoble.org\/wordpress\/wp-content\/uploads\/2025\/05\/esplanade-future-150x80.jpg 150w\" sizes=\"auto, (max-width: 380px) 100vw, 380px\" \/><figcaption class=\"wp-element-caption\">\u00a9 BEAEP commun \u00e0 la Ville et la M\u00e9tro<\/figcaption><\/figure>\n<\/div>\n\n\n<p>Suite au <a href=\"https:\/\/www.ades-grenoble.org\/wordpress\/2025\/05\/23\/declaration-de-projet-sur-linteret-general-de-la-requalification-de-la-grande-esplanade-et-du-boulevard-de-lesplanade\/\" data-type=\"link\" data-id=\"https:\/\/www.ades-grenoble.org\/wordpress\/2025\/05\/23\/declaration-de-projet-sur-linteret-general-de-la-requalification-de-la-grande-esplanade-et-du-boulevard-de-lesplanade\/\">rapport et aux conclusions motiv\u00e9es et tr\u00e8s positives de la commission d\u2019enqu\u00eate<\/a> remis le 24 avril 2025, le conseil municipal de Grenoble a d\u00e9cid\u00e9 le 19 mai 2025 de la d\u00e9claration de projet sur l\u2019int\u00e9r\u00eat g\u00e9n\u00e9ral de la requalification de l\u2019Esplanade.<\/p>\n\n\n\n<p>Le 23 juin 2025, une d\u00e9lib\u00e9ration du conseil municipal de Grenoble portant sur <a href=\"https:\/\/www.ades-grenoble.org\/wordpress\/2025\/06\/27\/requalification-de-la-grande-esplanade-suite\/\" data-type=\"link\" data-id=\"https:\/\/www.ades-grenoble.org\/wordpress\/2025\/06\/27\/requalification-de-la-grande-esplanade-suite\/\">la convention de transfert de gestion du domaine public pour l\u2019extension du parking-relais Esplanade<\/a>, entre la Ville de Grenoble et le SMMAG, levait les derniers obstacles \u00e0 une d\u00e9claration de projet par le conseil de la M\u00e9tro.<\/p>\n\n\n\n<p>Le Conseil m\u00e9tropolitain du 11 juillet 2025 d\u00e9lib\u00e8re pour d\u00e9clarer \u00e0 son tour d\u2019int\u00e9r\u00eat g\u00e9n\u00e9ral le projet de requalification de l\u2019Esplanade et la mise en compatibilit\u00e9 du Plan Local d\u2019Urbanisme Intercommunal (PLUi) relative \u00e0 cette requalification.<\/p>\n\n\n\n<!--more-->\n\n\n\n<p>La d\u00e9lib\u00e9ration pr\u00e9cisequ\u2019elle ne porte pas sur l\u2019int\u00e9r\u00eat g\u00e9n\u00e9ral des autres \u00e9l\u00e9ments du projet global de r\u00e9am\u00e9nagement port\u00e9 par la ville de Grenoble ; la poursuite de ce projet n\u00e9cessitera d\u2019une part et le cas \u00e9ch\u00e9ant, une actualisation de l\u2019\u00e9tude d\u2019impact conform\u00e9ment \u00e0 l\u2019article L. 122-161 du code de l\u2019environnement, et d\u2019autre part, l\u2019engagement d\u2019un travail partenarial avec l\u2019ensemble des acteurs concern\u00e9s (communes, SMMAG, et Grenoble-Alpes M\u00e9tropole) afin d\u2019en pr\u00e9ciser l\u2019opportunit\u00e9 ainsi que les modalit\u00e9s de financement et de r\u00e9alisation.<\/p>\n\n\n\n<p>Elle prend acte de l\u2019intention commune du SMMAG et de la m\u00e9tropole, de lancer les \u00e9tudes de faisabilit\u00e9 pour la r\u00e9alisation d\u2019un parking silo \u00e0 terme, sur les bases des propositions fonci\u00e8res faites par la ville de Grenoble \u00e0 la demande de la m\u00e9tropole et du SMMAG.<\/p>\n\n\n\n<p>Elle d\u00e9cide de mettre en \u0153uvre pour ce qui rel\u00e8ve de ses comp\u00e9tences les mesures d\u2019\u00e9vitement et de r\u00e9duction des effets n\u00e9gatifs notables du projet sur l\u2019environnement et la sant\u00e9 humaine et les mesures de suivi propos\u00e9es au stade de l\u2019enqu\u00eate publique.<\/p>\n\n\n\n<p>Ces d\u00e9cisions vont permettre de d\u00e9marrer enfin cette requalification qui va changer radicalement la vie de ce quartier.<\/p>\n","protected":false},"excerpt":{"rendered":"<p>Suite au rapport et aux conclusions motiv\u00e9es et tr\u00e8s positives de la commission d\u2019enqu\u00eate remis le 24 avril 2025, le conseil municipal de Grenoble a d\u00e9cid\u00e9 le 19 mai 2025 de la d\u00e9claration de projet sur l\u2019int\u00e9r\u00eat g\u00e9n\u00e9ral de la requalification de l\u2019Esplanade. Le 23 juin 2025, une d\u00e9lib\u00e9ration du conseil municipal de Grenoble portant [&hellip;]<\/p>\n","protected":false},"author":1,"featured_media":0,"comment_status":"closed","ping_status":"open","sticky":false,"template":"","format":"standard","meta":{"twitterCardType":"","cardImageID":0,"cardImage":"","cardTitle":"","cardDesc":"","cardImageAlt":"","cardPlayer":"","cardPlayerWidth":0,"cardPlayerHeight":0,"cardPlayerStream":"","cardPlayerCodec":"","footnotes":""},"categories":[62,11],"tags":[25,215,280],"class_list":["post-24938","post","type-post","status-publish","format-standard","hentry","category-le-rouge-le-vert-hebdo","category-politique-locale","tag-esplanade","tag-grenoble","tag-metropole"],"_links":{"self":[{"href":"https:\/\/www.ades-grenoble.org\/wordpress\/wp-json\/wp\/v2\/posts\/24938","targetHints":{"allow":["GET"]}}],"collection":[{"href":"https:\/\/www.ades-grenoble.org\/wordpress\/wp-json\/wp\/v2\/posts"}],"about":[{"href":"https:\/\/www.ades-grenoble.org\/wordpress\/wp-json\/wp\/v2\/types\/post"}],"author":[{"embeddable":true,"href":"https:\/\/www.ades-grenoble.org\/wordpress\/wp-json\/wp\/v2\/users\/1"}],"replies":[{"embeddable":true,"href":"https:\/\/www.ades-grenoble.org\/wordpress\/wp-json\/wp\/v2\/comments?post=24938"}],"version-history":[{"count":1,"href":"https:\/\/www.ades-grenoble.org\/wordpress\/wp-json\/wp\/v2\/posts\/24938\/revisions"}],"predecessor-version":[{"id":24939,"href":"https:\/\/www.ades-grenoble.org\/wordpress\/wp-json\/wp\/v2\/posts\/24938\/revisions\/24939"}],"wp:attachment":[{"href":"https:\/\/www.ades-grenoble.org\/wordpress\/wp-json\/wp\/v2\/media?parent=24938"}],"wp:term":[{"taxonomy":"category","embeddable":true,"href":"https:\/\/www.ades-grenoble.org\/wordpress\/wp-json\/wp\/v2\/categories?post=24938"},{"taxonomy":"post_tag","embeddable":true,"href":"https:\/\/www.ades-grenoble.org\/wordpress\/wp-json\/wp\/v2\/tags?post=24938"}],"curies":[{"name":"wp","href":"https:\/\/api.w.org\/{rel}","templated":true}]}}