{"id":24997,"date":"2025-08-14T18:49:20","date_gmt":"2025-08-14T16:49:20","guid":{"rendered":"https:\/\/www.ades-grenoble.org\/wordpress\/?p=24997"},"modified":"2025-08-14T18:49:20","modified_gmt":"2025-08-14T16:49:20","slug":"notre-camarade-genevieve-jonot-premiere-elue-ecologiste-de-grenoble-est-decedee","status":"publish","type":"post","link":"https:\/\/www.ades-grenoble.org\/wordpress\/2025\/08\/14\/notre-camarade-genevieve-jonot-premiere-elue-ecologiste-de-grenoble-est-decedee\/","title":{"rendered":"Notre camarade Genevi\u00e8ve Jonot, premi\u00e8re \u00e9lue \u00e9cologiste de Grenoble, est d\u00e9c\u00e9d\u00e9e"},"content":{"rendered":"<div class=\"wp-block-image\">\n<figure class=\"aligncenter size-full\"><img loading=\"lazy\" decoding=\"async\" width=\"800\" height=\"533\" src=\"https:\/\/www.ades-grenoble.org\/wordpress\/wp-content\/uploads\/2025\/08\/Genevieve-Jonot.jpg\" alt=\"\" class=\"wp-image-24998\" srcset=\"https:\/\/www.ades-grenoble.org\/wordpress\/wp-content\/uploads\/2025\/08\/Genevieve-Jonot.jpg 800w, https:\/\/www.ades-grenoble.org\/wordpress\/wp-content\/uploads\/2025\/08\/Genevieve-Jonot-300x200.jpg 300w, https:\/\/www.ades-grenoble.org\/wordpress\/wp-content\/uploads\/2025\/08\/Genevieve-Jonot-150x100.jpg 150w, https:\/\/www.ades-grenoble.org\/wordpress\/wp-content\/uploads\/2025\/08\/Genevieve-Jonot-768x512.jpg 768w, https:\/\/www.ades-grenoble.org\/wordpress\/wp-content\/uploads\/2025\/08\/Genevieve-Jonot-600x400.jpg 600w\" sizes=\"auto, (max-width: 800px) 100vw, 800px\" \/><\/figure>\n<\/div>\n\n\n<p><strong>La c\u00e9r\u00e9monie se d\u00e9roulera aux PFI \u00e0 la Tronche le mercredi 20 ao\u00fbt \u00e0 13 h 30<\/strong><\/p>\n\n\n\n<p>Genevi\u00e8ve Jonot est d\u00e9c\u00e9d\u00e9e dans sa 93<sup>\u00e8me<\/sup> ann\u00e9e (1932-2025). Professeur d\u2019anglais \u00e0 Grenoble, tutrice d\u2019\u00e9l\u00e8ves en difficult\u00e9, et musicienne amateure, elle est devenue une militante politique de gauche (<em>Parti socialiste unifi\u00e9 &#8211; PSU<\/em>) et \u00e9cologiste (<em>Amis de la Terre<\/em>) de premier plan \u00e0 Grenoble.<\/p>\n\n\n\n<p>Gr\u00e2ce \u00e0 sa passion pour l\u2019action collective et sa participation \u00e0 toutes les grandes luttes \u00e9cologiques, notamment pour \u00e9viter l\u2019asphyxie de la ville et de l\u2019agglom\u00e9ration par la circulation automobile (contre la voie sur berge ou la rocade Nord), Genevi\u00e8ve a agi concr\u00e8tement pour le d\u00e9veloppement acc\u00e9l\u00e9r\u00e9 des transports en commun et le d\u00e9veloppement des mobilit\u00e9s douces. Elle a particip\u00e9 aux nombreuses actions contre les politiques de droite et d\u2019extr\u00eame-droite, contre le racisme, avec la volont\u00e9 de construire des alternatives \u00e0 une soci\u00e9t\u00e9 industrielle productiviste gaspilleuse de ressources, et des alternatives \u00e0 une gauche dogmatique.<\/p>\n\n\n\n<p>Genevi\u00e8ve a durablement marqu\u00e9 l\u2019action politique \u00e0 Grenoble en participant activement \u00e0 l\u2019\u00e9mergence du mouvement \u00e9cologique grenoblois dans les ann\u00e9es 1970 notamment suite \u00e0 la campagne pr\u00e9sidentielle de Ren\u00e9 Dumont, et \u00e0 la participation \u00e0 la liste \u00ab\u00a0<em>Grenoble \u00e9cologie pour autog\u00e9rer la cit\u00e9<\/em>\u00a0\u00bb en mars 1977 (plus de 9 % des voix).<\/p>\n\n\n\n<!--more-->\n\n\n\n<p>Elle participe activement \u00e0 la cr\u00e9ation du mouvement politique local <em>Grenoble Ecologie Autogestion (GEA)<\/em> en 1982, et \u00e0 la cr\u00e9ation du petit journal \u00ab&nbsp;<em>Le Rouge et le Vert<\/em>&nbsp;\u00bb en 1983. <em>GEA<\/em> se transformera en <em>E2A (Ecologie Alternative Autogestion)<\/em>, avant de devenir en 1994, l\u2019<em>Association pour la D\u00e9mocratie, l\u2019Ecologie et la Solidarit\u00e9 \u2013 ADES<\/em>. Genevi\u00e8ve a particip\u00e9 \u00e0 leurs directions de fa\u00e7on permanente avec sa modestie habituelle, jusqu\u2019au moment o\u00f9 la maladie va lui imposer d\u2019arr\u00eater.<\/p>\n\n\n\n<p>Genevi\u00e8ve est la premi\u00e8re \u00e9lue municipale \u00e9cologiste \u00e0 Grenoble, mais la seule entre 1983 et 1989, sur la liste de gauche\u00a0et \u00e9cologiste conduite par Hubert Dubedout \u00e0 laquelle participe <em>Grenoble Ecologie Autogestion (GEA)<\/em> pour l\u2019\u00e9lection municipale de mars 1983, qui est gagn\u00e9e par M.\u00a0Carignon. En tant que femme elle a particuli\u00e8rement \u00e9t\u00e9 maltrait\u00e9e par le maire de l\u2019\u00e9poque durant tout ce mandat<em>. <\/em>Elle a toujours su faire preuve d\u2019une grande dignit\u00e9 dans ses interventions pour d\u00e9fendre les id\u00e9es \u00e9cologistes au Conseil municipal, malgr\u00e9 les insultes issues des rangs de la majorit\u00e9 de l\u2019\u00e9poque.<\/p>\n\n\n\n<p>Voici ce qu\u2019elle a \u00e9crit dans <em>le Rouge et le Vert<\/em>\u00a0n\u00b0 11 de mars 1987 : <em>\u00ab\u00a0Non, ce n\u2019est pas la cri\u00e9e, ce ne sont pas les halles, c\u2019est seulement le Conseil municipal de Grenoble\u00a0! La majorit\u00e9 municipale ne sait pas recevoir la contradiction de son opposition. Quand elle est \u00e0 court d\u2019arguments, elle a recours aux attaques personnelles. Ces messieurs s\u2019agitant, crient, s\u2019insurgent et, le match termin\u00e9, redeviennent polis. Le conseil municipal ne serait-il qu\u2019un jeu\u00a0? Quant au maire de Grenoble, ce sont les femmes de l\u2019opposition qui l\u2019insupportent. Entre l\u2019indignation et la condescendance, il ne semble pas avoir trouv\u00e9 le ton de la communication.\u00a0\u00bb<\/em><\/p>\n\n\n\n<p>A l\u2019\u00e9lection municipale de 1989, elle est t\u00eate de liste de la liste \u00e9cologiste et alternative \u00ab\u00a0<em>DESIR<\/em>\u00a0\u2013\u00a0<em>d\u00e9mocratie, \u00e9cologie, solidarit\u00e9, initiative et responsabilit\u00e9<\/em>\u00a0\u00bb qui a deux \u00e9lu-es. Genevi\u00e8ve d\u00e9missionne \u00e0 la mi-mandat en 1992, tout en continuant \u00e0 agir avec <em>l\u2019ADES<\/em> et en tant que responsable des <em>Amis de la Terre<\/em> \u00e0 Grenoble. Elle participe \u00e0 la grande bataille contre la privatisation de l\u2019eau de Grenoble d\u00e9cid\u00e9e par le maire corrompu et par les responsables du groupe Lyonnaise des Eaux.<\/p>\n\n\n\n<p>Genevi\u00e8ve a particip\u00e9 aux autres \u00e9lections municipales et \u00e0 certaines \u00e9lections cantonales et l\u00e9gislatives et \u00e0 une liste s\u00e9natoriale. Elle a \u00e9t\u00e9 sur les listes municipales de 1995\u00a0(liste<em> \u00ab<\/em> <em>d\u00e9mocratie, \u00e9cologie et solidarit\u00e9<\/em>\u00a0\u00bb), de 2001 (liste des<em> \u00ab<\/em> <em>\u00e9cologistes et de la gauche citoyenne<\/em>\u00a0\u00bb), de 2008 (\u00ab\u00a0<em>Ecologie et solidarit\u00e9 en actes<\/em>\u00a0\u00bb) et de 2014 (\u00ab\u00a0<em>Grenoble, une ville pour tous\u00a0\u00bb). <\/em>Sa sant\u00e9 d\u00e9faillante ne lui aura pas permis de poursuivre ses activit\u00e9s ensuite.<\/p>\n\n\n\n<p>Genevi\u00e8ve a fait partie de notre histoire politique et militante, elle fait partie de l\u2019histoire des actions pour la d\u00e9mocratie, l\u2019\u00e9cologie et la solidarit\u00e9 \u00e0 Grenoble.<\/p>\n","protected":false},"excerpt":{"rendered":"<p>La c\u00e9r\u00e9monie se d\u00e9roulera aux PFI \u00e0 la Tronche le mercredi 20 ao\u00fbt \u00e0 13 h 30 Genevi\u00e8ve Jonot est d\u00e9c\u00e9d\u00e9e dans sa 93\u00e8me ann\u00e9e (1932-2025). Professeur d\u2019anglais \u00e0 Grenoble, tutrice d\u2019\u00e9l\u00e8ves en difficult\u00e9, et musicienne amateure, elle est devenue une militante politique de gauche (Parti socialiste unifi\u00e9 &#8211; PSU) et \u00e9cologiste (Amis de la [&hellip;]<\/p>\n","protected":false},"author":1,"featured_media":0,"comment_status":"closed","ping_status":"open","sticky":false,"template":"","format":"standard","meta":{"twitterCardType":"","cardImageID":0,"cardImage":"","cardTitle":"","cardDesc":"","cardImageAlt":"","cardPlayer":"","cardPlayerWidth":0,"cardPlayerHeight":0,"cardPlayerStream":"","cardPlayerCodec":"","footnotes":""},"categories":[62,11],"tags":[153,147,151],"class_list":["post-24997","post","type-post","status-publish","format-standard","hentry","category-le-rouge-le-vert-hebdo","category-politique-locale","tag-ecologie","tag-hommage","tag-memoire"],"_links":{"self":[{"href":"https:\/\/www.ades-grenoble.org\/wordpress\/wp-json\/wp\/v2\/posts\/24997","targetHints":{"allow":["GET"]}}],"collection":[{"href":"https:\/\/www.ades-grenoble.org\/wordpress\/wp-json\/wp\/v2\/posts"}],"about":[{"href":"https:\/\/www.ades-grenoble.org\/wordpress\/wp-json\/wp\/v2\/types\/post"}],"author":[{"embeddable":true,"href":"https:\/\/www.ades-grenoble.org\/wordpress\/wp-json\/wp\/v2\/users\/1"}],"replies":[{"embeddable":true,"href":"https:\/\/www.ades-grenoble.org\/wordpress\/wp-json\/wp\/v2\/comments?post=24997"}],"version-history":[{"count":1,"href":"https:\/\/www.ades-grenoble.org\/wordpress\/wp-json\/wp\/v2\/posts\/24997\/revisions"}],"predecessor-version":[{"id":24999,"href":"https:\/\/www.ades-grenoble.org\/wordpress\/wp-json\/wp\/v2\/posts\/24997\/revisions\/24999"}],"wp:attachment":[{"href":"https:\/\/www.ades-grenoble.org\/wordpress\/wp-json\/wp\/v2\/media?parent=24997"}],"wp:term":[{"taxonomy":"category","embeddable":true,"href":"https:\/\/www.ades-grenoble.org\/wordpress\/wp-json\/wp\/v2\/categories?post=24997"},{"taxonomy":"post_tag","embeddable":true,"href":"https:\/\/www.ades-grenoble.org\/wordpress\/wp-json\/wp\/v2\/tags?post=24997"}],"curies":[{"name":"wp","href":"https:\/\/api.w.org\/{rel}","templated":true}]}}