{"id":25001,"date":"2025-08-28T14:06:33","date_gmt":"2025-08-28T12:06:33","guid":{"rendered":"https:\/\/www.ades-grenoble.org\/wordpress\/?p=25001"},"modified":"2025-08-28T14:06:33","modified_gmt":"2025-08-28T12:06:33","slug":"diverses-actualites-224","status":"publish","type":"post","link":"https:\/\/www.ades-grenoble.org\/wordpress\/2025\/08\/28\/diverses-actualites-224\/","title":{"rendered":"Diverses actualit\u00e9s"},"content":{"rendered":"<div class=\"wp-block-image\">\n<figure class=\"alignleft size-full\"><img loading=\"lazy\" decoding=\"async\" width=\"400\" height=\"222\" src=\"https:\/\/www.ades-grenoble.org\/wordpress\/wp-content\/uploads\/2020\/11\/crieur.jpg\" alt=\"Crieur public\" class=\"wp-image-18106\" srcset=\"https:\/\/www.ades-grenoble.org\/wordpress\/wp-content\/uploads\/2020\/11\/crieur.jpg 400w, https:\/\/www.ades-grenoble.org\/wordpress\/wp-content\/uploads\/2020\/11\/crieur-150x83.jpg 150w, https:\/\/www.ades-grenoble.org\/wordpress\/wp-content\/uploads\/2020\/11\/crieur-300x167.jpg 300w\" sizes=\"auto, (max-width: 400px) 100vw, 400px\" \/><\/figure>\n<\/div>\n\n\n<p><strong>Budget participatif 2025 :<\/strong> lors de <a href=\"https:\/\/www.grenoble.fr\/129-espace-presse.htm\" data-type=\"link\" data-id=\"https:\/\/www.grenoble.fr\/129-espace-presse.htm\">cette 9<sup>\u00e8me<\/sup> \u00e9dition du budget participatif<\/a>, 6290 Grenobloises et Grenoblois se sont mobilis\u00e9s pour voter, soit 20% de plus de que l\u2019ann\u00e9e pr\u00e9c\u00e9dente alors que la p\u00e9riode de vote avait \u00e9t\u00e9 r\u00e9duite de 2 \u00e0 1 mois. La liste des 13 projets retenus a \u00e9t\u00e9 publi\u00e9e lundi 21 juillet, pour un budget de 1,8 million d\u2019euros. Le Budget participatif permet aux participant-es de proposer des projets au vote des Grenoblois-es afin de participer \u00e0 l\u2019am\u00e9lioration de la ville : c\u2019est concret, c\u2019est donner du pouvoir d\u2019agir aux Grenoblois et Grenobloises. De nombreuses proposition sont \u00e0 classer dans l\u2019action sociale ou sanitaire et d\u2019autres pour l\u2019embellissement de l\u2019environnement.\u00a0\u00a0 Pour trouver la liste des 13 projets\u00a0:cliquer <a href=\"https:\/\/www.grenoble.fr\/129-espace-presse.htm\">ici.<\/a><\/p>\n\n\n\n<hr class=\"wp-block-separator has-alpha-channel-opacity\"\/>\n\n\n\n<p><strong><a href=\"https:\/\/www.maisonegalitefemmeshommes.fr\/ressource\/1006\/514-la-ou-les-monoparentalites-au-sein-de-grenoble-alpes-metropole.htm\" data-type=\"link\" data-id=\"https:\/\/www.maisonegalitefemmeshommes.fr\/ressource\/1006\/514-la-ou-les-monoparentalites-au-sein-de-grenoble-alpes-metropole.htm\">Les familles monoparentales de la m\u00e9tropole \u00e0 la loupe<\/a>. <\/strong>Augmentant en nombre r\u00e9guli\u00e8rement tant au niveau national que local, les familles monoparentales sont pourtant peu connues. M\u00ealant revue de la litt\u00e9rature existante, analyse quantitative et entretiens qualitatifs, cette \u00e9tude brosse un portrait diversifi\u00e9 des foyers monoparentaux \u2013majoritairement femmes seules avec enfants- de la m\u00e9tropole grenobloise, de leurs trajectoires et de leurs difficult\u00e9s. \u00a0Les comp\u00e9tences des collectivit\u00e9s locales sont un levier majeur pour am\u00e9liorer les situations des familles monoparentales sur le territoire : les collectivit\u00e9s locales ont une connaissance du territoire et une proximit\u00e9 avec les familles que l\u2019Etat n\u2019a pas. Elles ont des comp\u00e9tences en mati\u00e8rede logement (logements sociaux), emploi, ou encore petite enfance ou scolarit\u00e9, qui exercent uneinfluence majeure sur le quotidien des familles et leur v\u00e9cu de la monoparentalit\u00e9.<\/p>\n\n\n\n<hr class=\"wp-block-separator has-alpha-channel-opacity\"\/>\n\n\n\n<p><strong>Comprendre les in\u00e9galit\u00e9s sociales pour am\u00e9nager des territoires plus justes<\/strong>\u00a0; <a href=\"https:\/\/www.aurg.fr\/article\/586\/2205-comprendre-les-inegalites-sociales-pour-amenager-des-territoires-plus-justes.htm\" data-type=\"link\" data-id=\"https:\/\/www.aurg.fr\/article\/586\/2205-comprendre-les-inegalites-sociales-pour-amenager-des-territoires-plus-justes.htm\">un travail de l\u2019AURG<\/a>. Analyse des besoins sociaux, observation des vuln\u00e9rabilit\u00e9s environnementales, impacts des politiques publiques sur les populations, etc\u2026 Le champ d\u2019\u00e9tudes de la coh\u00e9sion sociale est large \u00e0 l&rsquo;Agence, et les m\u00e9thodologies des sciences sociales sont mises au service de multiples projets et \u00e9tudes, \u00e0 des \u00e9chelles vari\u00e9es. Voir une vid\u00e9o <a href=\"https:\/\/www.aurg.fr\/article\/586\/2205-comprendre-les-inegalites-sociales-pour-amenager-des-territoires-plus-justes.htm\" data-type=\"link\" data-id=\"https:\/\/www.aurg.fr\/article\/586\/2205-comprendre-les-inegalites-sociales-pour-amenager-des-territoires-plus-justes.htm\">ici<\/a>.<\/p>\n\n\n\n<!--more-->\n\n\n\n<hr class=\"wp-block-separator has-alpha-channel-opacity\"\/>\n\n\n\n<p><strong>Notes de frais de Laurent Wauquiez&nbsp;: le Conseil d\u2019Etat donne raison \u00e0 Mediacit\u00e9s. <\/strong>Le 23 juillet dans un arr\u00eat (n\u00b0495393) la plus haute juridiction administrative a confirm\u00e9 que la r\u00e9gion Auvergne-Rh\u00f4ne-Alpes devait appliquer la loi et se montrer transparente sur les d\u00e9penses de ses \u00e9lus, comme Mediacit\u00e9s le lui demande depuis\u2026 2021. Des notes de frais et re\u00e7us de d\u00e9placements ainsi que des notes de frais de restauration et re\u00e7us de frais de repr\u00e9sentation d&rsquo;\u00e9lus locaux ou d&rsquo;agents publics constituent des documents administratifs, communicables \u00e0 toute personne qui en fait la demande dans les conditions et sous les r\u00e9serves pr\u00e9vues par les dispositions du code des relations entre le public et l&rsquo;administration.<\/p>\n\n\n\n<hr class=\"wp-block-separator has-alpha-channel-opacity\"\/>\n\n\n\n<p><strong>Pr\u00e9server et moderniser le contr\u00f4le de l\u00e9galit\u00e9 des actes locaux. <\/strong><a href=\"https:\/\/www.senat.fr\/notice-rapport\/2024\/r24-843-notice.html\" data-type=\"link\" data-id=\"https:\/\/www.senat.fr\/notice-rapport\/2024\/r24-843-notice.html\">Un rapport de la commission des finances du S\u00e9nat<\/a> propose des pistes pour moderniser ce contr\u00f4le essentiel dans une R\u00e9publique digne de ce nom. Un peu moins de 20% des 7,7 millions d&rsquo;actes transmis en 2024 par les collectivit\u00e9s aux pr\u00e9fectures ont \u00e9t\u00e9 contr\u00f4l\u00e9s, le rapport met en exergue \u00ab\u00a0l\u2019abandon de pans entiers du contr\u00f4le de l\u00e9galit\u00e9 dans certains territoires\u00a0\u00bb, notamment dans le domaine de la commande publique. Les actes relevant de ce th\u00e8me ont pourtant \u00e9t\u00e9 d\u00e9sign\u00e9s par l&rsquo;\u00c9tat comme prioritaires en mati\u00e8re de contr\u00f4le de l\u00e9galit\u00e9, avec ceux qui concernent l&rsquo;urbanisme et la fonction publique territoriale. Des actes sensibles en dehors des radars. Il faut consolider les effectifs pour assurer ces contr\u00f4les. Le prochain budget doit y consacrer des moyens <\/p>\n\n\n\n<hr class=\"wp-block-separator has-alpha-channel-opacity\"\/>\n\n\n\n<p><strong>H\u00e9bergement d\u2019urgence : l\u2019insuffisance de la politique gouvernementale. <\/strong>Le nombre de places dites \u00ab\u00a0g\u00e9n\u00e9ralistes\u00a0\u00bb s\u2019est stabilis\u00e9 \u00e0 203.000 depuis 2021, tandis que 121.000 autres places sont d\u00e9di\u00e9es \u00e0 l\u2019accueil des demandeurs d\u2019asile. Les besoins ayant continu\u00e9 \u00e0 augmenter, le dispositif \u2013 qui co\u00fbte au total 3,3 milliards d\u2019euros \u00e0 l\u2019\u00c9tat \u2013 souffre d\u2019une sous-budg\u00e9tisation chronique, selon la mission&nbsp;IGF, Igas et IGA qui a r\u00e9cemment remis sa revue de d\u00e9penses au Premier ministre. Les Inspections g\u00e9n\u00e9rales proposent des sc\u00e9narios d\u2019\u00e9conomies qui passent par une optimisation du pilotage, tout en alertant sur le fait que ces mesures ne doivent pas se traduire par&nbsp;\u00ab\u00a0une diminution des capacit\u00e9s actuelles du parc g\u00e9n\u00e9raliste.&nbsp;La revue de d\u00e9penses sur l\u2019h\u00e9bergement d\u2019urgence. <strong><\/strong><\/p>\n\n\n\n<hr class=\"wp-block-separator has-alpha-channel-opacity\"\/>\n\n\n\n<p><strong>Le nombre d\u2019actes racistes augmente en France depuis 2017. <\/strong>Le nombre d\u2019actes racistes enregistr\u00e9s par la police et la gendarmerie augmente, de m\u00eame que celui des condamnations par la justice. Un ph\u00e9nom\u00e8ne inqui\u00e9tant, mais qui peut aussi \u00eatre le r\u00e9sultat d\u2019une plus grande attention port\u00e9e \u00e0 ces faits par les forces de l\u2019ordre. <a href=\"https:\/\/www.inegalites.fr\/nombre-actes-racistes\" data-type=\"link\" data-id=\"https:\/\/www.inegalites.fr\/nombre-actes-racistes\">Une analyse extraite du Centre d\u2019observation de la soci\u00e9t\u00e9<\/a>.<\/p>\n","protected":false},"excerpt":{"rendered":"<p>Budget participatif 2025 : lors de cette 9\u00e8me \u00e9dition du budget participatif, 6290 Grenobloises et Grenoblois se sont mobilis\u00e9s pour voter, soit 20% de plus de que l\u2019ann\u00e9e pr\u00e9c\u00e9dente alors que la p\u00e9riode de vote avait \u00e9t\u00e9 r\u00e9duite de 2 \u00e0 1 mois. La liste des 13 projets retenus a \u00e9t\u00e9 publi\u00e9e lundi 21 juillet, [&hellip;]<\/p>\n","protected":false},"author":1,"featured_media":0,"comment_status":"closed","ping_status":"open","sticky":false,"template":"","format":"standard","meta":{"twitterCardType":"","cardImageID":0,"cardImage":"","cardTitle":"","cardDesc":"","cardImageAlt":"","cardPlayer":"","cardPlayerWidth":0,"cardPlayerHeight":0,"cardPlayerStream":"","cardPlayerCodec":"","footnotes":""},"categories":[62,11],"tags":[270,35,217],"class_list":["post-25001","post","type-post","status-publish","format-standard","hentry","category-le-rouge-le-vert-hebdo","category-politique-locale","tag-budget","tag-democratie-locale","tag-investissements"],"_links":{"self":[{"href":"https:\/\/www.ades-grenoble.org\/wordpress\/wp-json\/wp\/v2\/posts\/25001","targetHints":{"allow":["GET"]}}],"collection":[{"href":"https:\/\/www.ades-grenoble.org\/wordpress\/wp-json\/wp\/v2\/posts"}],"about":[{"href":"https:\/\/www.ades-grenoble.org\/wordpress\/wp-json\/wp\/v2\/types\/post"}],"author":[{"embeddable":true,"href":"https:\/\/www.ades-grenoble.org\/wordpress\/wp-json\/wp\/v2\/users\/1"}],"replies":[{"embeddable":true,"href":"https:\/\/www.ades-grenoble.org\/wordpress\/wp-json\/wp\/v2\/comments?post=25001"}],"version-history":[{"count":1,"href":"https:\/\/www.ades-grenoble.org\/wordpress\/wp-json\/wp\/v2\/posts\/25001\/revisions"}],"predecessor-version":[{"id":25002,"href":"https:\/\/www.ades-grenoble.org\/wordpress\/wp-json\/wp\/v2\/posts\/25001\/revisions\/25002"}],"wp:attachment":[{"href":"https:\/\/www.ades-grenoble.org\/wordpress\/wp-json\/wp\/v2\/media?parent=25001"}],"wp:term":[{"taxonomy":"category","embeddable":true,"href":"https:\/\/www.ades-grenoble.org\/wordpress\/wp-json\/wp\/v2\/categories?post=25001"},{"taxonomy":"post_tag","embeddable":true,"href":"https:\/\/www.ades-grenoble.org\/wordpress\/wp-json\/wp\/v2\/tags?post=25001"}],"curies":[{"name":"wp","href":"https:\/\/api.w.org\/{rel}","templated":true}]}}