{"id":25014,"date":"2025-08-28T14:07:00","date_gmt":"2025-08-28T12:07:00","guid":{"rendered":"https:\/\/www.ades-grenoble.org\/wordpress\/?p=25014"},"modified":"2025-08-28T14:07:00","modified_gmt":"2025-08-28T12:07:00","slug":"familles-dans-les-ecoles-au-dela-de-ses-competences-la-ville-a-assure-encore-une-fois-la-prise-en-charge-de-plusieurs-familles-cet-ete","status":"publish","type":"post","link":"https:\/\/www.ades-grenoble.org\/wordpress\/2025\/08\/28\/familles-dans-les-ecoles-au-dela-de-ses-competences-la-ville-a-assure-encore-une-fois-la-prise-en-charge-de-plusieurs-familles-cet-ete\/","title":{"rendered":"Familles dans les \u00e9coles : au-del\u00e0 de ses comp\u00e9tences, la Ville a assur\u00e9 encore une fois la prise en charge de plusieurs familles cet \u00e9t\u00e9"},"content":{"rendered":"<div class=\"wp-block-image\">\n<figure class=\"alignleft size-full\"><img loading=\"lazy\" decoding=\"async\" width=\"380\" height=\"285\" src=\"https:\/\/www.ades-grenoble.org\/wordpress\/wp-content\/uploads\/2025\/08\/ecoles-occupees-grenoble.jpg\" alt=\"\" class=\"wp-image-25015\" srcset=\"https:\/\/www.ades-grenoble.org\/wordpress\/wp-content\/uploads\/2025\/08\/ecoles-occupees-grenoble.jpg 380w, https:\/\/www.ades-grenoble.org\/wordpress\/wp-content\/uploads\/2025\/08\/ecoles-occupees-grenoble-300x225.jpg 300w, https:\/\/www.ades-grenoble.org\/wordpress\/wp-content\/uploads\/2025\/08\/ecoles-occupees-grenoble-150x113.jpg 150w\" sizes=\"auto, (max-width: 380px) 100vw, 380px\" \/><\/figure>\n<\/div>\n\n\n<p>En l\u2019absence d\u2019un investissement suffisant de la part de l\u2019Etat en mati\u00e8re d\u2019h\u00e9bergement d\u2019urgence, <a href=\"https:\/\/www.grenoble.fr\/uploads\/Presse\/pse_fichier\/9b\/2216_390_CP-Mise-a-l-abri-de-famille-cet-ete.pdf\" data-type=\"link\" data-id=\"https:\/\/www.grenoble.fr\/uploads\/Presse\/pse_fichier\/9b\/2216_390_CP-Mise-a-l-abri-de-famille-cet-ete.pdf\">la Ville de Grenoble et son CCAS ont continu\u00e9 d\u2019h\u00e9berger et de mettre \u00e0 l\u2019abri des m\u00e9nages occupant des \u00e9coles grenobloises<\/a>. 15 familles \u00e9taient concern\u00e9es au d\u00e9but de l\u2019\u00e9t\u00e9.<\/p>\n\n\n\n<p>Le territoire fran\u00e7ais fait face \u00e0 une crise du logement et une crise de l\u2019h\u00e9bergement sans pr\u00e9c\u00e9dent qui affecte fortement les plus pr\u00e9caires. A Grenoble, malgr\u00e9 les actions mises en \u0153uvre, le nombre de m\u00e9nages priv\u00e9s de domicile personnel reste tr\u00e8s important. Parmi eux, la part des familles avec enfants augmente.<\/p>\n\n\n\n<p>La Ville de Grenoble est ainsi confront\u00e9e \u00e0 une grande urgence sociale, caract\u00e9ris\u00e9e par une augmentation de 60% des demandes de domiciliation \u2013 un moyen d\u2019avoir une adresse administrative &#8211; ces trois derni\u00e8res ann\u00e9es. En mai 2025, le CCAS g\u00e8re ainsi plus de 3400 bo\u00eetes aux lettres couvrant 4 800 personnes (dont 1400 mineur-es), soit autant de personnes priv\u00e9es de logement personnel. Parmi eux, 75% ne b\u00e9n\u00e9ficient d\u2019aucune solution d\u2019h\u00e9bergement : ils sont contraints de se faire h\u00e9berger chez des tiers ou vivent \u00e0 la rue, en habitats de fortune, squats, bidonvilles et pour certaines, dans des \u00e9coles municipales.<\/p>\n\n\n\n<p>Alors que l\u2019h\u00e9bergement d\u2019urgence rel\u00e8ve de la comp\u00e9tence de l\u2019\u00c9tat, ce dernier a act\u00e9 la stabilisation du nombre de places d\u2019h\u00e9bergement \u00e0 un niveau inf\u00e9rieur au nombre de places financ\u00e9es pendant la p\u00e9riode de crise sanitaire. Ainsi, les demandes de plus en plus nombreuses d\u2019h\u00e9bergement d\u2019urgence ne sont pas satisfaites du fait des capacit\u00e9s existantes. Ceci entra\u00eene des cons\u00e9quences multiples et tangibles&nbsp;: &nbsp;&nbsp;saturation des 178 places d\u2019h\u00e9bergement d\u2019urgence financ\u00e9es par l\u2019\u00c9tat et g\u00e9r\u00e9es par le CCAS, ainsi que celle des 320, bient\u00f4t 340, places d\u2019h\u00e9bergement financ\u00e9es par la Ville et g\u00e9r\u00e9es par le CCAS.<\/p>\n\n\n\n<!--more-->\n\n\n\n<p>C\u2019est dans ce contexte que plusieurs \u00e9coles grenobloises ont abrit\u00e9 plus de 150 personnes (enfants et parents) mises \u00e0 l\u2019abri par des collectifs citoyens au cours de l\u2019ann\u00e9e scolaire 2024-2025. La Ville a tol\u00e9r\u00e9 cette occupation pour la 3\u00e8me ann\u00e9e scolaire cons\u00e9cutive, afin de pr\u00e9server les enfants d\u2019une atteinte grave \u00e0 leurs droits et de conditions \u00e0 la rue extr\u00eamement pr\u00e9caires. Cette tol\u00e9rance ne doit pas se substituer \u00e0 l\u2019h\u00e9bergement d\u2019urgence dont l\u2019Etat a la charge. L\u2019augmentation de l\u2019occupation des \u00e9coles (qui se traduit par un doublement des familles abrit\u00e9es en 3 ans) est une source de pr\u00e9occupation pour la Ville, soucieuse de d\u2019assurer l\u2019\u00e9quilibre entre pr\u00e9servation du service public de l\u2019\u00e9ducation et dignit\u00e9 des familles mises \u00e0 l\u2019abri.<\/p>\n\n\n\n<p>Pendant l\u2019cette ann\u00e9e scolaire 24\/25, 40 m\u00e9nages (soit 152 personnes) ont \u00e9t\u00e9 abrit\u00e9s, \u00e0 des moments diff\u00e9rents, dans les \u00e9coles.<\/p>\n\n\n\n<p>Tout au long de l\u2019ann\u00e9e un travail important d\u2019orientation des familles sur les dispositifs de l\u2019Etat et du CCAS a \u00e9t\u00e9 men\u00e9. 15 de ces familles pr\u00e9sentes dans les \u00e9coles ont ainsi \u00e9t\u00e9 orient\u00e9es vers des dispositifs d\u2019h\u00e9bergement.<\/p>\n\n\n\n<p>Toutefois, quelques jours avant les vacances scolaires, 18 familles occupaient encore 9 \u00e9coles. Il \u00e9tait donc devenu imp\u00e9ratif de trouver des solutions afin d\u2019orienter ces personnes vers des solutions d\u2019h\u00e9bergement, malgr\u00e9 la saturation des dispositifs.<\/p>\n\n\n\n<p>Apr\u00e8s plusieurs semaines de travail, des \u00ab&nbsp;solutions&nbsp;\u00bb sont en passe d\u2019\u00eatre trouv\u00e9es.<\/p>\n\n\n\n<p>L\u2019\u00c9tat devrait proposer des solutions \u00e0 3 familles via les dispositifs r\u00e9serv\u00e9s aux demandeur-ses d\u2019asile, le CCAS quant \u00e0 lui va prendre en charge les 15 autres familles et les orienter progressivement soit vers des dispositifs d\u2019h\u00e9bergement qu\u2019il g\u00e8re, soit vers des dispositifs temporaires (auberge de jeunesse, mobil-home en camping, h\u00f4tels, etc.) cet \u00e9t\u00e9, le temps de tenter de trouver des solutions plus p\u00e9rennes \u00e0 l\u2019automne en lien avec les partenaires.<\/p>\n","protected":false},"excerpt":{"rendered":"<p>En l\u2019absence d\u2019un investissement suffisant de la part de l\u2019Etat en mati\u00e8re d\u2019h\u00e9bergement d\u2019urgence, la Ville de Grenoble et son CCAS ont continu\u00e9 d\u2019h\u00e9berger et de mettre \u00e0 l\u2019abri des m\u00e9nages occupant des \u00e9coles grenobloises. 15 familles \u00e9taient concern\u00e9es au d\u00e9but de l\u2019\u00e9t\u00e9. Le territoire fran\u00e7ais fait face \u00e0 une crise du logement et une [&hellip;]<\/p>\n","protected":false},"author":1,"featured_media":0,"comment_status":"closed","ping_status":"open","sticky":false,"template":"","format":"standard","meta":{"twitterCardType":"","cardImageID":0,"cardImage":"","cardTitle":"","cardDesc":"","cardImageAlt":"","cardPlayer":"","cardPlayerWidth":0,"cardPlayerHeight":0,"cardPlayerStream":"","cardPlayerCodec":"","footnotes":""},"categories":[62,11],"tags":[163,215,209],"class_list":["post-25014","post","type-post","status-publish","format-standard","hentry","category-le-rouge-le-vert-hebdo","category-politique-locale","tag-ecoles","tag-grenoble","tag-hebergement"],"_links":{"self":[{"href":"https:\/\/www.ades-grenoble.org\/wordpress\/wp-json\/wp\/v2\/posts\/25014","targetHints":{"allow":["GET"]}}],"collection":[{"href":"https:\/\/www.ades-grenoble.org\/wordpress\/wp-json\/wp\/v2\/posts"}],"about":[{"href":"https:\/\/www.ades-grenoble.org\/wordpress\/wp-json\/wp\/v2\/types\/post"}],"author":[{"embeddable":true,"href":"https:\/\/www.ades-grenoble.org\/wordpress\/wp-json\/wp\/v2\/users\/1"}],"replies":[{"embeddable":true,"href":"https:\/\/www.ades-grenoble.org\/wordpress\/wp-json\/wp\/v2\/comments?post=25014"}],"version-history":[{"count":1,"href":"https:\/\/www.ades-grenoble.org\/wordpress\/wp-json\/wp\/v2\/posts\/25014\/revisions"}],"predecessor-version":[{"id":25016,"href":"https:\/\/www.ades-grenoble.org\/wordpress\/wp-json\/wp\/v2\/posts\/25014\/revisions\/25016"}],"wp:attachment":[{"href":"https:\/\/www.ades-grenoble.org\/wordpress\/wp-json\/wp\/v2\/media?parent=25014"}],"wp:term":[{"taxonomy":"category","embeddable":true,"href":"https:\/\/www.ades-grenoble.org\/wordpress\/wp-json\/wp\/v2\/categories?post=25014"},{"taxonomy":"post_tag","embeddable":true,"href":"https:\/\/www.ades-grenoble.org\/wordpress\/wp-json\/wp\/v2\/tags?post=25014"}],"curies":[{"name":"wp","href":"https:\/\/api.w.org\/{rel}","templated":true}]}}