{"id":25239,"date":"2025-10-10T10:42:34","date_gmt":"2025-10-10T08:42:34","guid":{"rendered":"https:\/\/www.ades-grenoble.org\/wordpress\/?p=25239"},"modified":"2025-10-10T10:42:34","modified_gmt":"2025-10-10T08:42:34","slug":"politique-politicienne-338","status":"publish","type":"post","link":"https:\/\/www.ades-grenoble.org\/wordpress\/2025\/10\/10\/politique-politicienne-338\/","title":{"rendered":"Politique politicienne"},"content":{"rendered":"<div class=\"wp-block-image\">\n<figure class=\"alignleft size-full\"><img loading=\"lazy\" decoding=\"async\" width=\"200\" height=\"234\" src=\"https:\/\/www.ades-grenoble.org\/wordpress\/wp-content\/uploads\/2015\/01\/fou1.png\" alt=\"fou\" class=\"wp-image-9634\" srcset=\"https:\/\/www.ades-grenoble.org\/wordpress\/wp-content\/uploads\/2015\/01\/fou1.png 200w, https:\/\/www.ades-grenoble.org\/wordpress\/wp-content\/uploads\/2015\/01\/fou1-128x150.png 128w\" sizes=\"auto, (max-width: 200px) 100vw, 200px\" \/><\/figure>\n<\/div>\n\n\n<p><a href=\"https:\/\/www.ades-grenoble.org\/wordpress\/2025\/10\/03\/un-sondage-pour-les-elections-municipales-a-grenoble\/\" data-type=\"link\" data-id=\"https:\/\/www.ades-grenoble.org\/wordpress\/2025\/10\/03\/un-sondage-pour-les-elections-municipales-a-grenoble\/\">Les r\u00e9sultats du sondage command\u00e9 par l\u2019ADES<\/a> ont fortement perturb\u00e9 les oppositions municipales grenobloises, \u00a0en particulier celle qui se voyait d\u00e9j\u00e0 en haut de l\u2019affiche.<a href=\"https:\/\/www.ades-grenoble.org\/wordpress\/2025\/10\/03\/un-sondage-pour-les-elections-municipales-a-grenoble\/\"> <\/a> En effet les soutiens \u00e0 la liste de Carignon, sp\u00e9cialistes des \u00ab\u00a0fake-news\u00a0\u00bb essaient de faire croire qu\u2019ils seraient en t\u00eate au premier tour, alors qu\u2019ils en sont tr\u00e8s tr\u00e8s loin. Le sondage les ram\u00e8ne au niveau o\u00f9 ils sont, \u00e0 savoir quelques petits points au-dessus du score de 2020. 5 ans d\u2019opposition acharn\u00e9e pour \u00e7a, c\u2019est effectivement d\u00e9sesp\u00e9rant. Donc il faut vite trouver des angles d\u2019attaques pour noyer le poisson. L\u2019ADES est intim\u00e9e de rendre public des r\u00e9sultats suppl\u00e9mentaires du sondage. Mais il suffit de rappeler la loi qui fixe les r\u00e8gles concernant les sondages d\u2019opinion rappel\u00e9es par la Commission des sondages\u00a0: il y a un droit \u00e0 publier et un droit \u00e0 ne pas publier. Laissons \u00e0 d\u2019autres le soin de faire des sondages suppl\u00e9mentaires. L\u2019ADES a obtenu ce qu\u2019elle cherchait\u00a0: mesurer le point de d\u00e9part d\u2019une campagne avec une t\u00eate de liste peu connue du grand public. Le r\u00e9sultat est satisfaisant et ne peut que s\u2019am\u00e9liorer, puisque la campagne de Laurence Ruffin ne fait que commencer.<\/p>\n","protected":false},"excerpt":{"rendered":"<p>Les r\u00e9sultats du sondage command\u00e9 par l\u2019ADES ont fortement perturb\u00e9 les oppositions municipales grenobloises, \u00a0en particulier celle qui se voyait d\u00e9j\u00e0 en haut de l\u2019affiche. En effet les soutiens \u00e0 la liste de Carignon, sp\u00e9cialistes des \u00ab\u00a0fake-news\u00a0\u00bb essaient de faire croire qu\u2019ils seraient en t\u00eate au premier tour, alors qu\u2019ils en sont tr\u00e8s tr\u00e8s loin. [&hellip;]<\/p>\n","protected":false},"author":1,"featured_media":0,"comment_status":"closed","ping_status":"open","sticky":false,"template":"","format":"standard","meta":{"twitterCardType":"","cardImageID":0,"cardImage":"","cardTitle":"","cardDesc":"","cardImageAlt":"","cardPlayer":"","cardPlayerWidth":0,"cardPlayerHeight":0,"cardPlayerStream":"","cardPlayerCodec":"","footnotes":""},"categories":[62,11],"tags":[54],"class_list":["post-25239","post","type-post","status-publish","format-standard","hentry","category-le-rouge-le-vert-hebdo","category-politique-locale","tag-politique-droite-gauche"],"_links":{"self":[{"href":"https:\/\/www.ades-grenoble.org\/wordpress\/wp-json\/wp\/v2\/posts\/25239","targetHints":{"allow":["GET"]}}],"collection":[{"href":"https:\/\/www.ades-grenoble.org\/wordpress\/wp-json\/wp\/v2\/posts"}],"about":[{"href":"https:\/\/www.ades-grenoble.org\/wordpress\/wp-json\/wp\/v2\/types\/post"}],"author":[{"embeddable":true,"href":"https:\/\/www.ades-grenoble.org\/wordpress\/wp-json\/wp\/v2\/users\/1"}],"replies":[{"embeddable":true,"href":"https:\/\/www.ades-grenoble.org\/wordpress\/wp-json\/wp\/v2\/comments?post=25239"}],"version-history":[{"count":1,"href":"https:\/\/www.ades-grenoble.org\/wordpress\/wp-json\/wp\/v2\/posts\/25239\/revisions"}],"predecessor-version":[{"id":25240,"href":"https:\/\/www.ades-grenoble.org\/wordpress\/wp-json\/wp\/v2\/posts\/25239\/revisions\/25240"}],"wp:attachment":[{"href":"https:\/\/www.ades-grenoble.org\/wordpress\/wp-json\/wp\/v2\/media?parent=25239"}],"wp:term":[{"taxonomy":"category","embeddable":true,"href":"https:\/\/www.ades-grenoble.org\/wordpress\/wp-json\/wp\/v2\/categories?post=25239"},{"taxonomy":"post_tag","embeddable":true,"href":"https:\/\/www.ades-grenoble.org\/wordpress\/wp-json\/wp\/v2\/tags?post=25239"}],"curies":[{"name":"wp","href":"https:\/\/api.w.org\/{rel}","templated":true}]}}