{"id":25243,"date":"2025-10-10T10:42:45","date_gmt":"2025-10-10T08:42:45","guid":{"rendered":"https:\/\/www.ades-grenoble.org\/wordpress\/?p=25243"},"modified":"2025-10-10T10:42:45","modified_gmt":"2025-10-10T08:42:45","slug":"la-liquidation-judiciaire-du-groupe-avec","status":"publish","type":"post","link":"https:\/\/www.ades-grenoble.org\/wordpress\/2025\/10\/10\/la-liquidation-judiciaire-du-groupe-avec\/","title":{"rendered":"La liquidation judiciaire du groupe AVEC"},"content":{"rendered":"<div class=\"wp-block-image\">\n<figure class=\"alignleft size-full\"><img loading=\"lazy\" decoding=\"async\" width=\"400\" height=\"92\" src=\"https:\/\/www.ades-grenoble.org\/wordpress\/wp-content\/uploads\/2025\/06\/sante-pas-a-vendre.jpg\" alt=\"\" class=\"wp-image-24758\" srcset=\"https:\/\/www.ades-grenoble.org\/wordpress\/wp-content\/uploads\/2025\/06\/sante-pas-a-vendre.jpg 400w, https:\/\/www.ades-grenoble.org\/wordpress\/wp-content\/uploads\/2025\/06\/sante-pas-a-vendre-300x69.jpg 300w, https:\/\/www.ades-grenoble.org\/wordpress\/wp-content\/uploads\/2025\/06\/sante-pas-a-vendre-150x35.jpg 150w\" sizes=\"auto, (max-width: 400px) 100vw, 400px\" \/><\/figure>\n<\/div>\n\n\n<p>La longue bataille men\u00e9e contre les nombreuses malversations de Bernard Bensaid vient de marquer un point d\u00e9cisif. Le 8 octobre, le tribunal de commerce de Bobigny d\u00e9cide de la liquidation judiciaire avec effet imm\u00e9diat du groupe AVEC. Bensaid a d\u00e9clar\u00e9 faire appel, mais cela ne changera pas le fait que ce groupe est en faillite.<\/p>\n\n\n\n<p>Le ch\u00e2teau de carte s\u2019est \u00e9croul\u00e9, malheureusement les d\u00e9g\u00e2ts vont \u00eatre consid\u00e9rables dans toute la France, o\u00f9 de nombreux emplois seront supprim\u00e9s.<\/p>\n\n\n\n<p>A Grenoble on ne peut que se r\u00e9jouir de cette d\u00e9cision, m\u00eame si elle a pour conclusion assez \u00e9vidente que les ponctions d\u2019argent du GHM vers le groupe AVEC ne seront pas rembours\u00e9es.<\/p>\n\n\n\n<p>Pour l\u2019instant il n\u2019y a pas de cons\u00e9quence sur le GHM qui est sous administration judiciaire suite aux d\u00e9cisions de la justice, notamment <a href=\"https:\/\/www.ades-grenoble.org\/wordpress\/2025\/04\/18\/nouvel-acte-judiciaire-concernant-la-clinique-mutualiste-de-grenoble\/\" data-type=\"link\" data-id=\"https:\/\/www.ades-grenoble.org\/wordpress\/2025\/04\/18\/nouvel-acte-judiciaire-concernant-la-clinique-mutualiste-de-grenoble\/\">l\u2019arr\u00eat de la cour d\u2019appel du 10 avril 2025<\/a>.<\/p>\n\n\n\n<p>La question de la reprise du GHM va se reposer, car la situation actuelle ne pourra pas se poursuivre sans mettre en p\u00e9ril la qualit\u00e9 des soins puisque sous administration judiciaire les investissements pour pr\u00e9parer l\u2019avenir ne sont pas possibles.<\/p>\n\n\n\n<!--more-->\n\n\n\n<p>Rappel des d\u00e9cisions importantes de ces derniers jours&nbsp;:<\/p>\n\n\n\n<p>Le 2 octobre 2025, le parquet de Grenoble requiert le renvoi de Bernard Bensaid et du groupe AVEC en correctionnelle, pour prise ill\u00e9gale d\u2019int\u00e9r\u00eat et d\u00e9tournement de fonds dans le dossier du Groupe hospitalier mutualiste. Il sera alors possible, pour le GHM d\u2019obtenir r\u00e9paration d\u2019une partie du pr\u00e9judice subit, mais cela prendra des ann\u00e9es. L\u2019audience est pr\u00e9vue pour le 8 septembre 2026.<\/p>\n\n\n\n<p>Le 3 octobre le Tribunal de commerce de Bobigny rend un jugement qui rejette le plan de redressement propos\u00e9 par la nouvelle direction du groupe AVEC.<\/p>\n\n\n\n<p>Le 8 octobre, le tribunal de commerce de Bobigny d\u00e9cide de la liquidation judiciaire du groupe avec effet imm\u00e9diat, c\u2019est-\u00e0-dire cessation imm\u00e9diate de l\u2019activit\u00e9 de ce groupe.<\/p>\n","protected":false},"excerpt":{"rendered":"<p>La longue bataille men\u00e9e contre les nombreuses malversations de Bernard Bensaid vient de marquer un point d\u00e9cisif. Le 8 octobre, le tribunal de commerce de Bobigny d\u00e9cide de la liquidation judiciaire avec effet imm\u00e9diat du groupe AVEC. Bensaid a d\u00e9clar\u00e9 faire appel, mais cela ne changera pas le fait que ce groupe est en faillite. [&hellip;]<\/p>\n","protected":false},"author":1,"featured_media":0,"comment_status":"closed","ping_status":"open","sticky":false,"template":"","format":"standard","meta":{"twitterCardType":"","cardImageID":0,"cardImage":"","cardTitle":"","cardDesc":"","cardImageAlt":"","cardPlayer":"","cardPlayerWidth":0,"cardPlayerHeight":0,"cardPlayerStream":"","cardPlayerCodec":"","footnotes":""},"categories":[62,11],"tags":[243,99],"class_list":["post-25243","post","type-post","status-publish","format-standard","hentry","category-le-rouge-le-vert-hebdo","category-politique-locale","tag-justice","tag-sante"],"_links":{"self":[{"href":"https:\/\/www.ades-grenoble.org\/wordpress\/wp-json\/wp\/v2\/posts\/25243","targetHints":{"allow":["GET"]}}],"collection":[{"href":"https:\/\/www.ades-grenoble.org\/wordpress\/wp-json\/wp\/v2\/posts"}],"about":[{"href":"https:\/\/www.ades-grenoble.org\/wordpress\/wp-json\/wp\/v2\/types\/post"}],"author":[{"embeddable":true,"href":"https:\/\/www.ades-grenoble.org\/wordpress\/wp-json\/wp\/v2\/users\/1"}],"replies":[{"embeddable":true,"href":"https:\/\/www.ades-grenoble.org\/wordpress\/wp-json\/wp\/v2\/comments?post=25243"}],"version-history":[{"count":1,"href":"https:\/\/www.ades-grenoble.org\/wordpress\/wp-json\/wp\/v2\/posts\/25243\/revisions"}],"predecessor-version":[{"id":25244,"href":"https:\/\/www.ades-grenoble.org\/wordpress\/wp-json\/wp\/v2\/posts\/25243\/revisions\/25244"}],"wp:attachment":[{"href":"https:\/\/www.ades-grenoble.org\/wordpress\/wp-json\/wp\/v2\/media?parent=25243"}],"wp:term":[{"taxonomy":"category","embeddable":true,"href":"https:\/\/www.ades-grenoble.org\/wordpress\/wp-json\/wp\/v2\/categories?post=25243"},{"taxonomy":"post_tag","embeddable":true,"href":"https:\/\/www.ades-grenoble.org\/wordpress\/wp-json\/wp\/v2\/tags?post=25243"}],"curies":[{"name":"wp","href":"https:\/\/api.w.org\/{rel}","templated":true}]}}