{"id":25297,"date":"2025-10-24T11:16:01","date_gmt":"2025-10-24T09:16:01","guid":{"rendered":"https:\/\/www.ades-grenoble.org\/wordpress\/?p=25297"},"modified":"2025-10-24T11:16:01","modified_gmt":"2025-10-24T09:16:01","slug":"politique-politicienne-340","status":"publish","type":"post","link":"https:\/\/www.ades-grenoble.org\/wordpress\/2025\/10\/24\/politique-politicienne-340\/","title":{"rendered":"Politique politicienne"},"content":{"rendered":"<div class=\"wp-block-image\">\n<figure class=\"alignleft size-full\"><img loading=\"lazy\" decoding=\"async\" width=\"200\" height=\"234\" src=\"https:\/\/www.ades-grenoble.org\/wordpress\/wp-content\/uploads\/2015\/01\/fou1.png\" alt=\"fou\" class=\"wp-image-9634\" srcset=\"https:\/\/www.ades-grenoble.org\/wordpress\/wp-content\/uploads\/2015\/01\/fou1.png 200w, https:\/\/www.ades-grenoble.org\/wordpress\/wp-content\/uploads\/2015\/01\/fou1-128x150.png 128w\" sizes=\"auto, (max-width: 200px) 100vw, 200px\" \/><\/figure>\n<\/div>\n\n\n<p>Eh oui\u00a0! Notons l\u2019\u00e9chec de la demande des collaborateurs de Carignon aupr\u00e8s de la commission des sondages pour obtenir la publication de la totalit\u00e9 du sondage command\u00e9 \u00e0 Cluster17 par l\u2019ADES, concernant le climat politique \u00e0 Grenoble. La loi leur a \u00e9t\u00e9 rappel\u00e9e\u00a0: seul ce qui est publi\u00e9 dans un m\u00e9dia est accessible au public. C\u2019est ce qui se passe pour les sondages effectu\u00e9s par des personnes priv\u00e9es, contrairement aux sondages effectu\u00e9s par des administrations publiques, voir <a href=\"https:\/\/www.ades-grenoble.org\/wordpress\/2021\/10\/22\/affaire-des-sondages-de-lelysee-enfin-devant-la-justice\/\" data-type=\"link\" data-id=\"https:\/\/www.ades-grenoble.org\/wordpress\/2021\/10\/22\/affaire-des-sondages-de-lelysee-enfin-devant-la-justice\/\">les sondages de l\u2019Elys\u00e9es sous Sarkozy<\/a> dont les contenus ont \u00e9t\u00e9 obtenus par Raymond Avrillier.<\/p>\n\n\n\n<hr class=\"wp-block-separator has-alpha-channel-opacity\"\/>\n\n\n\n<p>Jean-Yves Noyrey, maire (LR) de l\u2019Alpe d\u2019Huez\u00a0venait d\u2019annoncer sa candidature \u00e0 un nouveau mandat, le 11 septembre, mais il a comparu, le 14 octobre 2025, devant le tribunal judiciaire de Grenoble, dans une affaire de march\u00e9 truqu\u00e9. Il s\u2019agissait de l\u2019attribution d\u2019un march\u00e9 public portant sur l\u2019am\u00e9nagement d\u2019un espace sportif et de loisirs, pour un montant de 553\u00a0000\u00a0euros. Le procureur requiert contre lui une peine de deux ans d\u2019in\u00e9ligibilit\u00e9 pour favoritisme, le parquet n\u2019en demande pas l\u2019ex\u00e9cution imm\u00e9diate. Le tribunal, qui peut aller au-del\u00e0 des r\u00e9quisitions, a mis sa d\u00e9cision en d\u00e9lib\u00e9r\u00e9 au 9 d\u00e9cembre. Mais il n\u2019en a pas fini puisqu\u2019 il est aussi vis\u00e9 par une autre enqu\u00eate pour favoritisme, confi\u00e9e \u00e0 la brigade financi\u00e8re de Grenoble, concernant l\u2019obtention par la Sata (soci\u00e9t\u00e9 d\u2019\u00e9conomie mixte) dont il est le pr\u00e9sident, en 2020, de la d\u00e9l\u00e9gation de service public (DSP) pour la construction et l\u2019exploitation de la station des Deux-Alpes. <a href=\"https:\/\/www.mediapart.fr\/journal\/france\/171025\/l-alpe-d-huez-une-principaute-sous-enquete\" data-type=\"link\" data-id=\"https:\/\/www.mediapart.fr\/journal\/france\/171025\/l-alpe-d-huez-une-principaute-sous-enquete\">Ces affaires<\/a> pourraient-elles perturber la venue de la Sata \u00e0 l\u2019Alpe du Grand Serre pour relancer l\u2019exploitation de la station de ski\u00a0?<\/p>\n","protected":false},"excerpt":{"rendered":"<p>Eh oui\u00a0! Notons l\u2019\u00e9chec de la demande des collaborateurs de Carignon aupr\u00e8s de la commission des sondages pour obtenir la publication de la totalit\u00e9 du sondage command\u00e9 \u00e0 Cluster17 par l\u2019ADES, concernant le climat politique \u00e0 Grenoble. La loi leur a \u00e9t\u00e9 rappel\u00e9e\u00a0: seul ce qui est publi\u00e9 dans un m\u00e9dia est accessible au public. [&hellip;]<\/p>\n","protected":false},"author":1,"featured_media":0,"comment_status":"closed","ping_status":"open","sticky":false,"template":"","format":"standard","meta":{"twitterCardType":"","cardImageID":0,"cardImage":"","cardTitle":"","cardDesc":"","cardImageAlt":"","cardPlayer":"","cardPlayerWidth":0,"cardPlayerHeight":0,"cardPlayerStream":"","cardPlayerCodec":"","footnotes":""},"categories":[62,11],"tags":[54],"class_list":["post-25297","post","type-post","status-publish","format-standard","hentry","category-le-rouge-le-vert-hebdo","category-politique-locale","tag-politique-droite-gauche"],"_links":{"self":[{"href":"https:\/\/www.ades-grenoble.org\/wordpress\/wp-json\/wp\/v2\/posts\/25297","targetHints":{"allow":["GET"]}}],"collection":[{"href":"https:\/\/www.ades-grenoble.org\/wordpress\/wp-json\/wp\/v2\/posts"}],"about":[{"href":"https:\/\/www.ades-grenoble.org\/wordpress\/wp-json\/wp\/v2\/types\/post"}],"author":[{"embeddable":true,"href":"https:\/\/www.ades-grenoble.org\/wordpress\/wp-json\/wp\/v2\/users\/1"}],"replies":[{"embeddable":true,"href":"https:\/\/www.ades-grenoble.org\/wordpress\/wp-json\/wp\/v2\/comments?post=25297"}],"version-history":[{"count":1,"href":"https:\/\/www.ades-grenoble.org\/wordpress\/wp-json\/wp\/v2\/posts\/25297\/revisions"}],"predecessor-version":[{"id":25298,"href":"https:\/\/www.ades-grenoble.org\/wordpress\/wp-json\/wp\/v2\/posts\/25297\/revisions\/25298"}],"wp:attachment":[{"href":"https:\/\/www.ades-grenoble.org\/wordpress\/wp-json\/wp\/v2\/media?parent=25297"}],"wp:term":[{"taxonomy":"category","embeddable":true,"href":"https:\/\/www.ades-grenoble.org\/wordpress\/wp-json\/wp\/v2\/categories?post=25297"},{"taxonomy":"post_tag","embeddable":true,"href":"https:\/\/www.ades-grenoble.org\/wordpress\/wp-json\/wp\/v2\/tags?post=25297"}],"curies":[{"name":"wp","href":"https:\/\/api.w.org\/{rel}","templated":true}]}}