{"id":25301,"date":"2025-10-24T11:16:14","date_gmt":"2025-10-24T09:16:14","guid":{"rendered":"https:\/\/www.ades-grenoble.org\/wordpress\/?p=25301"},"modified":"2025-10-24T11:16:14","modified_gmt":"2025-10-24T09:16:14","slug":"letat-des-finances-de-la-ville-de-grenoble-fin-2024-tres-correct","status":"publish","type":"post","link":"https:\/\/www.ades-grenoble.org\/wordpress\/2025\/10\/24\/letat-des-finances-de-la-ville-de-grenoble-fin-2024-tres-correct\/","title":{"rendered":"L\u2019\u00e9tat des finances de la ville de Grenoble fin 2024\u00a0: tr\u00e8s correct"},"content":{"rendered":"<div class=\"wp-block-image\">\n<figure class=\"alignleft size-full\"><img loading=\"lazy\" decoding=\"async\" width=\"167\" height=\"158\" src=\"https:\/\/www.ades-grenoble.org\/wordpress\/wp-content\/uploads\/2008\/12\/tirelire.jpg\" alt=\"\" class=\"wp-image-350\"\/><\/figure>\n<\/div>\n\n\n<p>Historiquement Grenoble est une ville qui propose des services publics nettement plus importants que la moyenne des autres grandes villes, ceci se mesure en comparant les d\u00e9penses de personnel avec celle des autres villes. On peut comparer les finances entre communes de m\u00eame importance (sup\u00e9rieure \u00e0 100&nbsp;000 habitants) \u00e0 fin 2024, les chiffres viennent d\u2019\u00eatre \u00e9dit\u00e9s par la DGCL.<\/p>\n\n\n\n<p>En 2024, Grenoble a d\u00e9pens\u00e9 en masse salariale 1000 \u20ac par habitant, les autres grandes villes 800 \u20ac\/habitant. Dans les augmentations des d\u00e9penses de personnels il y a des d\u00e9cisions impos\u00e9es par les gouvernements, notamment la forte augmentation des cotisations retraite des agent-es, ce qui atteint plus Grenoble que les autres villes puisqu\u2019il y a plus de personnel.<\/p>\n\n\n\n<p>Mais attention l\u2019ann\u00e9e 2025 pourrait s\u2019av\u00e9rer \u00eatre un peu plus difficile vu les diminutions de recettes et l\u2019augmentation des d\u00e9penses impos\u00e9es par le budget de l\u2019Etat adopt\u00e9 en f\u00e9vrier 2025. On en saura plus lors du conseil municipal du 3 novembre 2025, qui d\u00e9battra du Rapport d\u2019orientation budg\u00e9taire et lors de l\u2019adoption du budget primitif pour 2026, le 15 d\u00e9cembre.<\/p>\n\n\n\n<!--more-->\n\n\n<div class=\"wp-block-image\">\n<figure class=\"aligncenter size-full\"><img loading=\"lazy\" decoding=\"async\" width=\"800\" height=\"481\" src=\"https:\/\/www.ades-grenoble.org\/wordpress\/wp-content\/uploads\/2025\/10\/Depenses-personnel.jpg\" alt=\"\" class=\"wp-image-25303\" srcset=\"https:\/\/www.ades-grenoble.org\/wordpress\/wp-content\/uploads\/2025\/10\/Depenses-personnel.jpg 800w, https:\/\/www.ades-grenoble.org\/wordpress\/wp-content\/uploads\/2025\/10\/Depenses-personnel-300x180.jpg 300w, https:\/\/www.ades-grenoble.org\/wordpress\/wp-content\/uploads\/2025\/10\/Depenses-personnel-150x90.jpg 150w, https:\/\/www.ades-grenoble.org\/wordpress\/wp-content\/uploads\/2025\/10\/Depenses-personnel-768x462.jpg 768w, https:\/\/www.ades-grenoble.org\/wordpress\/wp-content\/uploads\/2025\/10\/Depenses-personnel-600x361.jpg 600w\" sizes=\"auto, (max-width: 800px) 100vw, 800px\" \/><\/figure>\n<\/div>\n\n\n<p>Un des indicateurs cl\u00e9 permettant de savoir si la dette d\u2019une collectivit\u00e9 est supportable ou pas, est le rapport entre le stock de la dette et les recettes r\u00e9elles de fonctionnement. Plus on est riche plus on peut avoir une dette importante car on a les moyens de la rembourser. Actuellement, en 2024 ce ratio est de 76 % pour Grenoble et pour la moyenne des grandes villes de m\u00eame strate il est de 70%. La situation de Grenoble concernant sa dette est donc maintenant dans la moyenne des grandes villes.<\/p>\n\n\n<div class=\"wp-block-image\">\n<figure class=\"aligncenter size-full\"><img loading=\"lazy\" decoding=\"async\" width=\"800\" height=\"480\" src=\"https:\/\/www.ades-grenoble.org\/wordpress\/wp-content\/uploads\/2025\/10\/Dette-fonctionnement-1.jpg\" alt=\"\" class=\"wp-image-25304\" srcset=\"https:\/\/www.ades-grenoble.org\/wordpress\/wp-content\/uploads\/2025\/10\/Dette-fonctionnement-1.jpg 800w, https:\/\/www.ades-grenoble.org\/wordpress\/wp-content\/uploads\/2025\/10\/Dette-fonctionnement-1-300x180.jpg 300w, https:\/\/www.ades-grenoble.org\/wordpress\/wp-content\/uploads\/2025\/10\/Dette-fonctionnement-1-150x90.jpg 150w, https:\/\/www.ades-grenoble.org\/wordpress\/wp-content\/uploads\/2025\/10\/Dette-fonctionnement-1-768x461.jpg 768w, https:\/\/www.ades-grenoble.org\/wordpress\/wp-content\/uploads\/2025\/10\/Dette-fonctionnement-1-600x360.jpg 600w\" sizes=\"auto, (max-width: 800px) 100vw, 800px\" \/><\/figure>\n<\/div>\n\n\n<p>Historiquement cela n\u2019a pas \u00e9t\u00e9 aussi rose sous le mandat de Carignon, qui avait trouv\u00e9 en 1983 une collectivit\u00e9 avec une dette bien contr\u00f4l\u00e9e et avait fait passer en quelques ann\u00e9es ce rapport \u00e0 125 %, ce qui a asphyxi\u00e9 la ville pendant de tr\u00e8s longues ann\u00e9es jusqu\u2019\u00e0 ce qu\u2019\u00e0 partir de 1995 elle commence \u00e0 s\u2019en d\u00e9sintoxiquer. Il faut se m\u00e9fier des promesses de Carignon car on peut conclure de cette exp\u00e9rience v\u00e9cue par les grenoblois que c\u2019est quelqu\u2019un qui est capable de d\u00e9t\u00e9riorer tr\u00e8s rapidement et pour de longues ann\u00e9es les finances d\u2019une ville\u2026ne parlons pas du logement social o\u00f9 il a mis en faillite le bailleur social de Grenoble (anciennement l\u2019OPALE devenu ACTIS) avec un trou de 140 millions de francs que la ville et l\u2019Etat ont rembours\u00e9.<\/p>\n\n\n<div class=\"wp-block-image\">\n<figure class=\"aligncenter size-full\"><img loading=\"lazy\" decoding=\"async\" width=\"800\" height=\"479\" src=\"https:\/\/www.ades-grenoble.org\/wordpress\/wp-content\/uploads\/2025\/10\/Dettes-recettes.jpg\" alt=\"\" class=\"wp-image-25305\" srcset=\"https:\/\/www.ades-grenoble.org\/wordpress\/wp-content\/uploads\/2025\/10\/Dettes-recettes.jpg 800w, https:\/\/www.ades-grenoble.org\/wordpress\/wp-content\/uploads\/2025\/10\/Dettes-recettes-300x180.jpg 300w, https:\/\/www.ades-grenoble.org\/wordpress\/wp-content\/uploads\/2025\/10\/Dettes-recettes-150x90.jpg 150w, https:\/\/www.ades-grenoble.org\/wordpress\/wp-content\/uploads\/2025\/10\/Dettes-recettes-768x460.jpg 768w, https:\/\/www.ades-grenoble.org\/wordpress\/wp-content\/uploads\/2025\/10\/Dettes-recettes-600x359.jpg 600w\" sizes=\"auto, (max-width: 800px) 100vw, 800px\" \/><\/figure>\n<\/div>\n\n\n<p>Entre 2015 et 2022, la ville a manqu\u00e9 de recettes (il y a eu la forte diminution des versements de l\u2019Etat et des d\u00e9penses nouvelles impos\u00e9es), la hausse d\u2019imp\u00f4ts de 2023 a permis de remettre la ville dans une trajectoire normale.<\/p>\n\n\n\n<p>Un autre ratio est int\u00e9ressant, c\u2019est le rapport entre les d\u00e9penses de gestion (les frais dont ont besoin les agents pour travailler) et les salaires. Grenoble ressemble beaucoup \u00e0 la moyenne des autres grandes villes et ce rapport est assez constant, ce qui indique qu\u2019il n\u2019y a pas d\u2019argent public gaspill\u00e9 quotidiennement en fonctionnement pour les personnels.<\/p>\n\n\n<div class=\"wp-block-image\">\n<figure class=\"aligncenter size-full\"><img loading=\"lazy\" decoding=\"async\" width=\"800\" height=\"480\" src=\"https:\/\/www.ades-grenoble.org\/wordpress\/wp-content\/uploads\/2025\/10\/Depenses-gestion-personnel.jpg\" alt=\"\" class=\"wp-image-25302\" srcset=\"https:\/\/www.ades-grenoble.org\/wordpress\/wp-content\/uploads\/2025\/10\/Depenses-gestion-personnel.jpg 800w, https:\/\/www.ades-grenoble.org\/wordpress\/wp-content\/uploads\/2025\/10\/Depenses-gestion-personnel-300x180.jpg 300w, https:\/\/www.ades-grenoble.org\/wordpress\/wp-content\/uploads\/2025\/10\/Depenses-gestion-personnel-150x90.jpg 150w, https:\/\/www.ades-grenoble.org\/wordpress\/wp-content\/uploads\/2025\/10\/Depenses-gestion-personnel-768x461.jpg 768w, https:\/\/www.ades-grenoble.org\/wordpress\/wp-content\/uploads\/2025\/10\/Depenses-gestion-personnel-600x360.jpg 600w\" sizes=\"auto, (max-width: 800px) 100vw, 800px\" \/><\/figure>\n<\/div>","protected":false},"excerpt":{"rendered":"<p>Historiquement Grenoble est une ville qui propose des services publics nettement plus importants que la moyenne des autres grandes villes, ceci se mesure en comparant les d\u00e9penses de personnel avec celle des autres villes. On peut comparer les finances entre communes de m\u00eame importance (sup\u00e9rieure \u00e0 100&nbsp;000 habitants) \u00e0 fin 2024, les chiffres viennent d\u2019\u00eatre [&hellip;]<\/p>\n","protected":false},"author":1,"featured_media":0,"comment_status":"closed","ping_status":"open","sticky":false,"template":"","format":"standard","meta":{"twitterCardType":"","cardImageID":0,"cardImage":"","cardTitle":"","cardDesc":"","cardImageAlt":"","cardPlayer":"","cardPlayerWidth":0,"cardPlayerHeight":0,"cardPlayerStream":"","cardPlayerCodec":"","footnotes":""},"categories":[62,11],"tags":[138,215],"class_list":["post-25301","post","type-post","status-publish","format-standard","hentry","category-le-rouge-le-vert-hebdo","category-politique-locale","tag-finances","tag-grenoble"],"_links":{"self":[{"href":"https:\/\/www.ades-grenoble.org\/wordpress\/wp-json\/wp\/v2\/posts\/25301","targetHints":{"allow":["GET"]}}],"collection":[{"href":"https:\/\/www.ades-grenoble.org\/wordpress\/wp-json\/wp\/v2\/posts"}],"about":[{"href":"https:\/\/www.ades-grenoble.org\/wordpress\/wp-json\/wp\/v2\/types\/post"}],"author":[{"embeddable":true,"href":"https:\/\/www.ades-grenoble.org\/wordpress\/wp-json\/wp\/v2\/users\/1"}],"replies":[{"embeddable":true,"href":"https:\/\/www.ades-grenoble.org\/wordpress\/wp-json\/wp\/v2\/comments?post=25301"}],"version-history":[{"count":2,"href":"https:\/\/www.ades-grenoble.org\/wordpress\/wp-json\/wp\/v2\/posts\/25301\/revisions"}],"predecessor-version":[{"id":25307,"href":"https:\/\/www.ades-grenoble.org\/wordpress\/wp-json\/wp\/v2\/posts\/25301\/revisions\/25307"}],"wp:attachment":[{"href":"https:\/\/www.ades-grenoble.org\/wordpress\/wp-json\/wp\/v2\/media?parent=25301"}],"wp:term":[{"taxonomy":"category","embeddable":true,"href":"https:\/\/www.ades-grenoble.org\/wordpress\/wp-json\/wp\/v2\/categories?post=25301"},{"taxonomy":"post_tag","embeddable":true,"href":"https:\/\/www.ades-grenoble.org\/wordpress\/wp-json\/wp\/v2\/tags?post=25301"}],"curies":[{"name":"wp","href":"https:\/\/api.w.org\/{rel}","templated":true}]}}