{"id":2547,"date":"2010-11-02T09:42:27","date_gmt":"2010-11-02T07:42:27","guid":{"rendered":"http:\/\/www.ades-grenoble.org\/wordpress\/?p=2547"},"modified":"2010-11-26T21:35:23","modified_gmt":"2010-11-26T19:35:23","slug":"gf38-confirmation-de-la-diminution-prochaine-du-loyer-du-stade","status":"publish","type":"post","link":"https:\/\/www.ades-grenoble.org\/wordpress\/2010\/11\/02\/gf38-confirmation-de-la-diminution-prochaine-du-loyer-du-stade\/","title":{"rendered":"GF38 : confirmation de la diminution prochaine du loyer du stade"},"content":{"rendered":"<p>Le directeur g\u00e9n\u00e9ral d\u00e9l\u00e9gu\u00e9 du GF38 confirme ce que nous indiquions depuis plusieurs mois\u00a0:<\/p>\n<p><em>\u00ab\u00a0Nous avons entam\u00e9 des discussions avec la ville de Grenoble et la M\u00e9tro afin de voir comment on pourrait r\u00e9duire nos charges, notamment \u00e0 travers le loyer du stade. Les collectivit\u00e9s locales se sont montr\u00e9es tout \u00e0 fait coop\u00e9ratives\u00a0\u00bb<\/em><\/p>\n<p><a href=\"http:\/\/www.ades-grenoble.org\/wordpress\/2010\/04\/22\/le-cout-du-stade-des-alpes-pour-la-metro\/\" target=\"_self\">Le loyer \u00e9tait d\u00e9j\u00e0 tr\u00e8s inf\u00e9rieur au vrai co\u00fbt de l\u2019exploitation du stade<\/a>, le diminuer serait amplifier une aide cach\u00e9e et ill\u00e9gale \u00e0 une entreprise priv\u00e9e. La M\u00e9tro va-t-elle poursuivre en ce sens\u00a0?<\/p>\n","protected":false},"excerpt":{"rendered":"<p>Le directeur g\u00e9n\u00e9ral d\u00e9l\u00e9gu\u00e9 du GF38 confirme ce que nous indiquions depuis plusieurs mois\u00a0: \u00ab\u00a0Nous avons entam\u00e9 des discussions avec la ville de Grenoble et la M\u00e9tro afin de voir comment on pourrait r\u00e9duire nos charges, notamment \u00e0 travers le loyer du stade. Les collectivit\u00e9s locales se sont montr\u00e9es tout \u00e0 fait coop\u00e9ratives\u00a0\u00bb Le loyer [&hellip;]<\/p>\n","protected":false},"author":1,"featured_media":0,"comment_status":"closed","ping_status":"open","sticky":false,"template":"","format":"standard","meta":{"twitterCardType":"","cardImageID":0,"cardImage":"","cardTitle":"","cardDesc":"","cardImageAlt":"","cardPlayer":"","cardPlayerWidth":0,"cardPlayerHeight":0,"cardPlayerStream":"","cardPlayerCodec":"","footnotes":""},"categories":[62,16],"tags":[233],"class_list":["post-2547","post","type-post","status-publish","format-standard","hentry","category-le-rouge-le-vert-hebdo","category-stade","tag-stade"],"_links":{"self":[{"href":"https:\/\/www.ades-grenoble.org\/wordpress\/wp-json\/wp\/v2\/posts\/2547","targetHints":{"allow":["GET"]}}],"collection":[{"href":"https:\/\/www.ades-grenoble.org\/wordpress\/wp-json\/wp\/v2\/posts"}],"about":[{"href":"https:\/\/www.ades-grenoble.org\/wordpress\/wp-json\/wp\/v2\/types\/post"}],"author":[{"embeddable":true,"href":"https:\/\/www.ades-grenoble.org\/wordpress\/wp-json\/wp\/v2\/users\/1"}],"replies":[{"embeddable":true,"href":"https:\/\/www.ades-grenoble.org\/wordpress\/wp-json\/wp\/v2\/comments?post=2547"}],"version-history":[{"count":3,"href":"https:\/\/www.ades-grenoble.org\/wordpress\/wp-json\/wp\/v2\/posts\/2547\/revisions"}],"predecessor-version":[{"id":2743,"href":"https:\/\/www.ades-grenoble.org\/wordpress\/wp-json\/wp\/v2\/posts\/2547\/revisions\/2743"}],"wp:attachment":[{"href":"https:\/\/www.ades-grenoble.org\/wordpress\/wp-json\/wp\/v2\/media?parent=2547"}],"wp:term":[{"taxonomy":"category","embeddable":true,"href":"https:\/\/www.ades-grenoble.org\/wordpress\/wp-json\/wp\/v2\/categories?post=2547"},{"taxonomy":"post_tag","embeddable":true,"href":"https:\/\/www.ades-grenoble.org\/wordpress\/wp-json\/wp\/v2\/tags?post=2547"}],"curies":[{"name":"wp","href":"https:\/\/api.w.org\/{rel}","templated":true}]}}