{"id":25520,"date":"2025-12-12T10:53:29","date_gmt":"2025-12-12T09:53:29","guid":{"rendered":"https:\/\/www.ades-grenoble.org\/wordpress\/?p=25520"},"modified":"2025-12-12T10:53:29","modified_gmt":"2025-12-12T09:53:29","slug":"la-metropole-de-grenoble-capitale-europeenne-de-linnovation","status":"publish","type":"post","link":"https:\/\/www.ades-grenoble.org\/wordpress\/2025\/12\/12\/la-metropole-de-grenoble-capitale-europeenne-de-linnovation\/","title":{"rendered":"La M\u00e9tropole de Grenoble Capitale europ\u00e9enne de l\u2019Innovation"},"content":{"rendered":"<div class=\"wp-block-image\">\n<figure class=\"alignleft size-full\"><img loading=\"lazy\" decoding=\"async\" width=\"380\" height=\"380\" src=\"https:\/\/www.ades-grenoble.org\/wordpress\/wp-content\/uploads\/2025\/12\/CapitaleInnovation.jpg\" alt=\"\" class=\"wp-image-25521\" srcset=\"https:\/\/www.ades-grenoble.org\/wordpress\/wp-content\/uploads\/2025\/12\/CapitaleInnovation.jpg 380w, https:\/\/www.ades-grenoble.org\/wordpress\/wp-content\/uploads\/2025\/12\/CapitaleInnovation-300x300.jpg 300w, https:\/\/www.ades-grenoble.org\/wordpress\/wp-content\/uploads\/2025\/12\/CapitaleInnovation-150x150.jpg 150w, https:\/\/www.ades-grenoble.org\/wordpress\/wp-content\/uploads\/2025\/12\/CapitaleInnovation-144x144.jpg 144w\" sizes=\"auto, (max-width: 380px) 100vw, 380px\" \/><\/figure>\n<\/div>\n\n\n<p>Pour le groupe politique UMA \u00e0 la m\u00e9tropole, il s\u2019agit de la reconnaissance de plus de 10 ans de nos politiques publiques<\/p>\n\n\n\n<p>L\u2019annonce attendue avec espoir est tomb\u00e9e le 4 d\u00e9cembre dernier : Grenoble Alpes M\u00e9tropole remporte le Prix Capitale europ\u00e9enne de l\u2019Innovation 2026 ! Une cons\u00e9cration porteuse d\u2019un message simple mais porteur : l\u2019innovation, quand elle est port\u00e9e durablement par des politiques publiques coh\u00e9rentes et ancr\u00e9e dans les territoires, transforme v\u00e9ritablement la vie des habitant\u00b7es.<\/p>\n\n\n\n<p>Depuis plusieurs ann\u00e9es, Grenoble Alpes M\u00e9tropole se positionne comme un territoire pionnier en mati\u00e8re d\u2019\u00e9cologie et de justice sociale. Gr\u00e2ce \u00e0 un \u00e9cosyst\u00e8me dense m\u00ealant universit\u00e9, recherche, industrie, collectivit\u00e9s et citoyen\u00b7ennes, l\u2019agglom\u00e9ration grenobloise est aujourd\u2019hui reconnue comme un exemple de capacit\u00e9 d\u2019innovation, tant technologique que soci\u00e9tale.<\/p>\n\n\n\n<p>En r\u00e9compensant Grenoble Alpes M\u00e9tropole, c\u2019est l\u2019ensemble d\u2019une vision, celle de l\u2019innovation utile, durable et inclusive qui est salu\u00e9e.<\/p>\n\n\n\n<!--more-->\n\n\n\n<p>Si la Commission Europ\u00e9enne reconna\u00eet par ce prix un \u00e9cosyst\u00e8me local dynamique qui rassemble plus de 23 000 chercheurs publics et priv\u00e9s, des laboratoires de pointe et des entreprises innovantes, ainsi qu\u2019une tradition de collaboration entre recherche, universit\u00e9, industrie et collectivit\u00e9s, ce sont bien les politiques \u00e9cologistes et en faveur de la justice sociale et du vivant qui ont fait la diff\u00e9rence.<\/p>\n\n\n\n<p>Car l\u2019action publique dans la M\u00e9tropole de Grenoble ne se contente pas de viser la performance technologique : elle place aussi l\u2019humain, l\u2019emploi, l\u2019\u00e9conomie sociale et solidaire, la coh\u00e9sion territoriale et la justice environnementale au c\u0153ur de l\u2019innovation. Une approche globale qui correspond parfaitement \u00e0 l\u2019esprit du prix, et que portent au quotidien nos \u00e9lues Elizabeth Debeunne, C\u00e9line Deslattes, Salima Djidel-Brunat.<\/p>\n\n\n\n<p>Pionni\u00e8re, la M\u00e9tropole s\u2019engage depuis longtemps en faveur de l\u2019environnement et de la r\u00e9silience du territoire : r\u00e9duction des d\u00e9chets, gestion des sols, sobri\u00e9t\u00e9 \u00e9nerg\u00e9tique, coop\u00e9ration \u00e9cologique\u2026 Autant de priorit\u00e9s qui ont permis des premi\u00e8res, des innovations, salu\u00e9es par le jury du prix iCapital et port\u00e9es par nos \u00e9lus, Lionel Coiffard pour les d\u00e9chets, Anne-Sophie Olmos puis Laura Siefert pour l\u2019eau\u2026<\/p>\n\n\n\n<p>Cette victoire, c\u2019est la confirmation que l\u2019id\u00e9e d\u2019innovation ne se limite pas \u00e0 la recherche et la technologie, mais engage l\u2019ensemble d\u2019un territoire dans sa transformation. Une id\u00e9e port\u00e9e d\u00e9j\u00e0 dans le pr\u00e9c\u00e9dent mandat par les \u00e9lu\u00b7es qui ont pr\u00e9c\u00e9d\u00e9 UMA.<\/p>\n\n\n\n<p>Obtenir ce prix, c\u2019est bien plus qu\u2019un label : c\u2019est une reconnaissance europ\u00e9enne du mod\u00e8le grenoblois. C\u2019est la preuve que l\u2019on peut construire une m\u00e9tropole moderne tout en relevant les d\u00e9fis de la transition \u00e9cologique, en restant fermes sur la n\u00e9cessaire justice sociale qui doit irriguer toutes nos actions.<\/p>\n\n\n\n<p>Avec le million d\u2019euros qui va avec, la M\u00e9tropole dispose d\u2019un levier concret pour acc\u00e9l\u00e9rer ses projets : r\u00e9novation \u00e9nerg\u00e9tique, infrastructures durables, soutien aux start-ups porteuses d\u2019innovations sociales, mobilit\u00e9, transition \u00e9cologique\u2026<\/p>\n\n\n\n<p>Grenoble n\u2019est pas seulement une ville de montagne ou de recherche. Elle est un territoire en avance, capable de penser et de construire le futur de fa\u00e7on durable, inclusive et innovante.<\/p>\n\n\n\n<p>Qu\u2019est-ce que le Prix de la Capitale europ\u00e9enne de l\u2019Innovation (iCapital)&nbsp;?<\/p>\n\n\n\n<p>Le Prix, port\u00e9 par le European Innovation Council (EIC) dans le cadre d\u2019Horizon Europe, vise \u00e0 r\u00e9compenser les villes ou m\u00e9tropoles europ\u00e9ennes qui se distinguent par une gouvernance innovante, des politiques publiques ambitieuses, et une capacit\u00e9 \u00e0 mobiliser l\u2019\u00e9cosyst\u00e8me local (citoyens, entreprises, chercheurs, collectivit\u00e9s) pour r\u00e9pondre aux d\u00e9fis urbains. Le jury porte une attention particuli\u00e8re \u00e0 l\u2019impact social, environnemental et \u00e9conomique des initiatives \u2014 en somme : des innovations pour am\u00e9liorer la vie quotidienne, la r\u00e9silience \u00e9cologique et l\u2019attractivit\u00e9 du territoire.<\/p>\n","protected":false},"excerpt":{"rendered":"<p>Pour le groupe politique UMA \u00e0 la m\u00e9tropole, il s\u2019agit de la reconnaissance de plus de 10 ans de nos politiques publiques L\u2019annonce attendue avec espoir est tomb\u00e9e le 4 d\u00e9cembre dernier : Grenoble Alpes M\u00e9tropole remporte le Prix Capitale europ\u00e9enne de l\u2019Innovation 2026 ! Une cons\u00e9cration porteuse d\u2019un message simple mais porteur : l\u2019innovation, [&hellip;]<\/p>\n","protected":false},"author":1,"featured_media":0,"comment_status":"closed","ping_status":"open","sticky":false,"template":"","format":"standard","meta":{"twitterCardType":"","cardImageID":0,"cardImage":"","cardTitle":"","cardDesc":"","cardImageAlt":"","cardPlayer":"","cardPlayerWidth":0,"cardPlayerHeight":0,"cardPlayerStream":"","cardPlayerCodec":"","footnotes":""},"categories":[62,11],"tags":[215,265,280],"class_list":["post-25520","post","type-post","status-publish","format-standard","hentry","category-le-rouge-le-vert-hebdo","category-politique-locale","tag-grenoble","tag-innovations","tag-metropole"],"_links":{"self":[{"href":"https:\/\/www.ades-grenoble.org\/wordpress\/wp-json\/wp\/v2\/posts\/25520","targetHints":{"allow":["GET"]}}],"collection":[{"href":"https:\/\/www.ades-grenoble.org\/wordpress\/wp-json\/wp\/v2\/posts"}],"about":[{"href":"https:\/\/www.ades-grenoble.org\/wordpress\/wp-json\/wp\/v2\/types\/post"}],"author":[{"embeddable":true,"href":"https:\/\/www.ades-grenoble.org\/wordpress\/wp-json\/wp\/v2\/users\/1"}],"replies":[{"embeddable":true,"href":"https:\/\/www.ades-grenoble.org\/wordpress\/wp-json\/wp\/v2\/comments?post=25520"}],"version-history":[{"count":1,"href":"https:\/\/www.ades-grenoble.org\/wordpress\/wp-json\/wp\/v2\/posts\/25520\/revisions"}],"predecessor-version":[{"id":25522,"href":"https:\/\/www.ades-grenoble.org\/wordpress\/wp-json\/wp\/v2\/posts\/25520\/revisions\/25522"}],"wp:attachment":[{"href":"https:\/\/www.ades-grenoble.org\/wordpress\/wp-json\/wp\/v2\/media?parent=25520"}],"wp:term":[{"taxonomy":"category","embeddable":true,"href":"https:\/\/www.ades-grenoble.org\/wordpress\/wp-json\/wp\/v2\/categories?post=25520"},{"taxonomy":"post_tag","embeddable":true,"href":"https:\/\/www.ades-grenoble.org\/wordpress\/wp-json\/wp\/v2\/tags?post=25520"}],"curies":[{"name":"wp","href":"https:\/\/api.w.org\/{rel}","templated":true}]}}