{"id":25624,"date":"2026-01-23T09:51:46","date_gmt":"2026-01-23T08:51:46","guid":{"rendered":"https:\/\/www.ades-grenoble.org\/wordpress\/?p=25624"},"modified":"2026-01-23T09:51:46","modified_gmt":"2026-01-23T08:51:46","slug":"quelques-precisions-sur-les-activites-professionnelles-dun-candidat-a-lelection-municipale","status":"publish","type":"post","link":"https:\/\/www.ades-grenoble.org\/wordpress\/2026\/01\/23\/quelques-precisions-sur-les-activites-professionnelles-dun-candidat-a-lelection-municipale\/","title":{"rendered":"Quelques pr\u00e9cisions sur les activit\u00e9s professionnelles d\u2019un candidat \u00e0 l\u2019\u00e9lection municipale"},"content":{"rendered":"<div class=\"wp-block-image\">\n<figure class=\"alignleft size-full\"><img loading=\"lazy\" decoding=\"async\" width=\"300\" height=\"200\" src=\"https:\/\/www.ades-grenoble.org\/wordpress\/wp-content\/uploads\/2014\/05\/Urne.jpg\" alt=\"\" class=\"wp-image-8627\" srcset=\"https:\/\/www.ades-grenoble.org\/wordpress\/wp-content\/uploads\/2014\/05\/Urne.jpg 300w, https:\/\/www.ades-grenoble.org\/wordpress\/wp-content\/uploads\/2014\/05\/Urne-150x100.jpg 150w\" sizes=\"auto, (max-width: 300px) 100vw, 300px\" \/><\/figure>\n<\/div>\n\n\n<p>Quel candidat \u00e0 l\u2019\u00e9lection municipale de Grenoble est actionnaire majoritaire (60%) dans une soci\u00e9t\u00e9 qui s\u2019occupe de&nbsp;: <em>\u00ab&nbsp;prestation de conseils ou d&rsquo;activit\u00e9s connexes aux entreprises et aux personnes physiques y compris import-export en mati\u00e8re administrative, communication, informatique, financi\u00e8re et transmission d&rsquo;entreprises, gestion, organisation et formation\u2026&nbsp;\u00bb&nbsp;? <\/em>Cette soci\u00e9t\u00e9 a \u00e9t\u00e9 cr\u00e9\u00e9e en 1999 et son si\u00e8ge social est \u00e0 Paris dans le 16<sup>\u00e8me<\/sup> arrondissement, l\u00e0 o\u00f9 il y a de l\u2019argent\u2026<\/p>\n\n\n\n<p>Il s\u2019agit d\u2019un candidat grand sp\u00e9cialiste des affaires en tout genre, qui apr\u00e8s quelques s\u00e9rieux d\u00e9boires dus \u00e0 ses affaires pr\u00e9c\u00e9dentes a demand\u00e9 \u00e0 sa femme de g\u00e9rer cette SARL, dont elle d\u00e9tient 34% du capital. Le reste du capital, (6%) est d\u00e9tenu par le fr\u00e8re du candidat.<\/p>\n\n\n\n<!--more-->\n\n\n\n<p>Ce qui est impressionnant, c\u2019est que cette soci\u00e9t\u00e9, dont le capital social est de 40&nbsp;000 \u20ac, a un chiffre d\u2019affaires nul depuis quelques ann\u00e9es (2021), et n\u2019est l\u00e0 que pour verser des dividendes \u00e0 ses actionnaires. En Juin 2025, l\u2019assembl\u00e9e g\u00e9n\u00e9rale de la soci\u00e9t\u00e9 a d\u00e9cid\u00e9 de verser 42&nbsp;867 \u20ac de dividendes bruts, soit 30&nbsp;000 \u20ac de dividendes nets, dont 18&nbsp;000 \u20ac pour le candidat.<\/p>\n\n\n\n<p>\u00cates-vous vraiment s\u00fbr qu\u2019il s\u2019agit d\u2019un candidat cr\u00e9atif et s\u00e9rieux en affaires&nbsp;?<\/p>\n\n\n\n<p>Voici l\u2019\u00e9volution du chiffre d\u2019affaires depuis 2016\u00a0: la rupture arrive en 2019, o\u00f9 ce candidat trouve un poste de conseiller municipal en faisant d\u00e9missionner des personnes (surtout des femmes) qui \u00e9taient devant lui dans une liste aux \u00e9lections de 2014.<\/p>\n\n\n\n<figure class=\"wp-block-image size-full\"><img loading=\"lazy\" decoding=\"async\" width=\"800\" height=\"379\" src=\"https:\/\/www.ades-grenoble.org\/wordpress\/wp-content\/uploads\/2026\/01\/ChiifreAffaires.jpg\" alt=\"\" class=\"wp-image-25625\" srcset=\"https:\/\/www.ades-grenoble.org\/wordpress\/wp-content\/uploads\/2026\/01\/ChiifreAffaires.jpg 800w, https:\/\/www.ades-grenoble.org\/wordpress\/wp-content\/uploads\/2026\/01\/ChiifreAffaires-300x142.jpg 300w, https:\/\/www.ades-grenoble.org\/wordpress\/wp-content\/uploads\/2026\/01\/ChiifreAffaires-150x71.jpg 150w, https:\/\/www.ades-grenoble.org\/wordpress\/wp-content\/uploads\/2026\/01\/ChiifreAffaires-768x364.jpg 768w, https:\/\/www.ades-grenoble.org\/wordpress\/wp-content\/uploads\/2026\/01\/ChiifreAffaires-600x284.jpg 600w\" sizes=\"auto, (max-width: 800px) 100vw, 800px\" \/><\/figure>\n\n\n\n<p><strong>R\u00e9sultat net<\/strong><\/p>\n\n\n\n<figure class=\"wp-block-image size-full\"><img loading=\"lazy\" decoding=\"async\" width=\"800\" height=\"395\" src=\"https:\/\/www.ades-grenoble.org\/wordpress\/wp-content\/uploads\/2026\/01\/ResultatNet.jpg\" alt=\"\" class=\"wp-image-25626\" srcset=\"https:\/\/www.ades-grenoble.org\/wordpress\/wp-content\/uploads\/2026\/01\/ResultatNet.jpg 800w, https:\/\/www.ades-grenoble.org\/wordpress\/wp-content\/uploads\/2026\/01\/ResultatNet-300x148.jpg 300w, https:\/\/www.ades-grenoble.org\/wordpress\/wp-content\/uploads\/2026\/01\/ResultatNet-150x74.jpg 150w, https:\/\/www.ades-grenoble.org\/wordpress\/wp-content\/uploads\/2026\/01\/ResultatNet-768x379.jpg 768w, https:\/\/www.ades-grenoble.org\/wordpress\/wp-content\/uploads\/2026\/01\/ResultatNet-600x296.jpg 600w\" sizes=\"auto, (max-width: 800px) 100vw, 800px\" \/><\/figure>\n\n\n\n<p>La tr\u00e9sorerie de la SARL \u00e9tait de 406 000 \u20ac fin 2016 et fin 2024 de 300&nbsp;000 \u20ac. Elle pourra continuer encore quelques ann\u00e9es sans chiffre d\u2019affaires pour payer le salari\u00e9 unique (environ 7000 \u20ac charges comprises).<\/p>\n\n\n\n<p><strong>Il s\u2019agit de la soci\u00e9t\u00e9 ALCARENA, dont l\u2019actionnaire principal est Alain Carignon (vous savez le corrompu\u2026) qui effectivement est tr\u00e8s comp\u00e9tent dans l\u2019ensemble des affaires dont s\u2019occupe sa soci\u00e9t\u00e9.<\/strong><\/p>\n\n\n\n<p>Rappel de son exp\u00e9rience professionnelle pr\u00e9c\u00e9dente&nbsp;: maire, pr\u00e9sident d\u2019un conseil g\u00e9n\u00e9ral, d\u00e9put\u00e9, ministre\u2026 corrompu, menteur, subornation de t\u00e9moins, profiteur d\u2019argent public, enrichissement personnel\u2026<\/p>\n\n\n\n<p>Voir&nbsp;:<\/p>\n\n\n\n<blockquote class=\"wp-block-quote is-layout-flow wp-block-quote-is-layout-flow\">\n<p><strong><a href=\"https:\/\/www.ades-grenoble.org\/wordpress\/2007\/06\/01\/alain-carignon-un-corrompu-de-retour-aux-affaires\/\" data-type=\"link\" data-id=\"https:\/\/www.ades-grenoble.org\/wordpress\/2007\/06\/01\/alain-carignon-un-corrompu-de-retour-aux-affaires\/\">Un corrompu de retour aux affaires<\/a><\/strong><\/p>\n\n\n\n<p><strong><a href=\"https:\/\/www.ades-grenoble.org\/wordpress\/telecharger-le-systeme-carignon\/\" data-type=\"link\" data-id=\"https:\/\/www.ades-grenoble.org\/wordpress\/telecharger-le-systeme-carignon\/\">Le syst\u00e8me Carignon\u00a0<\/a><\/strong><\/p>\n<\/blockquote>\n","protected":false},"excerpt":{"rendered":"<p>Quel candidat \u00e0 l\u2019\u00e9lection municipale de Grenoble est actionnaire majoritaire (60%) dans une soci\u00e9t\u00e9 qui s\u2019occupe de&nbsp;: \u00ab&nbsp;prestation de conseils ou d&rsquo;activit\u00e9s connexes aux entreprises et aux personnes physiques y compris import-export en mati\u00e8re administrative, communication, informatique, financi\u00e8re et transmission d&rsquo;entreprises, gestion, organisation et formation\u2026&nbsp;\u00bb&nbsp;? Cette soci\u00e9t\u00e9 a \u00e9t\u00e9 cr\u00e9\u00e9e en 1999 et son si\u00e8ge [&hellip;]<\/p>\n","protected":false},"author":1,"featured_media":0,"comment_status":"closed","ping_status":"open","sticky":false,"template":"","format":"standard","meta":{"twitterCardType":"","cardImageID":0,"cardImage":"","cardTitle":"","cardDesc":"","cardImageAlt":"","cardPlayer":"","cardPlayerWidth":0,"cardPlayerHeight":0,"cardPlayerStream":"","cardPlayerCodec":"","footnotes":""},"categories":[62,11],"tags":[30,140],"class_list":["post-25624","post","type-post","status-publish","format-standard","hentry","category-le-rouge-le-vert-hebdo","category-politique-locale","tag-corrompu","tag-elections"],"_links":{"self":[{"href":"https:\/\/www.ades-grenoble.org\/wordpress\/wp-json\/wp\/v2\/posts\/25624","targetHints":{"allow":["GET"]}}],"collection":[{"href":"https:\/\/www.ades-grenoble.org\/wordpress\/wp-json\/wp\/v2\/posts"}],"about":[{"href":"https:\/\/www.ades-grenoble.org\/wordpress\/wp-json\/wp\/v2\/types\/post"}],"author":[{"embeddable":true,"href":"https:\/\/www.ades-grenoble.org\/wordpress\/wp-json\/wp\/v2\/users\/1"}],"replies":[{"embeddable":true,"href":"https:\/\/www.ades-grenoble.org\/wordpress\/wp-json\/wp\/v2\/comments?post=25624"}],"version-history":[{"count":1,"href":"https:\/\/www.ades-grenoble.org\/wordpress\/wp-json\/wp\/v2\/posts\/25624\/revisions"}],"predecessor-version":[{"id":25627,"href":"https:\/\/www.ades-grenoble.org\/wordpress\/wp-json\/wp\/v2\/posts\/25624\/revisions\/25627"}],"wp:attachment":[{"href":"https:\/\/www.ades-grenoble.org\/wordpress\/wp-json\/wp\/v2\/media?parent=25624"}],"wp:term":[{"taxonomy":"category","embeddable":true,"href":"https:\/\/www.ades-grenoble.org\/wordpress\/wp-json\/wp\/v2\/categories?post=25624"},{"taxonomy":"post_tag","embeddable":true,"href":"https:\/\/www.ades-grenoble.org\/wordpress\/wp-json\/wp\/v2\/tags?post=25624"}],"curies":[{"name":"wp","href":"https:\/\/api.w.org\/{rel}","templated":true}]}}