{"id":25631,"date":"2026-01-23T09:51:56","date_gmt":"2026-01-23T08:51:56","guid":{"rendered":"https:\/\/www.ades-grenoble.org\/wordpress\/?p=25631"},"modified":"2026-01-23T09:51:56","modified_gmt":"2026-01-23T08:51:56","slug":"precarite-energetique-un-sujet-brulant","status":"publish","type":"post","link":"https:\/\/www.ades-grenoble.org\/wordpress\/2026\/01\/23\/precarite-energetique-un-sujet-brulant\/","title":{"rendered":"Pr\u00e9carit\u00e9 \u00e9nerg\u00e9tique : un sujet br\u00fblant"},"content":{"rendered":"<div class=\"wp-block-image\">\n<figure class=\"alignleft size-full\"><img loading=\"lazy\" decoding=\"async\" width=\"300\" height=\"97\" src=\"https:\/\/www.ades-grenoble.org\/wordpress\/wp-content\/uploads\/2015\/03\/logo-obsy.jpg\" alt=\"\" class=\"wp-image-9917\" srcset=\"https:\/\/www.ades-grenoble.org\/wordpress\/wp-content\/uploads\/2015\/03\/logo-obsy.jpg 300w, https:\/\/www.ades-grenoble.org\/wordpress\/wp-content\/uploads\/2015\/03\/logo-obsy-150x49.jpg 150w\" sizes=\"auto, (max-width: 300px) 100vw, 300px\" \/><\/figure>\n<\/div>\n\n\n<p><a href=\"https:\/\/librairie.ademe.fr\/batiment\/8769-onpe-tableau-de-bord-de-la-precarite-energetique-novembre-2025.html\" data-type=\"link\" data-id=\"https:\/\/librairie.ademe.fr\/batiment\/8769-onpe-tableau-de-bord-de-la-precarite-energetique-novembre-2025.html\">La pr\u00e9carit\u00e9 \u00e9nerg\u00e9tique r\u00e9sidentielle touche un m\u00e9nage sur huit en Is\u00e8re<\/a> et fragilise leur quotidien. Si des aides existent, elles restent souvent m\u00e9connues. Face \u00e0 la hausse des prix et aux nouvelles r\u00e8gles, la question devient cruciale pour l\u2019avenir du logement et les conditions de vie de ses habitants. <a href=\"http:\/\/www.obsy.fr\/_files\/ugd\/c935a0_c3f50c807ee34f74a0734af49ad73c5b.pdf\" data-type=\"link\" data-id=\"http:\/\/www.obsy.fr\/_files\/ugd\/c935a0_c3f50c807ee34f74a0734af49ad73c5b.pdf\">L\u2019OBS\u2019Y (Le r\u00e9seau des observatoires de la r\u00e9gion grenobloise) dans \u00ab&nbsp;Regards crois\u00e9s&nbsp;\u00bb traite de la pr\u00e9carit\u00e9 \u00e9nerg\u00e9tique dans l\u2019Is\u00e8re<\/a>.<\/p>\n\n\n\n<p>La loi Climat et r\u00e9silience pr\u00e9voit l\u2019interdiction de louer des logements, sociaux comme priv\u00e9s, aux DPE (diagnostic de performance \u00e9nerg\u00e9tique) not\u00e9s F \u00e0 l&rsquo;horizon 2028 et G depuis 2025. L\u2019application de cette mesure vise \u00e0 r\u00e9duire la pr\u00e9carit\u00e9 et \u00e0 inciter \u00e0 la r\u00e9novation, mais risque aussi de provoquer de la vacance, d\u2019accentuer les tensions du march\u00e9 locatif, notamment pour les logements \u00e9tudiants ou priv\u00e9s \u00e0 vocation sociale avec, en effet report, une tension accrue sur le parc social. S\u2019y ajoutent la rar\u00e9faction des ressources plan\u00e9taires et la volatilit\u00e9 des prix de l\u2019\u00e9nergie, autant de facteurs accentuant la vuln\u00e9rabilit\u00e9 des m\u00e9nages. 18 \u00e0 21 % des logements occup\u00e9s par des locataires pourraient sortir du parc locatif priv\u00e9 \u00e0 horizon 2028 (class\u00e9s F ou G). Cela repr\u00e9sente 1 600 logements pour le Pays Voironnais, 10 000 pour la M\u00e9tropole et 1 300 pour Le Gr\u00e9sivaudan.<\/p>\n\n\n\n<!--more-->\n\n\n\n<p>Qui est concern\u00e9 ?<\/p>\n\n\n\n<p>Donn\u00e9e par l\u2019ONPE (Office national de la pr\u00e9carit\u00e9 \u00e9nerg\u00e9tique), la d\u00e9finition financi\u00e8re de la pr\u00e9carit\u00e9 \u00e9nerg\u00e9tique retient le seuil de 8 % du budget annuel consacr\u00e9 \u00e0 l\u2019\u00e9nergie. En Is\u00e8re en 2021, plus de 70 000 m\u00e9nages vivent cette situation, soit 13 % de la population. 13 % des m\u00e9tropolitains sont concern\u00e9s, pour 10 % des m\u00e9nages du Pays Voironnais et du Gr\u00e9sivaudan (ONPE, 2021). Au-del\u00e0 de la dimension financi\u00e8re, la r\u00e9alit\u00e9 est plus complexe : certains m\u00e9nages renoncent au chauffage, d\u2019autres composent avec des logements v\u00e9tustes, des arbitrages financiers d\u00e9licats, des d\u00e9placements quotidiens ou fr\u00e9quents et on\u00e9reux.<\/p>\n\n\n\n<p>Du poids de l\u2019\u00e9nergie dans le budget \u00e0 la difficult\u00e9 de r\u00e9gler les factures&nbsp;:<\/p>\n\n\n\n<p>Pour 83 % des foyers m\u00e9tropolitains interrog\u00e9s en 2023, l\u2019\u00e9nergie p\u00e8se de mani\u00e8re \u00ab tr\u00e8s importante \u00bb ou \u00ab plut\u00f4t importante \u00bb dans le budget, apr\u00e8s l\u2019alimentation. Dans les quartiers prioritaires, 85 % partagent ce constat, devant la sant\u00e9 et les transports selon les sondages de l\u2019enqu\u00eate Vie quotidienne des habitants. En 2024, 42 % des habitants d\u00e9clarent se restreindre sur leurs d\u00e9penses d\u2019\u00e9nergie (enqu\u00eate in\u00e9galit\u00e9s socio-environnementales, GEM). 15 % des personnes interrog\u00e9es ont eu du mal \u00e0 r\u00e9gler leurs factures \u00e9nerg\u00e9tiques au cours des 12 mois pr\u00e9c\u00e9dents. Les \u00e9carts sont marqu\u00e9s selon le statut : 27 % des employ\u00e9s peu qualifi\u00e9s, 19 % des inactifs, contre 8 % des cadres.<\/p>\n\n\n\n<p>Des aides encore m\u00e9connues mais de plus en plus sollicit\u00e9es&nbsp;:<\/p>\n\n\n\n<p>Les aides publiques restent sous-utilis\u00e9es : le ch\u00e8que \u00e9nergie est connu de 44 % des habitants, le certificat d&rsquo;\u00e9conomie d&rsquo;\u00e9nergie de 12 %. L\u2019action des CCAS ou associations est encore plus confidentielle. Faute d\u2019information, beaucoup ne sollicitent rien, notamment les jeunes et les plus pr\u00e9caires. Pour lutter contre ce non-recours, certaines structures proposent de l\u2019aller-vers et m\u00e8nent des visites socio-techniques \u00e0 domicile ou des accompagnements personnalis\u00e9s. \u00c0 l\u2019\u00e9chelle m\u00e9tropolitaine en 2024, l\u2019enqu\u00eate in\u00e9galit\u00e9s socio-environnementales fait ressortir que les m\u00e9nages modestes et les moins dipl\u00f4m\u00e9s sont davantage expos\u00e9s \u00e0 la chaleur, au froid ou \u00e0 l\u2019humidit\u00e9 que le reste de la population, mais semblent moins en capacit\u00e9 de s\u2019adapter.<\/p>\n\n\n<div class=\"wp-block-image\">\n<figure class=\"aligncenter size-full\"><img loading=\"lazy\" decoding=\"async\" width=\"800\" height=\"277\" src=\"https:\/\/www.ades-grenoble.org\/wordpress\/wp-content\/uploads\/2026\/01\/PrecariteEnergetique.jpg\" alt=\"\" class=\"wp-image-25634\" srcset=\"https:\/\/www.ades-grenoble.org\/wordpress\/wp-content\/uploads\/2026\/01\/PrecariteEnergetique.jpg 800w, https:\/\/www.ades-grenoble.org\/wordpress\/wp-content\/uploads\/2026\/01\/PrecariteEnergetique-300x104.jpg 300w, https:\/\/www.ades-grenoble.org\/wordpress\/wp-content\/uploads\/2026\/01\/PrecariteEnergetique-150x52.jpg 150w, https:\/\/www.ades-grenoble.org\/wordpress\/wp-content\/uploads\/2026\/01\/PrecariteEnergetique-768x266.jpg 768w, https:\/\/www.ades-grenoble.org\/wordpress\/wp-content\/uploads\/2026\/01\/PrecariteEnergetique-600x208.jpg 600w\" sizes=\"auto, (max-width: 800px) 100vw, 800px\" \/><\/figure>\n<\/div>","protected":false},"excerpt":{"rendered":"<p>La pr\u00e9carit\u00e9 \u00e9nerg\u00e9tique r\u00e9sidentielle touche un m\u00e9nage sur huit en Is\u00e8re et fragilise leur quotidien. Si des aides existent, elles restent souvent m\u00e9connues. Face \u00e0 la hausse des prix et aux nouvelles r\u00e8gles, la question devient cruciale pour l\u2019avenir du logement et les conditions de vie de ses habitants. L\u2019OBS\u2019Y (Le r\u00e9seau des observatoires de [&hellip;]<\/p>\n","protected":false},"author":1,"featured_media":0,"comment_status":"closed","ping_status":"open","sticky":false,"template":"","format":"standard","meta":{"twitterCardType":"","cardImageID":0,"cardImage":"","cardTitle":"","cardDesc":"","cardImageAlt":"","cardPlayer":"","cardPlayerWidth":0,"cardPlayerHeight":0,"cardPlayerStream":"","cardPlayerCodec":"","footnotes":""},"categories":[62,11],"tags":[235,288,181,33],"class_list":["post-25631","post","type-post","status-publish","format-standard","hentry","category-le-rouge-le-vert-hebdo","category-politique-locale","tag-energie","tag-isere","tag-precarite","tag-social"],"_links":{"self":[{"href":"https:\/\/www.ades-grenoble.org\/wordpress\/wp-json\/wp\/v2\/posts\/25631","targetHints":{"allow":["GET"]}}],"collection":[{"href":"https:\/\/www.ades-grenoble.org\/wordpress\/wp-json\/wp\/v2\/posts"}],"about":[{"href":"https:\/\/www.ades-grenoble.org\/wordpress\/wp-json\/wp\/v2\/types\/post"}],"author":[{"embeddable":true,"href":"https:\/\/www.ades-grenoble.org\/wordpress\/wp-json\/wp\/v2\/users\/1"}],"replies":[{"embeddable":true,"href":"https:\/\/www.ades-grenoble.org\/wordpress\/wp-json\/wp\/v2\/comments?post=25631"}],"version-history":[{"count":2,"href":"https:\/\/www.ades-grenoble.org\/wordpress\/wp-json\/wp\/v2\/posts\/25631\/revisions"}],"predecessor-version":[{"id":25635,"href":"https:\/\/www.ades-grenoble.org\/wordpress\/wp-json\/wp\/v2\/posts\/25631\/revisions\/25635"}],"wp:attachment":[{"href":"https:\/\/www.ades-grenoble.org\/wordpress\/wp-json\/wp\/v2\/media?parent=25631"}],"wp:term":[{"taxonomy":"category","embeddable":true,"href":"https:\/\/www.ades-grenoble.org\/wordpress\/wp-json\/wp\/v2\/categories?post=25631"},{"taxonomy":"post_tag","embeddable":true,"href":"https:\/\/www.ades-grenoble.org\/wordpress\/wp-json\/wp\/v2\/tags?post=25631"}],"curies":[{"name":"wp","href":"https:\/\/api.w.org\/{rel}","templated":true}]}}