{"id":25639,"date":"2026-01-23T09:52:06","date_gmt":"2026-01-23T08:52:06","guid":{"rendered":"https:\/\/www.ades-grenoble.org\/wordpress\/?p=25639"},"modified":"2026-01-23T09:52:13","modified_gmt":"2026-01-23T08:52:13","slug":"politique-politicienne-348","status":"publish","type":"post","link":"https:\/\/www.ades-grenoble.org\/wordpress\/2026\/01\/23\/politique-politicienne-348\/","title":{"rendered":"Politique politicienne"},"content":{"rendered":"<div class=\"wp-block-image\">\n<figure class=\"alignleft size-full\"><img loading=\"lazy\" decoding=\"async\" width=\"200\" height=\"234\" src=\"https:\/\/www.ades-grenoble.org\/wordpress\/wp-content\/uploads\/2015\/01\/fou1.png\" alt=\"fou\" class=\"wp-image-9634\" srcset=\"https:\/\/www.ades-grenoble.org\/wordpress\/wp-content\/uploads\/2015\/01\/fou1.png 200w, https:\/\/www.ades-grenoble.org\/wordpress\/wp-content\/uploads\/2015\/01\/fou1-128x150.png 128w\" sizes=\"auto, (max-width: 200px) 100vw, 200px\" \/><\/figure>\n<\/div>\n\n\n<p>La nouvelle affiche \u00e9lectorale de Carignon tente d\u2019expliquer qu\u2019il est le bon candidat car il a \u00ab\u00a0<em>l\u2019exp\u00e9rience pour sauver Grenoble\u00a0\u00bb. <\/em>Mais cette exp\u00e9rience provient de ses mandats de maire (1983-1995) or cela s\u2019est tr\u00e8s mal pass\u00e9 pour lui et surtout pour la Ville. Pour lui, car il a \u00e9t\u00e9 condamn\u00e9 notamment pour corruption et subornation de t\u00e9moin \u00e0 5 ans de prison dont 4 fermes (cela a \u00e9t\u00e9 r\u00e9duit \u00e0 29 mois). Pour la Ville, les d\u00e9g\u00e2ts ont \u00e9t\u00e9 consid\u00e9rables, une dette astronomique, des services publics consid\u00e9rablement d\u00e9grad\u00e9s (eau, assainissement, d\u00e9chets, logement social\u2026) Les majorit\u00e9s de gauche vont mettre de longues ann\u00e9es \u00e0 tout redresser. Mais ce candidat n\u2019a jamais admis ce qu\u2019il avait fait, donc il peut recommencer. Nous r\u00e9affirmons que nous sommes pour la r\u00e9insertion des d\u00e9linquants, mais pas au milieu de leurs victimes.<\/p>\n","protected":false},"excerpt":{"rendered":"<p>La nouvelle affiche \u00e9lectorale de Carignon tente d\u2019expliquer qu\u2019il est le bon candidat car il a \u00ab\u00a0l\u2019exp\u00e9rience pour sauver Grenoble\u00a0\u00bb. Mais cette exp\u00e9rience provient de ses mandats de maire (1983-1995) or cela s\u2019est tr\u00e8s mal pass\u00e9 pour lui et surtout pour la Ville. Pour lui, car il a \u00e9t\u00e9 condamn\u00e9 notamment pour corruption et subornation [&hellip;]<\/p>\n","protected":false},"author":1,"featured_media":0,"comment_status":"closed","ping_status":"open","sticky":false,"template":"","format":"standard","meta":{"twitterCardType":"","cardImageID":0,"cardImage":"","cardTitle":"","cardDesc":"","cardImageAlt":"","cardPlayer":"","cardPlayerWidth":0,"cardPlayerHeight":0,"cardPlayerStream":"","cardPlayerCodec":"","footnotes":""},"categories":[62,11],"tags":[30,54],"class_list":["post-25639","post","type-post","status-publish","format-standard","hentry","category-le-rouge-le-vert-hebdo","category-politique-locale","tag-corrompu","tag-politique-droite-gauche"],"_links":{"self":[{"href":"https:\/\/www.ades-grenoble.org\/wordpress\/wp-json\/wp\/v2\/posts\/25639","targetHints":{"allow":["GET"]}}],"collection":[{"href":"https:\/\/www.ades-grenoble.org\/wordpress\/wp-json\/wp\/v2\/posts"}],"about":[{"href":"https:\/\/www.ades-grenoble.org\/wordpress\/wp-json\/wp\/v2\/types\/post"}],"author":[{"embeddable":true,"href":"https:\/\/www.ades-grenoble.org\/wordpress\/wp-json\/wp\/v2\/users\/1"}],"replies":[{"embeddable":true,"href":"https:\/\/www.ades-grenoble.org\/wordpress\/wp-json\/wp\/v2\/comments?post=25639"}],"version-history":[{"count":1,"href":"https:\/\/www.ades-grenoble.org\/wordpress\/wp-json\/wp\/v2\/posts\/25639\/revisions"}],"predecessor-version":[{"id":25640,"href":"https:\/\/www.ades-grenoble.org\/wordpress\/wp-json\/wp\/v2\/posts\/25639\/revisions\/25640"}],"wp:attachment":[{"href":"https:\/\/www.ades-grenoble.org\/wordpress\/wp-json\/wp\/v2\/media?parent=25639"}],"wp:term":[{"taxonomy":"category","embeddable":true,"href":"https:\/\/www.ades-grenoble.org\/wordpress\/wp-json\/wp\/v2\/categories?post=25639"},{"taxonomy":"post_tag","embeddable":true,"href":"https:\/\/www.ades-grenoble.org\/wordpress\/wp-json\/wp\/v2\/tags?post=25639"}],"curies":[{"name":"wp","href":"https:\/\/api.w.org\/{rel}","templated":true}]}}