{"id":25641,"date":"2026-01-23T09:52:17","date_gmt":"2026-01-23T08:52:17","guid":{"rendered":"https:\/\/www.ades-grenoble.org\/wordpress\/?p=25641"},"modified":"2026-01-23T09:52:17","modified_gmt":"2026-01-23T08:52:17","slug":"la-vie-politique-devient-la-preoccupation-n1-des-francais","status":"publish","type":"post","link":"https:\/\/www.ades-grenoble.org\/wordpress\/2026\/01\/23\/la-vie-politique-devient-la-preoccupation-n1-des-francais\/","title":{"rendered":"La vie politique devient la pr\u00e9occupation n\u00b01 des Fran\u00e7ais"},"content":{"rendered":"<div class=\"wp-block-image\">\n<figure class=\"alignleft size-full\"><img loading=\"lazy\" decoding=\"async\" width=\"380\" height=\"176\" src=\"https:\/\/www.ades-grenoble.org\/wordpress\/wp-content\/uploads\/2026\/01\/SciencesPo.jpg\" alt=\"\" class=\"wp-image-25642\" srcset=\"https:\/\/www.ades-grenoble.org\/wordpress\/wp-content\/uploads\/2026\/01\/SciencesPo.jpg 380w, https:\/\/www.ades-grenoble.org\/wordpress\/wp-content\/uploads\/2026\/01\/SciencesPo-300x139.jpg 300w, https:\/\/www.ades-grenoble.org\/wordpress\/wp-content\/uploads\/2026\/01\/SciencesPo-150x69.jpg 150w\" sizes=\"auto, (max-width: 380px) 100vw, 380px\" \/><\/figure>\n<\/div>\n\n\n<p>L&rsquo;ObSoCo (Observatoire Soci\u00e9t\u00e9 et Consommation et le CEVIPOF (Sciences Po) lancent <a href=\"https:\/\/www.sciencespo.fr\/cevipof\/fr\/actualites\/barometre-priorites-francaises-l-ob-so-co-cevipof-la-vie-politique-devient-la-preoccupation-n-1-des-francais\" data-type=\"link\" data-id=\"https:\/\/www.sciencespo.fr\/cevipof\/fr\/actualites\/barometre-priorites-francaises-l-ob-so-co-cevipof-la-vie-politique-devient-la-preoccupation-n-1-des-francais\">\u00ab <em>Priorit\u00e9s fran\u00e7aises<\/em> \u00bb, le premier barom\u00e8tre trimestriel public con\u00e7u pour mesurer la hi\u00e9rarchie r\u00e9elle et spontan\u00e9e des pr\u00e9occupations des Fran\u00e7ais<\/a> \u00e0 travers une m\u00e9thodologie de questionnement ouvert.\u00a0<\/p>\n\n\n\n<p>Ce dispositif renoue avec la m\u00e9thodologie du \u00ab\u00a0Most Important Problem\u00a0\u00bb (MIP), \u00e9prouv\u00e9e internationalement et poursuit le suivi initi\u00e9 par le <em>\u201cbarom\u00e8tre des priorit\u00e9s politiques<\/em>\u201d (2014-2020). Cette approche permet de capter la voix citoyenne dans sa spontan\u00e9it\u00e9, sans liste pr\u00e9d\u00e9finie ni suggestion ou cadrage. L\u2019ObSoCo et le CEVIPOF reprennent cette m\u00e9thodologie et vont, chaque trimestre, interroger 2000 personnes, les archives du CEVIPOF offrant au dispositif une profondeur historique pr\u00e9cieuse.<\/p>\n\n\n\n<p>Pour la premi\u00e8re fois dans l&rsquo;histoire r\u00e9cente des enqu\u00eates d&rsquo;opinion en France, la vie politique appara\u00eet comme la pr\u00e9occupation principale des Fran\u00e7ais, cit\u00e9e spontan\u00e9ment par 30% des r\u00e9pondants.<\/p>\n\n\n\n<!--more-->\n\n\n\n<p>Dans la vague 1 de l\u2019enqu\u00eate (r\u00e9alis\u00e9e du 17 au 29 septembre 2025 aupr\u00e8s de 2 000 personnes repr\u00e9sentatives de la population fran\u00e7aise m\u00e9tropolitaine \u00e2g\u00e9e de 18 ans et plus) cette th\u00e9matique devance ainsi&nbsp;l&rsquo;inflation et le pouvoir d&rsquo;achat&nbsp;(th\u00e8me cit\u00e9 par 27% des enqu\u00eat\u00e9s), la justice et criminalit\u00e9 (24%), le budget et la dette nationale (21%) et l\u2019immigration (20%).&nbsp;<\/p>\n\n\n\n<p>L\u2019\u00e9tude met au jour une crise de l\u00e9gitimit\u00e9 qui op\u00e8re simultan\u00e9ment \u00e0 trois niveaux :<\/p>\n\n\n\n<ul class=\"wp-block-list\">\n<li>D\u00e9l\u00e9gitimation personnelle\u00a0du chef de l&rsquo;\u00c9tat, avec une violence symbolique exceptionnelle\u00a0<\/li>\n\n\n\n<li>Remise en cause institutionnelle\u00a0: questionnement de l&rsquo;architecture et\/ou du fonctionnement des institutions voire de la Ve R\u00e9publique<\/li>\n\n\n\n<li>Rejet de classe politique\u00a0: perception de l&rsquo;ensemble des acteurs politiques comme une \u00e9lite d\u00e9connect\u00e9e et pr\u00e9datrice<\/li>\n<\/ul>\n","protected":false},"excerpt":{"rendered":"<p>L&rsquo;ObSoCo (Observatoire Soci\u00e9t\u00e9 et Consommation et le CEVIPOF (Sciences Po) lancent \u00ab Priorit\u00e9s fran\u00e7aises \u00bb, le premier barom\u00e8tre trimestriel public con\u00e7u pour mesurer la hi\u00e9rarchie r\u00e9elle et spontan\u00e9e des pr\u00e9occupations des Fran\u00e7ais \u00e0 travers une m\u00e9thodologie de questionnement ouvert.\u00a0 Ce dispositif renoue avec la m\u00e9thodologie du \u00ab\u00a0Most Important Problem\u00a0\u00bb (MIP), \u00e9prouv\u00e9e internationalement et poursuit le [&hellip;]<\/p>\n","protected":false},"author":1,"featured_media":0,"comment_status":"closed","ping_status":"open","sticky":false,"template":"","format":"standard","meta":{"twitterCardType":"","cardImageID":0,"cardImage":"","cardTitle":"","cardDesc":"","cardImageAlt":"","cardPlayer":"","cardPlayerWidth":0,"cardPlayerHeight":0,"cardPlayerStream":"","cardPlayerCodec":"","footnotes":""},"categories":[62,11],"tags":[298,54],"class_list":["post-25641","post","type-post","status-publish","format-standard","hentry","category-le-rouge-le-vert-hebdo","category-politique-locale","tag-france","tag-politique-droite-gauche"],"_links":{"self":[{"href":"https:\/\/www.ades-grenoble.org\/wordpress\/wp-json\/wp\/v2\/posts\/25641","targetHints":{"allow":["GET"]}}],"collection":[{"href":"https:\/\/www.ades-grenoble.org\/wordpress\/wp-json\/wp\/v2\/posts"}],"about":[{"href":"https:\/\/www.ades-grenoble.org\/wordpress\/wp-json\/wp\/v2\/types\/post"}],"author":[{"embeddable":true,"href":"https:\/\/www.ades-grenoble.org\/wordpress\/wp-json\/wp\/v2\/users\/1"}],"replies":[{"embeddable":true,"href":"https:\/\/www.ades-grenoble.org\/wordpress\/wp-json\/wp\/v2\/comments?post=25641"}],"version-history":[{"count":1,"href":"https:\/\/www.ades-grenoble.org\/wordpress\/wp-json\/wp\/v2\/posts\/25641\/revisions"}],"predecessor-version":[{"id":25643,"href":"https:\/\/www.ades-grenoble.org\/wordpress\/wp-json\/wp\/v2\/posts\/25641\/revisions\/25643"}],"wp:attachment":[{"href":"https:\/\/www.ades-grenoble.org\/wordpress\/wp-json\/wp\/v2\/media?parent=25641"}],"wp:term":[{"taxonomy":"category","embeddable":true,"href":"https:\/\/www.ades-grenoble.org\/wordpress\/wp-json\/wp\/v2\/categories?post=25641"},{"taxonomy":"post_tag","embeddable":true,"href":"https:\/\/www.ades-grenoble.org\/wordpress\/wp-json\/wp\/v2\/tags?post=25641"}],"curies":[{"name":"wp","href":"https:\/\/api.w.org\/{rel}","templated":true}]}}