{"id":25646,"date":"2026-01-23T09:52:26","date_gmt":"2026-01-23T08:52:26","guid":{"rendered":"https:\/\/www.ades-grenoble.org\/wordpress\/?p=25646"},"modified":"2026-01-23T09:52:26","modified_gmt":"2026-01-23T08:52:26","slug":"degradation-du-local-de-campagne-de-lfi-a-grenoble","status":"publish","type":"post","link":"https:\/\/www.ades-grenoble.org\/wordpress\/2026\/01\/23\/degradation-du-local-de-campagne-de-lfi-a-grenoble\/","title":{"rendered":"D\u00e9gradation du local de campagne de LFI \u00e0 Grenoble"},"content":{"rendered":"<div class=\"wp-block-image\">\n<figure class=\"alignleft size-full\"><img loading=\"lazy\" decoding=\"async\" width=\"293\" height=\"258\" src=\"https:\/\/www.ades-grenoble.org\/wordpress\/wp-content\/uploads\/2017\/04\/Logo-Ades-web.jpg\" alt=\"\" class=\"wp-image-12873\" srcset=\"https:\/\/www.ades-grenoble.org\/wordpress\/wp-content\/uploads\/2017\/04\/Logo-Ades-web.jpg 293w, https:\/\/www.ades-grenoble.org\/wordpress\/wp-content\/uploads\/2017\/04\/Logo-Ades-web-150x132.jpg 150w\" sizes=\"auto, (max-width: 293px) 100vw, 293px\" \/><\/figure>\n<\/div>\n\n\n<p>Le local de campagne du candidat de La France insoumise pour les municipales de Grenoble (rue Thiers) a \u00e9t\u00e9 vis\u00e9 par des d\u00e9gradations r\u00e9p\u00e9t\u00e9es. Vendredi 16 janvier, puis les deux jours suivants, le local de campagne d\u2019Allan Brunon a essuy\u00e9 des tirs&nbsp;peut \u00eatre de pistolet \u00e0 air comprim\u00e9 ou de brise vitre. Allan Brunon a d\u00e9cid\u00e9 de porter plainte.<\/p>\n\n\n\n<p>L\u2019ADES condamne ces actes violents, antid\u00e9mocratiques, de plus en p\u00e9riode \u00e9lectorale, qui visent \u00e0 intimider des candidats. Le d\u00e9bat dans notre R\u00e9publique doit se faire sur les id\u00e9es. La violence, la d\u00e9sinformation et le complotisme doivent disparaitre comme moyen d\u2019expression.<\/p>\n\n\n\n<p>Nous apportons notre soutien \u00e0 tous les candidats qui subissent des agressions directes ou indirectes et esp\u00e9rons que la campagne \u00e9lectorale se poursuivra en dehors de ces violences.<\/p>\n","protected":false},"excerpt":{"rendered":"<p>Le local de campagne du candidat de La France insoumise pour les municipales de Grenoble (rue Thiers) a \u00e9t\u00e9 vis\u00e9 par des d\u00e9gradations r\u00e9p\u00e9t\u00e9es. Vendredi 16 janvier, puis les deux jours suivants, le local de campagne d\u2019Allan Brunon a essuy\u00e9 des tirs&nbsp;peut \u00eatre de pistolet \u00e0 air comprim\u00e9 ou de brise vitre. Allan Brunon a [&hellip;]<\/p>\n","protected":false},"author":1,"featured_media":0,"comment_status":"closed","ping_status":"open","sticky":false,"template":"","format":"standard","meta":{"twitterCardType":"","cardImageID":0,"cardImage":"","cardTitle":"","cardDesc":"","cardImageAlt":"","cardPlayer":"","cardPlayerWidth":0,"cardPlayerHeight":0,"cardPlayerStream":"","cardPlayerCodec":"","footnotes":""},"categories":[62,11],"tags":[143,3,140,182,415],"class_list":["post-25646","post","type-post","status-publish","format-standard","hentry","category-le-rouge-le-vert-hebdo","category-politique-locale","tag-ades","tag-communiques","tag-elections","tag-solidarite","tag-violences"],"_links":{"self":[{"href":"https:\/\/www.ades-grenoble.org\/wordpress\/wp-json\/wp\/v2\/posts\/25646","targetHints":{"allow":["GET"]}}],"collection":[{"href":"https:\/\/www.ades-grenoble.org\/wordpress\/wp-json\/wp\/v2\/posts"}],"about":[{"href":"https:\/\/www.ades-grenoble.org\/wordpress\/wp-json\/wp\/v2\/types\/post"}],"author":[{"embeddable":true,"href":"https:\/\/www.ades-grenoble.org\/wordpress\/wp-json\/wp\/v2\/users\/1"}],"replies":[{"embeddable":true,"href":"https:\/\/www.ades-grenoble.org\/wordpress\/wp-json\/wp\/v2\/comments?post=25646"}],"version-history":[{"count":1,"href":"https:\/\/www.ades-grenoble.org\/wordpress\/wp-json\/wp\/v2\/posts\/25646\/revisions"}],"predecessor-version":[{"id":25647,"href":"https:\/\/www.ades-grenoble.org\/wordpress\/wp-json\/wp\/v2\/posts\/25646\/revisions\/25647"}],"wp:attachment":[{"href":"https:\/\/www.ades-grenoble.org\/wordpress\/wp-json\/wp\/v2\/media?parent=25646"}],"wp:term":[{"taxonomy":"category","embeddable":true,"href":"https:\/\/www.ades-grenoble.org\/wordpress\/wp-json\/wp\/v2\/categories?post=25646"},{"taxonomy":"post_tag","embeddable":true,"href":"https:\/\/www.ades-grenoble.org\/wordpress\/wp-json\/wp\/v2\/tags?post=25646"}],"curies":[{"name":"wp","href":"https:\/\/api.w.org\/{rel}","templated":true}]}}