{"id":25648,"date":"2026-01-23T09:52:34","date_gmt":"2026-01-23T08:52:34","guid":{"rendered":"https:\/\/www.ades-grenoble.org\/wordpress\/?p=25648"},"modified":"2026-01-23T09:52:34","modified_gmt":"2026-01-23T08:52:34","slug":"lunion-de-quartier-de-lile-verte-a-fete-ses-100-ans","status":"publish","type":"post","link":"https:\/\/www.ades-grenoble.org\/wordpress\/2026\/01\/23\/lunion-de-quartier-de-lile-verte-a-fete-ses-100-ans\/","title":{"rendered":"L\u2019Union de quartier de l\u2019Ile Verte a f\u00eat\u00e9 ses 100 ans"},"content":{"rendered":"<div class=\"wp-block-image\">\n<figure class=\"alignleft size-full\"><img loading=\"lazy\" decoding=\"async\" width=\"400\" height=\"300\" src=\"https:\/\/www.ades-grenoble.org\/wordpress\/wp-content\/uploads\/2026\/01\/100ans-UQ-Ile-Verte.jpg\" alt=\"\" class=\"wp-image-25649\" srcset=\"https:\/\/www.ades-grenoble.org\/wordpress\/wp-content\/uploads\/2026\/01\/100ans-UQ-Ile-Verte.jpg 400w, https:\/\/www.ades-grenoble.org\/wordpress\/wp-content\/uploads\/2026\/01\/100ans-UQ-Ile-Verte-300x225.jpg 300w, https:\/\/www.ades-grenoble.org\/wordpress\/wp-content\/uploads\/2026\/01\/100ans-UQ-Ile-Verte-150x113.jpg 150w\" sizes=\"auto, (max-width: 400px) 100vw, 400px\" \/><\/figure>\n<\/div>\n\n\n<p>Le 15 janvier 1926 \u00e0 20 h 30, dans un caf\u00e9 de l\u2019Ile Verte \u00e0 l\u2019angle des rues Tarillon et Lachmann, 125 habitants ont fond\u00e9 la premi\u00e8re union de quartier de Grenoble et l\u2019une des plus anciennes de France. Le dimanche 11 janvier 2026, pour annoncer l\u2019anniversaire du 15 janvier, durant le march\u00e9 hebdomadaire, l\u2019Union de quartier a offert aux habitants chocolat et vin chaud avec la Fanfare Les Son\u2019enBulles.<\/p>\n\n\n\n<p>Le 15 janvier 2026, un premier rassemblement devant l\u2019\u00e9cole Paul Bert a \u00e9t\u00e9 anim\u00e9 par un \u00ab&nbsp;Flashmob&nbsp;\u00bb et une d\u00e9ambulation avec le p\u00e9riscolaire de l\u2019\u00e9cole Paul Bert, puis \u00e0 18 h a \u00e9t\u00e9 inaugur\u00e9e la plaque comm\u00e9morative qui sera install\u00e9e l\u00e0 o\u00f9 il y a un si\u00e8cle, l\u2019association a \u00e9t\u00e9 cr\u00e9\u00e9e. Voir sur la photo un projet de plaque comm\u00e9morative qui rappelle la d\u00e9lib\u00e9ration de cr\u00e9ation de l\u2019Union de quartier.<\/p>\n\n\n\n<p>Les membres du conseil d\u2019administration ont d\u00e9voil\u00e9 cette plaque, et au nom du maire de Grenoble, Antoine Back, adjoint au maire, a rappel\u00e9 cette importante histoire de la d\u00e9mocratie locale grenobloise.<\/p>\n\n\n\n<!--more-->\n\n\n\n<p>Voici l\u2019int\u00e9gralit\u00e9 de son intervention&nbsp;:<\/p>\n\n\n\n<p><em>\u00ab&nbsp;Mesdames et Messieurs les \u00e9lu\u00b7es, actuels comme anciens, ch\u00e8res habitantes et habitants de l\u2019\u00cele Verte, mesdames et Messieurs&nbsp;:<\/em><\/p>\n\n\n\n<p><em>C\u2019est un immense plaisir et un grand honneur d\u2019\u00eatre parmi vous aujourd\u2019hui pour c\u00e9l\u00e9brer un anniversaire tout \u00e0 fait exceptionnel&nbsp;: les 100 ans de l\u2019Union de Quartier \u00cele Verte. Si la p\u00e9riode de r\u00e9serve \u00e9lectorale et le Dry January m\u2019obligent \u00e0 une certaine sobri\u00e9t\u00e9, qu\u2019il me soit n\u00e9anmoins permis d\u2019exprimer quelques mots au nom de la municipalit\u00e9 de Grenoble.<\/em><\/p>\n\n\n\n<p><em>Au pr\u00e9alable je tiens \u00e0 excuser mon camarade et coll\u00e8gue Alan CONFESSON, retenu \u00e0 la Maison de l\u2019International pour les v\u0153ux de secteur, c\u2019est pourquoi M. le Maire m\u2019a demand\u00e9 de le remplacer&nbsp;: une mission qui m\u2019honore autant qu\u2019elle m\u2019oblige, ayant \u00e9t\u00e9 moi-m\u00eame en charge de ce secteur entre 2014 et 2020.<\/em><\/p>\n\n\n\n<p><em>Cet anniversaire a un parfum particulier, d\u00e9j\u00e0 parce qu\u2019il offre \u00e0 cette Union de quartier un chiffre rond, que je ne suis pas s\u00fbr d\u2019atteindre moi-m\u00eame un jour&nbsp;: 100 ans. Et disons-le tout de suite&nbsp;: quelle richesse, quelle originalit\u00e9, quelle vitalit\u00e9 pour une telle centenaire&nbsp;!<\/em><\/p>\n\n\n\n<p><em>Car l\u2019Union de Quartier \u00cele Verte n\u2019est pas seulement l\u2019une des 22 unions de quartier grenobloises, elle est la toute premi\u00e8re ! Fond\u00e9e le 15 janvier 1926 \u00e0 20h30. Sans doute l\u2019une des plus anciennes associations d\u2019habitant\u00b7es de France. Une fois parmi tant d\u2019autres, en la mati\u00e8re notre ville fut pionni\u00e8re.<\/em><\/p>\n\n\n\n<p><em>Tout a commenc\u00e9 ici, dans le quartier, au caf\u00e9 Fugier, rue Tarillon o\u00f9 125 vertiliennes et vertiliens avaient r\u00e9pondu \u00e0 l\u2019appel. Et de quoi parlait-on en 1926&nbsp;?<\/em><\/p>\n\n\n\n<ul class=\"wp-block-list\">\n<li><em>d\u2019entretien des voiries,<\/em><\/li>\n\n\n\n<li><em>de propret\u00e9,<\/em><\/li>\n\n\n\n<li><em>de s\u00e9curit\u00e9,<\/em><\/li>\n\n\n\n<li><em>d\u2019\u00e9clairage public,<\/em><\/li>\n\n\n\n<li><em>de vitesse excessive des v\u00e9los et des automobiles,<\/em><\/li>\n\n\n\n<li><em>de cohabitation dans le parc\u2026<\/em><\/li>\n<\/ul>\n\n\n\n<p><em>Bref&nbsp;: des sujets qui conservent, et conserveront sans doute toujours, une certaine actualit\u00e9. Non que rien n\u2019ait \u00e9t\u00e9 fait en un si\u00e8cle, bien au contraire, mais convenons ensemble que l\u2019am\u00e9lioration du cadre de vie est un processus de perp\u00e9tuel&nbsp;: cent fois sur le m\u00e9tier remettre son ouvrage.<\/em><\/p>\n\n\n\n<p><em>Ce soir-l\u00e0, il y a 100 ans, Monsieur Bouvier lan\u00e7ait cette phrase fondatrice&nbsp;: \u00ab&nbsp;C\u2019est en s\u2019unissant \u00e9troitement que nous ferons aboutir nos justes r\u00e9clamations.&nbsp;\u00bb<\/em><\/p>\n\n\n\n<p><em>Un bureau est \u00e9lu et Monsieur Billaud, par ailleurs conseiller municipal \u00e0 la Ville de Grenoble, devient alors son premier pr\u00e9sident. Une confusion des genres qui, sans doute, d\u00e9tonnerait aujourd\u2019hui. Depuis, l\u2019Union de Quartier a travers\u00e9 les \u00e9poques, avec des p\u00e9riodes plus difficiles&nbsp;: des interruptions entre 1928 et 1935, et forc\u00e9ment l\u2019Occupation pendant la 2nde Guerre mondiale. Mais elle a toujours su rester une force vivante, mobilisatrice et constructive.<\/em><\/p>\n\n\n\n<p><em>Deux pr\u00e9sidents ont profond\u00e9ment marqu\u00e9 le quartier, au point de donner leurs noms \u00e0 des rues et squares. D\u2019abord, Joseph Ravier Piquet, pr\u00e9sident de 1945 \u00e0 1964, qui a vu et soutenu la municipalisation des rues priv\u00e9es, le trolleybus, l\u2019installation de la Poste et le terrain pour l\u2019\u00e9glise Saint-Luc. Inaugur\u00e9e en grande pompe pour les 50 ans de l\u2019UQ, lors d\u2019une f\u00eate m\u00e9morable avec d\u00e9fil\u00e9 de majorettes, la rue Ravier Piquet comm\u00e9more son travail pour le quartier.<\/em><\/p>\n\n\n\n<p><em>Citons aussi Henri Huchon, pr\u00e9sident de 1970 \u00e0 1988, qui aura port\u00e9 le projet de la R\u00e9sidence des Vignes, l\u2019arriv\u00e9e du tramway, le d\u00e9veloppement des logements sociaux, la d\u00e9fense des arbres et ces plantations embl\u00e9matiques qui font encore aujourd\u2019hui le paysage du quartier&nbsp;: liquidambars, magnolias, ginkgos. Le projet des Vignes reste d\u2019ailleurs un mod\u00e8le de concertation entre l\u2019UQ et la municipalit\u00e9, avec ses 13 logements r\u00e9serv\u00e9s aux personnes \u00e2g\u00e9es.<\/em><\/p>\n\n\n\n<p><em>Quand on parcourt les archives, on retrouve les m\u00eames combats citoyens qu\u2019aujourd\u2019hui&nbsp;: l\u2019eau, l\u2019assainissement, la circulation, le stationnement, le logement social, les commerces, les animations\u2026 En 1964 d\u00e9j\u00e0, le pr\u00e9sident Wantelet parlait, je cite, d\u2019une \u00ab&nbsp;guerre entre l\u2019automobile et la ville&nbsp;\u00bb et d\u00e9fendait fermement les espaces verts. Il affirmait que le parc ne deviendrait jamais un parking&nbsp;: une vision \u00e0 rebours de son \u00e9poque et pourtant d\u2019une judicieuse modernit\u00e9, une aspiration qui s\u2019est r\u00e9pandue dans toute la soci\u00e9t\u00e9 aujourd\u2019hui.<\/em><\/p>\n\n\n\n<p><em>L\u2019\u00cele Verte est un quartier accueillant et solidaire. Sur des sujets parfois sensibles, comme Point d\u2019Eau ou l\u2019accueil des gens du voyage, l\u2019Union de Quartier a toujours jou\u00e9 un r\u00f4le de m\u00e9diateur \u00e0 la fois exigeant et responsable entre les habitant\u00b7es et la municipalit\u00e9, organisant les honn\u00eates conditions d\u2019un d\u00e9bat \u00e9clair\u00e9 et sinc\u00e8re. Aujourd\u2019hui encore, gr\u00e2ce \u00e0 cette vigilance, la cohabitation entre des mondes parfois tr\u00e8s diff\u00e9rents s\u2019op\u00e8re sans conflit majeur. Ici on sait faire soci\u00e9t\u00e9 et on en est fier\u00b7e.<\/em><\/p>\n\n\n\n<p><em>En 100 ans, 17 pr\u00e9sidentes et pr\u00e9sidents se sont succ\u00e9d\u00e9 \u2013 seulement 3 femmes, notons-le \u2013 avant d\u2019\u00e9voluer vers un fonctionnement collectif et partag\u00e9.<\/em><\/p>\n\n\n\n<p><em>Il y a 10 ans, alors jeune \u00e9lu en charge du secteur 2, je me suis joint \u00e0 vous pour c\u00e9l\u00e9brer les 90 ans de cette Union de quartier. Je me souviens, c\u2019\u00e9tait au bar L\u2019Absolu, plein \u00e0 craquer&nbsp;: on y causait proximit\u00e9 tout en cultivant la convivialit\u00e9, dans l\u2019esprit du caf\u00e9 Fugier. J\u2019y ai retrouv\u00e9 des habitant\u00b7es engag\u00e9\u00b7es, d\u00e9vou\u00e9\u00b7es \u00e0 leur quartier&nbsp;; je retrouve aujourd\u2019hui beaucoup de visages, j\u2019en d\u00e9couvre bien d\u2019autres, toutes et tous r\u00e9solus \u00e0 cultiver \u00e0 l\u2019\u00cele Verte ce bien-vivre-ensemble souvent cit\u00e9 en exemple dans d\u2019autres quartiers de notre ville avec parfois, reconnaissons-le, une part de mythe. Je vous salue avec \u00e9motion, avec respect, aujourd\u2019hui comme il y a 10 ans.<\/em><\/p>\n\n\n\n<p><em>Je veux saluer la fid\u00e9lit\u00e9 des membres historiques, le renouvellement des b\u00e9n\u00e9voles, les porteur-euses des nombreuses animations dans le quartier (cin\u00e9 familles, cin\u00e9 plein air, f\u00eate de quartier), et bien s\u00fbr toutes et tous les porteurs des projets \u00e0 venir, en particulier de la place du docteur Girard.<\/em><\/p>\n\n\n\n<p><em>Enfin remercions l\u2019Union de Quartier pour avoir compil\u00e9 dans son livre \u00ab&nbsp;M\u00e9moire de l\u2019\u00cele&nbsp;\u00bb, \u00e9dit\u00e9 en 2004 aux PUF, les pr\u00e9cieuses archives sans lequel j\u2019aurais eu bien du mal \u00e0 me replonger dans les 100 ann\u00e9es pass\u00e9es. J\u2019invite tou\u00b7tes les habitant\u00b7s du quartier, de Grenoble et au-del\u00e0, \u00e0 se plonger dans cet ouvrage qui rec\u00e8le une m\u00e9moire collective d\u2019une grande richesse.<\/em><\/p>\n\n\n\n<p><em>Enfin, au nom de la Ville de Grenoble, je veux remercier chaleureusement toutes celles et ceux qui, depuis 100 ans, font vivre l\u2019Union de Quartier \u00cele Verte. Vous \u00eates les piliers de la d\u00e9mocratie locale en actes, un exemple d\u2019engagement citoyen, un rappel pr\u00e9cieux qu\u2019hier, aujourd\u2019hui et demain, Grenoble se construit avec ses habitantes et ses habitants.<\/em><\/p>\n\n\n\n<p><em>Longue vie \u00e0 l\u2019Union de Quartier \u00cele Verte&#8230; et rendez-vous en 2126 pour les 200 ans&nbsp;!&nbsp;\u00bb<\/em><\/p>\n","protected":false},"excerpt":{"rendered":"<p>Le 15 janvier 1926 \u00e0 20 h 30, dans un caf\u00e9 de l\u2019Ile Verte \u00e0 l\u2019angle des rues Tarillon et Lachmann, 125 habitants ont fond\u00e9 la premi\u00e8re union de quartier de Grenoble et l\u2019une des plus anciennes de France. Le dimanche 11 janvier 2026, pour annoncer l\u2019anniversaire du 15 janvier, durant le march\u00e9 hebdomadaire, l\u2019Union [&hellip;]<\/p>\n","protected":false},"author":1,"featured_media":0,"comment_status":"closed","ping_status":"open","sticky":false,"template":"","format":"standard","meta":{"twitterCardType":"","cardImageID":0,"cardImage":"","cardTitle":"","cardDesc":"","cardImageAlt":"","cardPlayer":"","cardPlayerWidth":0,"cardPlayerHeight":0,"cardPlayerStream":"","cardPlayerCodec":"","footnotes":""},"categories":[62,11],"tags":[215,151,172],"class_list":["post-25648","post","type-post","status-publish","format-standard","hentry","category-le-rouge-le-vert-hebdo","category-politique-locale","tag-grenoble","tag-memoire","tag-unions-de-quartiers"],"_links":{"self":[{"href":"https:\/\/www.ades-grenoble.org\/wordpress\/wp-json\/wp\/v2\/posts\/25648","targetHints":{"allow":["GET"]}}],"collection":[{"href":"https:\/\/www.ades-grenoble.org\/wordpress\/wp-json\/wp\/v2\/posts"}],"about":[{"href":"https:\/\/www.ades-grenoble.org\/wordpress\/wp-json\/wp\/v2\/types\/post"}],"author":[{"embeddable":true,"href":"https:\/\/www.ades-grenoble.org\/wordpress\/wp-json\/wp\/v2\/users\/1"}],"replies":[{"embeddable":true,"href":"https:\/\/www.ades-grenoble.org\/wordpress\/wp-json\/wp\/v2\/comments?post=25648"}],"version-history":[{"count":1,"href":"https:\/\/www.ades-grenoble.org\/wordpress\/wp-json\/wp\/v2\/posts\/25648\/revisions"}],"predecessor-version":[{"id":25650,"href":"https:\/\/www.ades-grenoble.org\/wordpress\/wp-json\/wp\/v2\/posts\/25648\/revisions\/25650"}],"wp:attachment":[{"href":"https:\/\/www.ades-grenoble.org\/wordpress\/wp-json\/wp\/v2\/media?parent=25648"}],"wp:term":[{"taxonomy":"category","embeddable":true,"href":"https:\/\/www.ades-grenoble.org\/wordpress\/wp-json\/wp\/v2\/categories?post=25648"},{"taxonomy":"post_tag","embeddable":true,"href":"https:\/\/www.ades-grenoble.org\/wordpress\/wp-json\/wp\/v2\/tags?post=25648"}],"curies":[{"name":"wp","href":"https:\/\/api.w.org\/{rel}","templated":true}]}}