{"id":25651,"date":"2026-01-23T09:54:21","date_gmt":"2026-01-23T08:54:21","guid":{"rendered":"https:\/\/www.ades-grenoble.org\/wordpress\/?p=25651"},"modified":"2026-01-23T09:54:21","modified_gmt":"2026-01-23T08:54:21","slug":"des-difficultes-dacces-et-un-renoncement-aux-soins-qui-persistent-dans-tous-les-territoires","status":"publish","type":"post","link":"https:\/\/www.ades-grenoble.org\/wordpress\/2026\/01\/23\/des-difficultes-dacces-et-un-renoncement-aux-soins-qui-persistent-dans-tous-les-territoires\/","title":{"rendered":"Des difficult\u00e9s d&rsquo;acc\u00e8s et un renoncement aux soins qui persistent dans tous les territoires"},"content":{"rendered":"<div class=\"wp-block-image\">\n<figure class=\"alignleft size-full\"><img loading=\"lazy\" decoding=\"async\" width=\"380\" height=\"165\" src=\"https:\/\/www.ades-grenoble.org\/wordpress\/wp-content\/uploads\/2025\/03\/FHF.jpg\" alt=\"\" class=\"wp-image-24411\" srcset=\"https:\/\/www.ades-grenoble.org\/wordpress\/wp-content\/uploads\/2025\/03\/FHF.jpg 380w, https:\/\/www.ades-grenoble.org\/wordpress\/wp-content\/uploads\/2025\/03\/FHF-300x130.jpg 300w, https:\/\/www.ades-grenoble.org\/wordpress\/wp-content\/uploads\/2025\/03\/FHF-150x65.jpg 150w\" sizes=\"auto, (max-width: 380px) 100vw, 380px\" \/><\/figure>\n<\/div>\n\n\n<p>Le 21 janvier 2026 est publi\u00e9e <a href=\"https:\/\/www.fhf.fr\/actualites\/communiques-de-presse\/des-difficultes-dacces-et-un-renoncement-aux-soins-qui-persistent-dans-tous-les-territoires\" data-type=\"link\" data-id=\"https:\/\/www.fhf.fr\/actualites\/communiques-de-presse\/des-difficultes-dacces-et-un-renoncement-aux-soins-qui-persistent-dans-tous-les-territoires\">la quatri\u00e8me vague de l\u2019Observatoire des territoires<\/a>, r\u00e9alis\u00e9e par l\u2019Institut Verian et la Fondation Jean Jaures en partenariat avec la F\u00e9d\u00e9ration hospitali\u00e8re de France (FHF). Elle montre que les difficult\u00e9s d\u2019acc\u00e8s aux soins sont largement v\u00e9cues sur l\u2019ensemble du pays et appellent des r\u00e9ponses concr\u00e8tes, coordonn\u00e9es et visibles \u00e0 l\u2019\u00e9chelle territoriale.\u00a0<\/p>\n\n\n\n<p>L\u2019an pass\u00e9, 80 % des Fran\u00e7ais ont \u00e9t\u00e9 touch\u00e9s par le renoncement aux soins au moins une fois. 70% des personnes interrog\u00e9es estiment que les communes ont un&nbsp;r\u00f4le \u00e0 jouer en mati\u00e8re de sant\u00e9.&nbsp;La liste anim\u00e9e par Laurence Ruffin \u00e0 Grenoble a pris ces questions en toute premi\u00e8re priorit\u00e9, ses propositions sont d\u00e9taill\u00e9es dans une plaquette intitul\u00e9e \u00ab&nbsp;<strong><em>Oui \u00e0 la ville qui garantit le droit \u00e0 la sant\u00e9<\/em><\/strong> \u00e0 t\u00e9l\u00e9charger&nbsp;<a href=\"https:\/\/oui-grenoble.fr\/wp-content\/uploads\/2026\/01\/OuiGrenoble_LivretSante.pdf\">ici<\/a>.<\/p>\n\n\n\n<!--more-->\n\n\n\n<p><em>\u00ab&nbsp;UN ACCES AUX SOINS SOUS TENSION POUR UNE LARGE PART DE LA POPULATION<\/em><\/p>\n\n\n\n<p><em>Quatre Fran\u00e7ais sur dix (40 %) d\u00e9clarent qu\u2019il est difficile d\u2019acc\u00e9der \u00e0 des soins de sant\u00e9 l\u00e0 o\u00f9 ils vivent. Cette proportion d\u00e9passe la moiti\u00e9 des habitants dans les communes rurales (53 %) et dans les agglom\u00e9rations de moins de 20 000 habitants (52 %).&nbsp;<\/em><\/p>\n\n\n\n<p><em>Plus d\u2019un tiers des Fran\u00e7ais (36 %) estiment m\u00eame vivre dans un \u00ab d\u00e9sert m\u00e9dical \u00bb, un sentiment particuli\u00e8rement marqu\u00e9 dans les zones rurales et les villes moyennes.<\/em><\/p>\n\n\n\n<p><em>Les difficult\u00e9s sont particuli\u00e8rement aigu\u00ebs pour certaines cat\u00e9gories de professionnels :<\/em><\/p>\n\n\n\n<p><em>47 % des Fran\u00e7ais jugent difficile l\u2019acc\u00e8s \u00e0 un m\u00e9decin g\u00e9n\u00e9raliste ;<\/em><\/p>\n\n\n\n<p><em>63 % estiment qu\u2019il est difficile d\u2019acc\u00e9der \u00e0 un m\u00e9decin sp\u00e9cialiste, et 24 % parlent m\u00eame d\u2019une situation \u00ab tr\u00e8s difficile \u00bb ;<\/em><\/p>\n\n\n\n<p><em>Les dermatologues, ophtalmologues et cardiologues figurent parmi les sp\u00e9cialit\u00e9s les plus difficiles d\u2019acc\u00e8s.<\/em><\/p>\n\n\n\n<p><em>LE RENONCEMENT AUX SOINS EST UNE R\u00c9ALITE MASSIVE<\/em><\/p>\n\n\n\n<p><em>Ces tensions ont des cons\u00e9quences directes sur les comportements de soins. 81 % des Fran\u00e7ais d\u00e9clarent avoir d\u00e9j\u00e0 renonc\u00e9 \u00e0 consulter un professionnel de sant\u00e9 pour au moins une raison au cours des douze derniers mois.Les principaux motifs \u00e9voqu\u00e9s sont :<\/em><\/p>\n\n\n\n<p><em>Des d\u00e9lais d\u2019attente trop longs (65 %) ;<\/em><\/p>\n\n\n\n<p><em>L\u2019absence de sp\u00e9cialistes \u00e0 proximit\u00e9 (60 %, jusqu\u2019\u00e0 70 % en zone rurale) ;<\/em><\/p>\n\n\n\n<p><em>Des co\u00fbts jug\u00e9s trop \u00e9lev\u00e9s ou des remboursements insuffisants (47 %).<\/em><\/p>\n\n\n\n<p><em>DES ATTENTES FORTES VIS-\u00c0-VIS DE L\u2019ACTION LOCALE<\/em><\/p>\n\n\n\n<p><em>La sant\u00e9 appara\u00eet clairement comme un enjeu local majeur : 70 % des Fran\u00e7ais estiment que leur commune a un r\u00f4le \u00e0 jouer en mati\u00e8re de sant\u00e9 et d\u2019acc\u00e8s aux soins, dont 27 % qui lui attribuent m\u00eame un r\u00f4le central. Pourtant, seuls 42 % consid\u00e8rent que leur commune agit r\u00e9ellement pour am\u00e9liorer l\u2019acc\u00e8s aux soins, tandis que 31 % jugent qu\u2019elle n\u2019agit pas et 27 % ne savent pas se prononcer.<\/em><\/p>\n\n\n\n<p><em>Un tiers des Fran\u00e7ais (34 %) estime par ailleurs que la situation de l\u2019acc\u00e8s aux soins dans leur commune s\u2019est d\u00e9t\u00e9rior\u00e9e ces derni\u00e8res ann\u00e9es, et 41 % consid\u00e8rent qu\u2019elle n\u2019a pas \u00e9volu\u00e9.<\/em><\/p>\n\n\n\n<p><em>Pour ces \u00e9lections municipales, la sant\u00e9 pourrait donc \u00eatre un crit\u00e8re de vote d\u00e9cisif.<\/em><\/p>\n\n\n\n<p><em>L\u2019H\u00d4PITAL PUBLIC, PILIER DU SYSTEME DE SANT\u00c9, AU NIVEAU NATIONAL ET LOCAL.<\/em><\/p>\n\n\n\n<p><em>L\u2019enqu\u00eate souligne un tr\u00e8s fort attachement \u00e0 l\u2019h\u00f4pital public : 71 % des Fran\u00e7ais d\u00e9clarent y \u00eatre attach\u00e9s, et plus de 80 % se sont rendus en ville ou \u00e0 l\u2019h\u00f4pital public au cours des douze derniers mois pour consulter une m\u00e9decin.<\/em><\/p>\n\n\n\n<p><em>Pr\u00e9sent sur l\u2019ensemble du territoire, l\u2019h\u00f4pital public assure \u00e0 la fois les soins de proximit\u00e9, la permanence des soins, la prise en charge des situations complexes, la formation des professionnels et la recherche. \u00c0 ce titre, il constitue un pilier du syst\u00e8me de sant\u00e9, \u00e0 la fois dans les territoires et au niveau national.&nbsp;<\/em><\/p>\n\n\n\n<p><a href=\"https:\/\/www.fhf.fr\/actualites\/articles\/venons-en-aux-faits-lhopital-public-est-performant\"><em>Venons-en aux faits : l&rsquo;h\u00f4pital est performant<\/em><\/a><em>, il prend en charge notamment 75% des accouchements et 81% des passages aux urgences sur le territoire. Et ce, 365 jours par an, 24\/24h.&nbsp;\u00bb<\/em><\/p>\n","protected":false},"excerpt":{"rendered":"<p>Le 21 janvier 2026 est publi\u00e9e la quatri\u00e8me vague de l\u2019Observatoire des territoires, r\u00e9alis\u00e9e par l\u2019Institut Verian et la Fondation Jean Jaures en partenariat avec la F\u00e9d\u00e9ration hospitali\u00e8re de France (FHF). Elle montre que les difficult\u00e9s d\u2019acc\u00e8s aux soins sont largement v\u00e9cues sur l\u2019ensemble du pays et appellent des r\u00e9ponses concr\u00e8tes, coordonn\u00e9es et visibles \u00e0 [&hellip;]<\/p>\n","protected":false},"author":1,"featured_media":0,"comment_status":"closed","ping_status":"open","sticky":false,"template":"","format":"standard","meta":{"twitterCardType":"","cardImageID":0,"cardImage":"","cardTitle":"","cardDesc":"","cardImageAlt":"","cardPlayer":"","cardPlayerWidth":0,"cardPlayerHeight":0,"cardPlayerStream":"","cardPlayerCodec":"","footnotes":""},"categories":[62,11],"tags":[298,99,33],"class_list":["post-25651","post","type-post","status-publish","format-standard","hentry","category-le-rouge-le-vert-hebdo","category-politique-locale","tag-france","tag-sante","tag-social"],"_links":{"self":[{"href":"https:\/\/www.ades-grenoble.org\/wordpress\/wp-json\/wp\/v2\/posts\/25651","targetHints":{"allow":["GET"]}}],"collection":[{"href":"https:\/\/www.ades-grenoble.org\/wordpress\/wp-json\/wp\/v2\/posts"}],"about":[{"href":"https:\/\/www.ades-grenoble.org\/wordpress\/wp-json\/wp\/v2\/types\/post"}],"author":[{"embeddable":true,"href":"https:\/\/www.ades-grenoble.org\/wordpress\/wp-json\/wp\/v2\/users\/1"}],"replies":[{"embeddable":true,"href":"https:\/\/www.ades-grenoble.org\/wordpress\/wp-json\/wp\/v2\/comments?post=25651"}],"version-history":[{"count":1,"href":"https:\/\/www.ades-grenoble.org\/wordpress\/wp-json\/wp\/v2\/posts\/25651\/revisions"}],"predecessor-version":[{"id":25652,"href":"https:\/\/www.ades-grenoble.org\/wordpress\/wp-json\/wp\/v2\/posts\/25651\/revisions\/25652"}],"wp:attachment":[{"href":"https:\/\/www.ades-grenoble.org\/wordpress\/wp-json\/wp\/v2\/media?parent=25651"}],"wp:term":[{"taxonomy":"category","embeddable":true,"href":"https:\/\/www.ades-grenoble.org\/wordpress\/wp-json\/wp\/v2\/categories?post=25651"},{"taxonomy":"post_tag","embeddable":true,"href":"https:\/\/www.ades-grenoble.org\/wordpress\/wp-json\/wp\/v2\/tags?post=25651"}],"curies":[{"name":"wp","href":"https:\/\/api.w.org\/{rel}","templated":true}]}}