{"id":25653,"date":"2026-01-23T09:54:26","date_gmt":"2026-01-23T08:54:26","guid":{"rendered":"https:\/\/www.ades-grenoble.org\/wordpress\/?p=25653"},"modified":"2026-01-23T09:54:26","modified_gmt":"2026-01-23T08:54:26","slug":"agenda-317","status":"publish","type":"post","link":"https:\/\/www.ades-grenoble.org\/wordpress\/2026\/01\/23\/agenda-317\/","title":{"rendered":"Agenda"},"content":{"rendered":"<div class=\"wp-block-image\">\n<figure class=\"alignleft size-full\"><img loading=\"lazy\" decoding=\"async\" width=\"300\" height=\"412\" src=\"https:\/\/www.ades-grenoble.org\/wordpress\/wp-content\/uploads\/2026\/01\/Oui-Hamon.jpg\" alt=\"\" class=\"wp-image-25654\" srcset=\"https:\/\/www.ades-grenoble.org\/wordpress\/wp-content\/uploads\/2026\/01\/Oui-Hamon.jpg 300w, https:\/\/www.ades-grenoble.org\/wordpress\/wp-content\/uploads\/2026\/01\/Oui-Hamon-218x300.jpg 218w, https:\/\/www.ades-grenoble.org\/wordpress\/wp-content\/uploads\/2026\/01\/Oui-Hamon-109x150.jpg 109w\" sizes=\"auto, (max-width: 300px) 100vw, 300px\" \/><\/figure>\n<\/div>\n\n\n<p><strong>Vendredi 23 janvier 18 h, v\u0153ux du maire et du conseil municipal de Grenoble<\/strong>, \u00e0 l\u2019H\u00f4tel de ville.<\/p>\n\n\n\n<hr class=\"wp-block-separator has-alpha-channel-opacity\"\/>\n\n\n\n<p><strong>Vendredi 23 janvier \u00e0 20 h, r\u00e9union publique de Laurence Ruffin avec Benoit Hamon,<\/strong> \u00e0 la Maison du Tourisme, 14 rue de la R\u00e9publique \u00e0 Grenoble.<\/p>\n","protected":false},"excerpt":{"rendered":"<p>Vendredi 23 janvier 18 h, v\u0153ux du maire et du conseil municipal de Grenoble, \u00e0 l\u2019H\u00f4tel de ville. Vendredi 23 janvier \u00e0 20 h, r\u00e9union publique de Laurence Ruffin avec Benoit Hamon, \u00e0 la Maison du Tourisme, 14 rue de la R\u00e9publique \u00e0 Grenoble.<\/p>\n","protected":false},"author":1,"featured_media":0,"comment_status":"closed","ping_status":"open","sticky":false,"template":"","format":"standard","meta":{"twitterCardType":"","cardImageID":0,"cardImage":"","cardTitle":"","cardDesc":"","cardImageAlt":"","cardPlayer":"","cardPlayerWidth":0,"cardPlayerHeight":0,"cardPlayerStream":"","cardPlayerCodec":"","footnotes":""},"categories":[62,11],"tags":[125],"class_list":["post-25653","post","type-post","status-publish","format-standard","hentry","category-le-rouge-le-vert-hebdo","category-politique-locale","tag-agenda"],"_links":{"self":[{"href":"https:\/\/www.ades-grenoble.org\/wordpress\/wp-json\/wp\/v2\/posts\/25653","targetHints":{"allow":["GET"]}}],"collection":[{"href":"https:\/\/www.ades-grenoble.org\/wordpress\/wp-json\/wp\/v2\/posts"}],"about":[{"href":"https:\/\/www.ades-grenoble.org\/wordpress\/wp-json\/wp\/v2\/types\/post"}],"author":[{"embeddable":true,"href":"https:\/\/www.ades-grenoble.org\/wordpress\/wp-json\/wp\/v2\/users\/1"}],"replies":[{"embeddable":true,"href":"https:\/\/www.ades-grenoble.org\/wordpress\/wp-json\/wp\/v2\/comments?post=25653"}],"version-history":[{"count":1,"href":"https:\/\/www.ades-grenoble.org\/wordpress\/wp-json\/wp\/v2\/posts\/25653\/revisions"}],"predecessor-version":[{"id":25655,"href":"https:\/\/www.ades-grenoble.org\/wordpress\/wp-json\/wp\/v2\/posts\/25653\/revisions\/25655"}],"wp:attachment":[{"href":"https:\/\/www.ades-grenoble.org\/wordpress\/wp-json\/wp\/v2\/media?parent=25653"}],"wp:term":[{"taxonomy":"category","embeddable":true,"href":"https:\/\/www.ades-grenoble.org\/wordpress\/wp-json\/wp\/v2\/categories?post=25653"},{"taxonomy":"post_tag","embeddable":true,"href":"https:\/\/www.ades-grenoble.org\/wordpress\/wp-json\/wp\/v2\/tags?post=25653"}],"curies":[{"name":"wp","href":"https:\/\/api.w.org\/{rel}","templated":true}]}}