{"id":2581,"date":"2010-11-06T23:57:59","date_gmt":"2010-11-06T21:57:59","guid":{"rendered":"http:\/\/www.ades-grenoble.org\/wordpress\/?p=2581"},"modified":"2010-11-26T21:34:48","modified_gmt":"2010-11-26T19:34:48","slug":"loca-une-bonne-idee-mais%e2%80%a6","status":"publish","type":"post","link":"https:\/\/www.ades-grenoble.org\/wordpress\/2010\/11\/06\/loca-une-bonne-idee-mais%e2%80%a6\/","title":{"rendered":"LOCA++ une bonne id\u00e9e, mais\u2026"},"content":{"rendered":"<p>Permettre \u00e0 des bailleurs priv\u00e9s de louer leur logement dans des conditions financi\u00e8res \u00e9quivalentes ou proches de celles du logement social est une bonne id\u00e9e qu\u2019avait lanc\u00e9e et exp\u00e9riment\u00e9e l\u2019association \u201c\u00a0Un Toit pour tous\u00a0\u201d en 2009 avec le soutien financier de la M\u00e9tro et la Ville de Grenoble. Ces collectivit\u00e9s viennent de relancer cette op\u00e9ration \u00e0 plus grande \u00e9chelle mais en confiant la gestion \u00e0 l\u2019ensemble des agences immobili\u00e8res et non aux op\u00e9rateurs sp\u00e9cialis\u00e9s dans l\u2019accompagnement social des locataires comme le fait \u201c\u00a0Un Toit pour tous\u00a0\u201d. Du coup, la r\u00e9gion ne participe pas au soutien financier de l\u2019op\u00e9ration car la condition de l\u2019accompagnement social, notamment des plus d\u00e9favoris\u00e9s \u00e9tait une des conditions mises \u00e0 sa participation. LOCA++ risque donc de ne pas s\u2019ouvrir \u00e0 la frange la plus d\u00e9favoris\u00e9e de la population qui a le plus de mal \u00e0 se loger, c\u2019est dommage.<\/p>\n<p>\u201c\u00a0Un Toit pour tous\u00a0\u201d a donc choisi de ne pas \u00eatre op\u00e9rateur de cette op\u00e9ration et s\u2019en explique dans un communiqu\u00e9 que nous reproduisons ci-dessous\u00a0:<\/p>\n<p style=\"padding-left: 30px;\"><!--more-->\u201c\u00a0<strong>Un Toit Pour Tous s&rsquo;implique, depuis de nombreuses ann\u00e9es, pour aider les personnes \u00e0 faibles ressources \u00e0 acc\u00e9der au logement priv\u00e9. Loca++ a montr\u00e9 que cela \u00e9tait possible et nos sympathisants nous demandent pourquoi nous n&rsquo;avons pas poursuivi ? <\/strong><\/p>\n<p style=\"padding-left: 30px;\">Souvenez-vous, l\u2019association Un Toit Pour Tous, avec l\u2019appui financier de la M\u00e9tro et de la Ville de Grenoble, a lanc\u00e9 fin 2009 une exp\u00e9rience de captation et gestion locative de logements priv\u00e9s.<\/p>\n<p style=\"padding-left: 30px;\">Baptis\u00e9e Loca++, cette op\u00e9ration a permis de mettre en location en quelques mois, 23 logements \u00e0 la disposition de familles qui n\u2019avaient pas les moyens de se loger aux tarifs du parc priv\u00e9 et qui avaient \u00e9t\u00e9 choisies sur des crit\u00e8res sociaux.<\/p>\n<p style=\"padding-left: 30px;\">En 2010 la M\u00e9tro et la Ville de Grenoble ont, sous le m\u00eame nom de Loca++, financ\u00e9 une nouvelle initiative de captation de logements priv\u00e9s \u00e0 loyers r\u00e9duits dans l\u2019agglom\u00e9ration.<\/p>\n<p style=\"padding-left: 30px;\">Cet engagement de collectivit\u00e9s locales pour du logement priv\u00e9 plus accessible est int\u00e9ressante.<\/p>\n<p style=\"padding-left: 30px;\">Un Toit Pour Tous a cependant choisi de ne pas en \u00eatre op\u00e9rateur parce qu\u2019il n\u2019y avait pas de garanties suffisantes d\u2019utilisation sociale des logements capt\u00e9s\u00a0: attribution \u00e0 des publics d\u00e9favoris\u00e9s non assur\u00e9e et mal contr\u00f4l\u00e9e, financement non pr\u00e9vu d\u2019une gestion locative adapt\u00e9e \u00e0 ces publics.<\/p>\n<p style=\"padding-left: 30px;\">Dans sa volont\u00e9 de proposer des solutions acceptables et r\u00e9alistes \u00e0 la p\u00e9nurie de logements pour les plus d\u00e9favoris\u00e9s, Un Toit Pour Tous continue, plus que jamais, \u00e0 penser que le parc priv\u00e9 doit \u00eatre sollicit\u00e9 et utilis\u00e9 pour compl\u00e9ter l\u2019offre du parc social.<\/p>\n<p style=\"padding-left: 30px;\">L\u2019association poursuit son investissement dans des op\u00e9rations de captation pour des logements avec ou sans travaux \u00e0 condition que les moyens soient donn\u00e9s de servir en priorit\u00e9 les gens qui en ont le plus besoin et qui sont les plus d\u00e9munis devant le besoin de se loger.\u00a0\u201d<\/p>\n","protected":false},"excerpt":{"rendered":"<p>Permettre \u00e0 des bailleurs priv\u00e9s de louer leur logement dans des conditions financi\u00e8res \u00e9quivalentes ou proches de celles du logement social est une bonne id\u00e9e qu\u2019avait lanc\u00e9e et exp\u00e9riment\u00e9e l\u2019association \u201c\u00a0Un Toit pour tous\u00a0\u201d en 2009 avec le soutien financier de la M\u00e9tro et la Ville de Grenoble. Ces collectivit\u00e9s viennent de relancer cette op\u00e9ration [&hellip;]<\/p>\n","protected":false},"author":1,"featured_media":0,"comment_status":"closed","ping_status":"open","sticky":false,"template":"","format":"standard","meta":{"twitterCardType":"","cardImageID":0,"cardImage":"","cardTitle":"","cardDesc":"","cardImageAlt":"","cardPlayer":"","cardPlayerWidth":0,"cardPlayerHeight":0,"cardPlayerStream":"","cardPlayerCodec":"","footnotes":""},"categories":[62],"tags":[67,79,66,32,33],"class_list":["post-2581","post","type-post","status-publish","format-standard","hentry","category-le-rouge-le-vert-hebdo","tag-conseil-municipal","tag-conseil-regional","tag-logement","tag-metro","tag-social"],"_links":{"self":[{"href":"https:\/\/www.ades-grenoble.org\/wordpress\/wp-json\/wp\/v2\/posts\/2581","targetHints":{"allow":["GET"]}}],"collection":[{"href":"https:\/\/www.ades-grenoble.org\/wordpress\/wp-json\/wp\/v2\/posts"}],"about":[{"href":"https:\/\/www.ades-grenoble.org\/wordpress\/wp-json\/wp\/v2\/types\/post"}],"author":[{"embeddable":true,"href":"https:\/\/www.ades-grenoble.org\/wordpress\/wp-json\/wp\/v2\/users\/1"}],"replies":[{"embeddable":true,"href":"https:\/\/www.ades-grenoble.org\/wordpress\/wp-json\/wp\/v2\/comments?post=2581"}],"version-history":[{"count":5,"href":"https:\/\/www.ades-grenoble.org\/wordpress\/wp-json\/wp\/v2\/posts\/2581\/revisions"}],"predecessor-version":[{"id":2736,"href":"https:\/\/www.ades-grenoble.org\/wordpress\/wp-json\/wp\/v2\/posts\/2581\/revisions\/2736"}],"wp:attachment":[{"href":"https:\/\/www.ades-grenoble.org\/wordpress\/wp-json\/wp\/v2\/media?parent=2581"}],"wp:term":[{"taxonomy":"category","embeddable":true,"href":"https:\/\/www.ades-grenoble.org\/wordpress\/wp-json\/wp\/v2\/categories?post=2581"},{"taxonomy":"post_tag","embeddable":true,"href":"https:\/\/www.ades-grenoble.org\/wordpress\/wp-json\/wp\/v2\/tags?post=2581"}],"curies":[{"name":"wp","href":"https:\/\/api.w.org\/{rel}","templated":true}]}}