{"id":25873,"date":"2026-03-06T08:58:05","date_gmt":"2026-03-06T07:58:05","guid":{"rendered":"https:\/\/www.ades-grenoble.org\/wordpress\/?p=25873"},"modified":"2026-03-06T08:58:05","modified_gmt":"2026-03-06T07:58:05","slug":"le-programme-detaille-de-la-liste-oui-grenoble-cooperer-proteger-inventer","status":"publish","type":"post","link":"https:\/\/www.ades-grenoble.org\/wordpress\/2026\/03\/06\/le-programme-detaille-de-la-liste-oui-grenoble-cooperer-proteger-inventer\/","title":{"rendered":"Le programme d\u00e9taill\u00e9 de la liste OUI-Grenoble\u00a0: coop\u00e9rer, prot\u00e9ger, inventer"},"content":{"rendered":"<div class=\"wp-block-image\">\n<figure class=\"aligncenter size-full\"><img loading=\"lazy\" decoding=\"async\" width=\"800\" height=\"287\" src=\"https:\/\/www.ades-grenoble.org\/wordpress\/wp-content\/uploads\/2026\/03\/liste-OuiGrenoble.jpg\" alt=\"\" class=\"wp-image-25874\" srcset=\"https:\/\/www.ades-grenoble.org\/wordpress\/wp-content\/uploads\/2026\/03\/liste-OuiGrenoble.jpg 800w, https:\/\/www.ades-grenoble.org\/wordpress\/wp-content\/uploads\/2026\/03\/liste-OuiGrenoble-300x108.jpg 300w, https:\/\/www.ades-grenoble.org\/wordpress\/wp-content\/uploads\/2026\/03\/liste-OuiGrenoble-150x54.jpg 150w, https:\/\/www.ades-grenoble.org\/wordpress\/wp-content\/uploads\/2026\/03\/liste-OuiGrenoble-768x276.jpg 768w, https:\/\/www.ades-grenoble.org\/wordpress\/wp-content\/uploads\/2026\/03\/liste-OuiGrenoble-600x215.jpg 600w\" sizes=\"auto, (max-width: 800px) 100vw, 800px\" \/><\/figure>\n<\/div>\n\n\n<p><strong>Sur le site internet de la liste d\u2019Union de la gauche \u00e9cologiste et citoyenne est pr\u00e9sent\u00e9 l\u2019ensemble du programme, les 33 propositions mises en avant et des fiches programmatiques. <\/strong><a href=\"https:\/\/oui-grenoble.fr\/le-programme\/\">https:\/\/oui-grenoble.fr\/le-programme\/<\/a><strong><\/strong><\/p>\n\n\n\n<p><strong><em>\u00ab&nbsp;Nous vivons un moment de bascule<\/em><\/strong><em>. Les crises se superposent et ce qui paraissait lointain devient concret : d\u00e9r\u00e8glement climatique, effondrement de la biodiversit\u00e9, explosion des pr\u00e9carit\u00e9s, mont\u00e9e des peurs et des replis identitaires et d\u00e9fiance d\u00e9mocratique nourrie par les promesses d\u00e9\u00e7ues.&nbsp;<\/em><\/p>\n\n\n\n<p><em>Sur ce terreau instable, les populistes d\u2019extr\u00eame droite attisent les haines, dressent les uns contre les autres et promettent des r\u00e9ponses simples \u00e0 des crises complexes. Nous refusons cette voie.&nbsp;<strong>Nous, mouvements de gauche, \u00e9cologistes et citoyen\u00b7nes, portons avec enthousiasme une alliance ouverte et populaire, d\u00e9cid\u00e9e \u00e0 mettre l\u2019humain et le vivant au centre. Une alliance qui choisit de r\u00e9duire les in\u00e9galit\u00e9s et de r\u00e9parer ce qui fracture. Une alliance qui dit OUI au commun, OUI \u00e0 la solidarit\u00e9, OUI \u00e0 la justice, OUI \u00e0 l\u2019espoir, OUI \u00e0 Grenoble.&nbsp;<\/strong>Nous pensons que ce moment nous invite \u00e0 faire du collectif une force et&nbsp;<strong>nous choisissons ensemble de r\u00e9sister pour prot\u00e9ger les vies, \u00e9largir les droits et organiser la transition de fa\u00e7on juste\u2026<\/strong><\/em><\/p>\n\n\n\n<p><strong><em>Coop\u00e9rer, prot\u00e9ger, inventer<\/em><\/strong><em> : ce triptyque est notre boussole. Coop\u00e9rer pour faire ville ensemble. Prot\u00e9ger pour r\u00e9duire les in\u00e9galit\u00e9s et \u00e9manciper. Inventer pour ouvrir ensemble de nouveaux chemins. Et que la politique redevienne ce qu\u2019elle doit \u00eatre : un geste collectif pour rendre la vie plus juste, plus douce, plus belle. Rassemblons-nous et cr\u00e9ons une nouvelle histoire !<\/em><\/p>\n\n\n\n<!--more-->\n\n\n\n<p><em>Oui, nous voulons construire Grenoble avec vous, une ville o\u00f9, ensemble, on vit bien ! Nous rassemblons des Grenoblois\u00b7es et des mouvements politiques engag\u00e9s pour une ville solidaire et \u00e9cologique. Nous portons une union populaire, ouverte et solide, et nous ouvrons une nouvelle page pour Grenoble. Oui, nous proposons un changement de m\u00e9thode : coop\u00e9rer et faire ensemble.<\/em><\/p>\n\n\n\n<p><em>Donner du pouvoir d\u2019agir aux citoyen\u00b7nes, agent\u00b7es, \u00e9lu\u00b7es, associations. De la coop\u00e9ration et de la transversalit\u00e9 au sein de l\u2019administration pour r\u00e9enchanter la fonction des agent\u00b7es qui, au quotidien, font tourner nos services publics. Cr\u00e9er avec les communes voisines un projet politique pour le territoire que nous porterons ensemble pour la M\u00e9tropole. La coop\u00e9ration contribue au renouveau d\u00e9mocratique. Elle cr\u00e9e de la confiance et du lien. La coop\u00e9ration permet, en p\u00e9riode d\u2019aust\u00e9rit\u00e9 financi\u00e8re, et face \u00e0 des besoins croissants, d\u2019imaginer des moyens d\u2019actions nouveaux\u2026&nbsp;\u00bb<\/em><\/p>\n\n\n\n<p><a href=\"https:\/\/oui-grenoble.fr\/\" data-type=\"link\" data-id=\"https:\/\/oui-grenoble.fr\/\">Le programme complet se d\u00e9veloppe en 3 parties<\/a>\u00a0: un pr\u00e9ambule puis les trois parties\u00a0: coop\u00e9rer, prot\u00e9ger et inventer.Un r\u00e9sum\u00e9 des 175 propositions est pr\u00e9sent\u00e9 en 33 mesures, il suffit de cliquer sur l\u2019image de la mesure pour en avoir le d\u00e9tail.<\/p>\n\n\n\n<p>Des fiches programmatiques&nbsp;sont \u00e9dit\u00e9es sur la sant\u00e9, le logement, le commerce, l\u2019\u00e9ducation (petite enfance, enfance, jeunesse), la nature en ville, la culture, les mobilit\u00e9s.<\/p>\n\n\n<div class=\"wp-block-image\">\n<figure class=\"aligncenter size-full\"><img loading=\"lazy\" decoding=\"async\" width=\"500\" height=\"709\" src=\"https:\/\/www.ades-grenoble.org\/wordpress\/wp-content\/uploads\/2026\/03\/LaurenceRuffin.jpg\" alt=\"\" class=\"wp-image-25875\" srcset=\"https:\/\/www.ades-grenoble.org\/wordpress\/wp-content\/uploads\/2026\/03\/LaurenceRuffin.jpg 500w, https:\/\/www.ades-grenoble.org\/wordpress\/wp-content\/uploads\/2026\/03\/LaurenceRuffin-212x300.jpg 212w, https:\/\/www.ades-grenoble.org\/wordpress\/wp-content\/uploads\/2026\/03\/LaurenceRuffin-106x150.jpg 106w\" sizes=\"auto, (max-width: 500px) 100vw, 500px\" \/><\/figure>\n<\/div>","protected":false},"excerpt":{"rendered":"<p>Sur le site internet de la liste d\u2019Union de la gauche \u00e9cologiste et citoyenne est pr\u00e9sent\u00e9 l\u2019ensemble du programme, les 33 propositions mises en avant et des fiches programmatiques. https:\/\/oui-grenoble.fr\/le-programme\/ \u00ab&nbsp;Nous vivons un moment de bascule. Les crises se superposent et ce qui paraissait lointain devient concret : d\u00e9r\u00e8glement climatique, effondrement de la biodiversit\u00e9, explosion [&hellip;]<\/p>\n","protected":false},"author":1,"featured_media":0,"comment_status":"closed","ping_status":"open","sticky":false,"template":"","format":"standard","meta":{"twitterCardType":"","cardImageID":0,"cardImage":"","cardTitle":"","cardDesc":"","cardImageAlt":"","cardPlayer":"","cardPlayerWidth":0,"cardPlayerHeight":0,"cardPlayerStream":"","cardPlayerCodec":"","footnotes":""},"categories":[62,11],"tags":[215,443,448],"class_list":["post-25873","post","type-post","status-publish","format-standard","hentry","category-le-rouge-le-vert-hebdo","category-politique-locale","tag-grenoble","tag-municipales-2026","tag-ouigrenoble"],"_links":{"self":[{"href":"https:\/\/www.ades-grenoble.org\/wordpress\/wp-json\/wp\/v2\/posts\/25873","targetHints":{"allow":["GET"]}}],"collection":[{"href":"https:\/\/www.ades-grenoble.org\/wordpress\/wp-json\/wp\/v2\/posts"}],"about":[{"href":"https:\/\/www.ades-grenoble.org\/wordpress\/wp-json\/wp\/v2\/types\/post"}],"author":[{"embeddable":true,"href":"https:\/\/www.ades-grenoble.org\/wordpress\/wp-json\/wp\/v2\/users\/1"}],"replies":[{"embeddable":true,"href":"https:\/\/www.ades-grenoble.org\/wordpress\/wp-json\/wp\/v2\/comments?post=25873"}],"version-history":[{"count":1,"href":"https:\/\/www.ades-grenoble.org\/wordpress\/wp-json\/wp\/v2\/posts\/25873\/revisions"}],"predecessor-version":[{"id":25876,"href":"https:\/\/www.ades-grenoble.org\/wordpress\/wp-json\/wp\/v2\/posts\/25873\/revisions\/25876"}],"wp:attachment":[{"href":"https:\/\/www.ades-grenoble.org\/wordpress\/wp-json\/wp\/v2\/media?parent=25873"}],"wp:term":[{"taxonomy":"category","embeddable":true,"href":"https:\/\/www.ades-grenoble.org\/wordpress\/wp-json\/wp\/v2\/categories?post=25873"},{"taxonomy":"post_tag","embeddable":true,"href":"https:\/\/www.ades-grenoble.org\/wordpress\/wp-json\/wp\/v2\/tags?post=25873"}],"curies":[{"name":"wp","href":"https:\/\/api.w.org\/{rel}","templated":true}]}}