{"id":25882,"date":"2026-03-13T09:37:38","date_gmt":"2026-03-13T08:37:38","guid":{"rendered":"https:\/\/www.ades-grenoble.org\/wordpress\/?p=25882"},"modified":"2026-03-13T09:37:38","modified_gmt":"2026-03-13T08:37:38","slug":"pour-un-engagement-fort-des-elus-aupres-des-missions-locales-et-des-jeunes","status":"publish","type":"post","link":"https:\/\/www.ades-grenoble.org\/wordpress\/2026\/03\/13\/pour-un-engagement-fort-des-elus-aupres-des-missions-locales-et-des-jeunes\/","title":{"rendered":"Pour un engagement fort des \u00e9lus aupr\u00e8s des Missions Locales et des jeunes"},"content":{"rendered":"<div class=\"wp-block-image\">\n<figure class=\"alignleft size-full\"><img loading=\"lazy\" decoding=\"async\" width=\"380\" height=\"138\" src=\"https:\/\/www.ades-grenoble.org\/wordpress\/wp-content\/uploads\/2026\/03\/UNML.jpg\" alt=\"\" class=\"wp-image-25883\" srcset=\"https:\/\/www.ades-grenoble.org\/wordpress\/wp-content\/uploads\/2026\/03\/UNML.jpg 380w, https:\/\/www.ades-grenoble.org\/wordpress\/wp-content\/uploads\/2026\/03\/UNML-300x109.jpg 300w, https:\/\/www.ades-grenoble.org\/wordpress\/wp-content\/uploads\/2026\/03\/UNML-150x54.jpg 150w\" sizes=\"auto, (max-width: 380px) 100vw, 380px\" \/><\/figure>\n<\/div>\n\n\n<p>Voici <a href=\"https:\/\/www.unml.info\/actualites\/nos-communiques-de-presse\/elections-municipales-2026-les-missions-locales-appellent-a-faire-de-la-jeunesse-une-priorite-des-mandats-des-elus-locaux\/\" data-type=\"link\" data-id=\"https:\/\/www.unml.info\/actualites\/nos-communiques-de-presse\/elections-municipales-2026-les-missions-locales-appellent-a-faire-de-la-jeunesse-une-priorite-des-mandats-des-elus-locaux\/\">un plaidoyer de l\u2019Union Nationale des Missions Locales (UNML)<\/a> en directions des \u00e9lu-es locaux pour le soutien et le d\u00e9veloppement des missions locales qui sont des outils performants. Par exemple la Mission Locale de Grenoble s\u2019occupe actuellement de 10\u00a0000 jeunes de 16 \u00e0 25 ans. Heureusement elles n\u2019ont pas \u00e9t\u00e9 int\u00e9gr\u00e9es \u00e0 France Travail et ont r\u00e9ussies \u00e0 sauver leur autonomie. Elles peuvent jouer un le r\u00f4le central comme partenaires des communes dans la mise en \u0153uvre de leurs politiques en direction de la jeunesse.<\/p>\n\n\n\n<p><em>\u00ab&nbsp;\u00c0 l\u2019aube des \u00e9lections municipales de 2026, vous serez appel\u00e9s \u00e0 d\u00e9cider de l\u2019avenir de votre commune et de sa jeunesse. Chaque g\u00e9n\u00e9ration apporte avec elle de nouvelles aspirations, de nouvelles attentes et de nouveaux d\u00e9fis. En 2026, des milliers de jeunes atteindront leur majorit\u00e9. Ces jeunes, aujourd\u2019hui adolescents et jeunes adultes, seront demain les parents, les professionnels, les acteurs \u00e9conomiques et citoyens de votre territoire. C\u2019est \u00e0 nous, ensemble, de pr\u00e9parer ce futur et de leur offrir les moyens de s\u2019y engager pleinement.<\/em><\/p>\n\n\n\n<p><em>Dans ce contexte, les Missions Locales jouent un r\u00f4le central et indispensable. Avec plus d\u2019un million de jeunes accompagn\u00e9s chaque ann\u00e9e, \u00e2g\u00e9s de 16 \u00e0 25 ans &#8211; jusqu\u2019\u00e0 30 ans pour les jeunes en situation de handicap -, nous accompagnons forc\u00e9ment des jeunes de votre territoire.<\/em><\/p>\n\n\n\n<!--more-->\n\n\n\n<p><em>Fortes de 40 ann\u00e9es d\u2019exp\u00e9riences et pr\u00e9sid\u00e9es par des \u00e9lus locaux, les Missions Locales connaissent les r\u00e9alit\u00e9s territoriales, les besoins et les aspirations de chaque jeune, et disposent d\u2019outils concrets pour faciliter leur insertion sociale, professionnelle et citoyenne.<\/em><\/p>\n\n\n\n<p><em>Au service de la collectivit\u00e9, les Missions Locales sont un partenaire de proximit\u00e9 pour les \u00e9lus, les collectivit\u00e9s territoriales, les services d\u00e9concentr\u00e9s de l\u2019\u00c9tat et les acteurs du monde \u00e9conomique, associatif et de la formation professionnelle\u2026<\/em><\/p>\n\n\n\n<p><em>La Mission Locale est l\u2019un des mod\u00e8les les plus aboutis de la d\u00e9centralisation. Un mod\u00e8le qui a fait ses preuves. Un mod\u00e8le de proximit\u00e9, r\u00e9actif, adapt\u00e9 aux r\u00e9alit\u00e9s de chaque territoire et pilot\u00e9 par les \u00e9lus locaux. Elle n\u2019agit pas \u00e0 c\u00f4t\u00e9 des communes : elle agit avec elles, pour elles et au service de leurs habitants.<\/em><\/p>\n\n\n\n<p><em>Sur votre territoire, la Mission Locale est un alli\u00e9 strat\u00e9gique. Elle est \u00e0 la fois observatoire de la jeunesse, partenaire de l\u2019action publique, facilitateur et acc\u00e9l\u00e9rateur de projets. Elle \u00e9claire vos d\u00e9cisions, renforce vos politiques locales et transforme vos ambitions pour les jeunes en actions concr\u00e8tes et mesurables.<\/em><\/p>\n\n\n\n<p><em>Les jeunes que nous accompagnons aujourd\u2019hui sont l\u2019avenir de votre commune. Ils seront les salari\u00e9s, les entrepreneurs, les parents et les citoyens engag\u00e9s de demain.<\/em><\/p>\n\n\n\n<p><em>Investir dans la Mission Locale, s\u2019y impliquer pleinement, c\u2019est faire un choix politique fort : celui de croire en la jeunesse, de lui donner une place et de construire avec les jeunes, d\u00e8s aujourd\u2019hui, un territoire plus attractif, plus dynamique et plus solidaire.<\/em><\/p>\n\n\n\n<p><em>En 2026, vous avez l\u2019opportunit\u00e9 de faire de la jeunesse une priorit\u00e9 r\u00e9elle. Faites de la Mission Locale un partenaire central de votre mandat\u2026\u00a0\u00bb<\/em><\/p>\n","protected":false},"excerpt":{"rendered":"<p>Voici un plaidoyer de l\u2019Union Nationale des Missions Locales (UNML) en directions des \u00e9lu-es locaux pour le soutien et le d\u00e9veloppement des missions locales qui sont des outils performants. Par exemple la Mission Locale de Grenoble s\u2019occupe actuellement de 10\u00a0000 jeunes de 16 \u00e0 25 ans. Heureusement elles n\u2019ont pas \u00e9t\u00e9 int\u00e9gr\u00e9es \u00e0 France Travail [&hellip;]<\/p>\n","protected":false},"author":1,"featured_media":0,"comment_status":"closed","ping_status":"open","sticky":false,"template":"","format":"standard","meta":{"twitterCardType":"","cardImageID":0,"cardImage":"","cardTitle":"","cardDesc":"","cardImageAlt":"","cardPlayer":"","cardPlayerWidth":0,"cardPlayerHeight":0,"cardPlayerStream":"","cardPlayerCodec":"","footnotes":""},"categories":[62,11],"tags":[450,197,200],"class_list":["post-25882","post","type-post","status-publish","format-standard","hentry","category-le-rouge-le-vert-hebdo","category-politique-locale","tag-elus","tag-emploi","tag-jeunesse"],"_links":{"self":[{"href":"https:\/\/www.ades-grenoble.org\/wordpress\/wp-json\/wp\/v2\/posts\/25882","targetHints":{"allow":["GET"]}}],"collection":[{"href":"https:\/\/www.ades-grenoble.org\/wordpress\/wp-json\/wp\/v2\/posts"}],"about":[{"href":"https:\/\/www.ades-grenoble.org\/wordpress\/wp-json\/wp\/v2\/types\/post"}],"author":[{"embeddable":true,"href":"https:\/\/www.ades-grenoble.org\/wordpress\/wp-json\/wp\/v2\/users\/1"}],"replies":[{"embeddable":true,"href":"https:\/\/www.ades-grenoble.org\/wordpress\/wp-json\/wp\/v2\/comments?post=25882"}],"version-history":[{"count":1,"href":"https:\/\/www.ades-grenoble.org\/wordpress\/wp-json\/wp\/v2\/posts\/25882\/revisions"}],"predecessor-version":[{"id":25884,"href":"https:\/\/www.ades-grenoble.org\/wordpress\/wp-json\/wp\/v2\/posts\/25882\/revisions\/25884"}],"wp:attachment":[{"href":"https:\/\/www.ades-grenoble.org\/wordpress\/wp-json\/wp\/v2\/media?parent=25882"}],"wp:term":[{"taxonomy":"category","embeddable":true,"href":"https:\/\/www.ades-grenoble.org\/wordpress\/wp-json\/wp\/v2\/categories?post=25882"},{"taxonomy":"post_tag","embeddable":true,"href":"https:\/\/www.ades-grenoble.org\/wordpress\/wp-json\/wp\/v2\/tags?post=25882"}],"curies":[{"name":"wp","href":"https:\/\/api.w.org\/{rel}","templated":true}]}}