{"id":25885,"date":"2026-03-13T09:37:42","date_gmt":"2026-03-13T08:37:42","guid":{"rendered":"https:\/\/www.ades-grenoble.org\/wordpress\/?p=25885"},"modified":"2026-03-13T09:37:42","modified_gmt":"2026-03-13T08:37:42","slug":"politique-politicienne-354","status":"publish","type":"post","link":"https:\/\/www.ades-grenoble.org\/wordpress\/2026\/03\/13\/politique-politicienne-354\/","title":{"rendered":"Politique politicienne"},"content":{"rendered":"<div class=\"wp-block-image\">\n<figure class=\"alignleft size-full\"><img loading=\"lazy\" decoding=\"async\" width=\"200\" height=\"234\" src=\"https:\/\/www.ades-grenoble.org\/wordpress\/wp-content\/uploads\/2015\/01\/fou1.png\" alt=\"fou\" class=\"wp-image-9634\" srcset=\"https:\/\/www.ades-grenoble.org\/wordpress\/wp-content\/uploads\/2015\/01\/fou1.png 200w, https:\/\/www.ades-grenoble.org\/wordpress\/wp-content\/uploads\/2015\/01\/fou1-128x150.png 128w\" sizes=\"auto, (max-width: 200px) 100vw, 200px\" \/><\/figure>\n<\/div>\n\n\n<p>Mais pourquoi faut-il que des candidats (surtout des hommes) mentent sur leur \u00e2ge, le jour o\u00f9 ils se pr\u00e9sentent \u00e0 des \u00e9lections\u00a0? Voil\u00e0 que sur son site internet, Carignon pr\u00e9sente sa liste avec les \u00e2ges des candidats, avec toujours pour lui 76 ans alors qu\u2019\u00e0 ce moment-l\u00e0 il en a 77 \u2026 Et dans les 20 premiers de sa liste 3 se rajeunissent d\u2019un an\u2026 C\u2019est d\u00e9j\u00e0 la liste la plus \u00e2g\u00e9e de toutes les 10 listes avec une moyenne (non corrig\u00e9e des erreurs) de 56,4 ans. L\u2019autre liste de droite (Gerbi) est aussi assez \u00e2g\u00e9e, 54 ans. Il y a presque une d\u00e9cennie d\u2019\u00e9cart avec la liste OUI -Grenoble de Laurence Ruffin avec 45,4 ans, l\u2019\u00e9cart est tr\u00e8s important, sans parler de l\u2019\u00e9cart en politique, bien plus important encore.<\/p>\n","protected":false},"excerpt":{"rendered":"<p>Mais pourquoi faut-il que des candidats (surtout des hommes) mentent sur leur \u00e2ge, le jour o\u00f9 ils se pr\u00e9sentent \u00e0 des \u00e9lections\u00a0? Voil\u00e0 que sur son site internet, Carignon pr\u00e9sente sa liste avec les \u00e2ges des candidats, avec toujours pour lui 76 ans alors qu\u2019\u00e0 ce moment-l\u00e0 il en a 77 \u2026 Et dans les [&hellip;]<\/p>\n","protected":false},"author":1,"featured_media":0,"comment_status":"closed","ping_status":"open","sticky":false,"template":"","format":"standard","meta":{"twitterCardType":"","cardImageID":0,"cardImage":"","cardTitle":"","cardDesc":"","cardImageAlt":"","cardPlayer":"","cardPlayerWidth":0,"cardPlayerHeight":0,"cardPlayerStream":"","cardPlayerCodec":"","footnotes":""},"categories":[62,11],"tags":[54],"class_list":["post-25885","post","type-post","status-publish","format-standard","hentry","category-le-rouge-le-vert-hebdo","category-politique-locale","tag-politique-droite-gauche"],"_links":{"self":[{"href":"https:\/\/www.ades-grenoble.org\/wordpress\/wp-json\/wp\/v2\/posts\/25885","targetHints":{"allow":["GET"]}}],"collection":[{"href":"https:\/\/www.ades-grenoble.org\/wordpress\/wp-json\/wp\/v2\/posts"}],"about":[{"href":"https:\/\/www.ades-grenoble.org\/wordpress\/wp-json\/wp\/v2\/types\/post"}],"author":[{"embeddable":true,"href":"https:\/\/www.ades-grenoble.org\/wordpress\/wp-json\/wp\/v2\/users\/1"}],"replies":[{"embeddable":true,"href":"https:\/\/www.ades-grenoble.org\/wordpress\/wp-json\/wp\/v2\/comments?post=25885"}],"version-history":[{"count":1,"href":"https:\/\/www.ades-grenoble.org\/wordpress\/wp-json\/wp\/v2\/posts\/25885\/revisions"}],"predecessor-version":[{"id":25886,"href":"https:\/\/www.ades-grenoble.org\/wordpress\/wp-json\/wp\/v2\/posts\/25885\/revisions\/25886"}],"wp:attachment":[{"href":"https:\/\/www.ades-grenoble.org\/wordpress\/wp-json\/wp\/v2\/media?parent=25885"}],"wp:term":[{"taxonomy":"category","embeddable":true,"href":"https:\/\/www.ades-grenoble.org\/wordpress\/wp-json\/wp\/v2\/categories?post=25885"},{"taxonomy":"post_tag","embeddable":true,"href":"https:\/\/www.ades-grenoble.org\/wordpress\/wp-json\/wp\/v2\/tags?post=25885"}],"curies":[{"name":"wp","href":"https:\/\/api.w.org\/{rel}","templated":true}]}}