{"id":25887,"date":"2026-03-13T09:37:48","date_gmt":"2026-03-13T08:37:48","guid":{"rendered":"https:\/\/www.ades-grenoble.org\/wordpress\/?p=25887"},"modified":"2026-03-13T09:37:48","modified_gmt":"2026-03-13T08:37:48","slug":"14-exigences-pour-les-services-publics-locaux","status":"publish","type":"post","link":"https:\/\/www.ades-grenoble.org\/wordpress\/2026\/03\/13\/14-exigences-pour-les-services-publics-locaux\/","title":{"rendered":"14 exigences pour les services publics locaux"},"content":{"rendered":"<div class=\"wp-block-image\">\n<figure class=\"alignleft size-full\"><img loading=\"lazy\" decoding=\"async\" width=\"380\" height=\"326\" src=\"https:\/\/www.ades-grenoble.org\/wordpress\/wp-content\/uploads\/2025\/11\/NosServicesPublics.jpg\" alt=\"\" class=\"wp-image-25395\" srcset=\"https:\/\/www.ades-grenoble.org\/wordpress\/wp-content\/uploads\/2025\/11\/NosServicesPublics.jpg 380w, https:\/\/www.ades-grenoble.org\/wordpress\/wp-content\/uploads\/2025\/11\/NosServicesPublics-300x257.jpg 300w, https:\/\/www.ades-grenoble.org\/wordpress\/wp-content\/uploads\/2025\/11\/NosServicesPublics-150x129.jpg 150w\" sizes=\"auto, (max-width: 380px) 100vw, 380px\" \/><\/figure>\n<\/div>\n\n\n<p>Les \u00e9lections municipales 2026 se tiennent dans un contexte inqui\u00e9tant de recul des solidarit\u00e9s, de d\u00e9gradations \u00e9cologiques et de d\u00e9fiance croissante au sein de notre soci\u00e9t\u00e9. Plusieurs ann\u00e9es de contraintes financi\u00e8res ont fragilis\u00e9 les services publics et aggrav\u00e9 les in\u00e9galit\u00e9s m\u00eame l\u00e0 o\u00f9 ils tentent de faire face. Au premier rang des cons\u00e9quences de ces renoncements, les communes et les intercommunalit\u00e9s souffrent du manque de ressources, alors qu\u2019elles se retrouvent en premi\u00e8re ligne de l\u2019expression des besoins de la population.<\/p>\n\n\n\n<p>Les collectivit\u00e9s repr\u00e9sentent un maillon essentiel des services publics et de notre r\u00e9ponse collective aux n\u00e9cessit\u00e9s de la vie quotidienne. Bien souvent, dans de nombreuses communes la mairie est le dernier guichet encore ouvert au public. L\u2019\u00e9chelon communal ne saurait, \u00e0 lui seul, r\u00e9soudre les crises \u00e9cologique, d\u00e9mocratique et sociale, mais il a vocation \u00e0 constituer une clef de vo\u00fbte de la r\u00e9ponse \u00e0 celles-ci. Sur tous les sujets, les municipalit\u00e9s peuvent \u00eatre la source d\u2019avanc\u00e9es concr\u00e8tes pour la population, aussi bien en mati\u00e8re de culture et de sant\u00e9 que d\u2019\u00e9ducation, de logement, de s\u00e9curit\u00e9, d\u2019environnement ou d\u2019acc\u00e8s aux droits, de pouvoir d\u2019agir, et ce \u00e0 tous les \u00e2ges de la vie.<\/p>\n\n\n\n<p>Le collectif \u00ab\u00a0<em>Nos services publics<\/em>\u00a0\u00bb a propos\u00e9 aux listes municipales de s\u2019engager pour d\u00e9fendre, d\u00e9velopper et d\u00e9mocratiser les services publics de proximit\u00e9 en respectant 14 exigences qu\u2019il propose.<\/p>\n\n\n\n<!--more-->\n\n\n\n<p>Nous, habitantes, habitants et organisations issues de tous les champs d\u2019actions de la soci\u00e9t\u00e9 civile, nous exigeons que les services publics de proximit\u00e9 puissent r\u00e9pondre aux besoins essentiels de tous\u00b7tes, sans condition. Au travers de ces 14 exigences, nous demandons aux candidates et candidats aux \u00e9lections municipales 2026 de prendre position pour prot\u00e9ger et d\u00e9velopper les services publics locaux. Applicables sur l\u2019ensemble du territoire et pouvant \u00eatre mis en \u0153uvre, quel que soit le contexte budg\u00e9taire, \u00e0 l\u2019\u00e9chelle communale ou intercommunale, ces engagements constituent des avanc\u00e9es et des garanties r\u00e9elles pour la population.<\/p>\n\n\n\n<p>Au travers de ces 14 exigences, les candidates et candidats s\u2019engagent, partout sur le territoire, \u00e0 d\u00e9fendre et mettre en \u0153uvre des services publics qui pr\u00e9servent les libert\u00e9s et l\u2019\u00e9galit\u00e9 d\u2019acc\u00e8s aux droits, qui prennent en compte les enjeux \u00e9cologiques et qui respectent et am\u00e9liorent la d\u00e9mocratie locale. Nous sommes conscient\u00b7es que leur capacit\u00e9 d\u2019agir est contrainte par les choix budg\u00e9taires nationaux, tout comme nous savons que les \u00e9lu\u00b7es locaux\u00b7ales ont un r\u00f4le politique qui d\u00e9passe le seul p\u00e9rim\u00e8tre de leurs communes et les comp\u00e9tences du bloc communal. \u00c0 la fois par leur action d\u2019\u00e9lu\u00b7es, de grand\u00b7es \u00e9lecteur\u00b7trices et de citoyen\u00b7nes, les candidat\u00b7es s\u2019engagent \u00e0 \u0153uvrer pour la construction d\u2019un rapport de force en faveur des services publics, en lien avec les mobilisations sociales ou les associations de terrain.<\/p>\n\n\n\n<p><a href=\"https:\/\/municipales-2026.nosservicespublics.fr\/engagements\" data-type=\"link\" data-id=\"https:\/\/municipales-2026.nosservicespublics.fr\/engagements\">La liste de Laurence Ruffin a sign\u00e9 ces engagements<\/a>. On peut aussi lire<a href=\"https:\/\/france.attac.org\/nos-publications\/notes-et-rapports\/article\/note-municipales-reparer-les-finances-locales-c-est-vital\" data-type=\"link\" data-id=\"https:\/\/france.attac.org\/nos-publications\/notes-et-rapports\/article\/note-municipales-reparer-les-finances-locales-c-est-vital\"> la note d\u2019ATTAC avec l\u2019Observatoire de la justice fiscale sur la n\u00e9cessit\u00e9 de r\u00e9parer les finances municipales<\/a>. La campagne des municipales doit \u00eatre l\u2019occasion d\u2019impulser un v\u00e9ritable d\u00e9bat citoyen sur cet enjeu ainsi que sur le financement des services publics locaux et des solidarit\u00e9s locales.<\/p>\n","protected":false},"excerpt":{"rendered":"<p>Les \u00e9lections municipales 2026 se tiennent dans un contexte inqui\u00e9tant de recul des solidarit\u00e9s, de d\u00e9gradations \u00e9cologiques et de d\u00e9fiance croissante au sein de notre soci\u00e9t\u00e9. Plusieurs ann\u00e9es de contraintes financi\u00e8res ont fragilis\u00e9 les services publics et aggrav\u00e9 les in\u00e9galit\u00e9s m\u00eame l\u00e0 o\u00f9 ils tentent de faire face. Au premier rang des cons\u00e9quences de ces [&hellip;]<\/p>\n","protected":false},"author":1,"featured_media":0,"comment_status":"closed","ping_status":"open","sticky":false,"template":"","format":"standard","meta":{"twitterCardType":"","cardImageID":0,"cardImage":"","cardTitle":"","cardDesc":"","cardImageAlt":"","cardPlayer":"","cardPlayerWidth":0,"cardPlayerHeight":0,"cardPlayerStream":"","cardPlayerCodec":"","footnotes":""},"categories":[62,11],"tags":[228,44],"class_list":["post-25887","post","type-post","status-publish","format-standard","hentry","category-le-rouge-le-vert-hebdo","category-politique-locale","tag-electricite","tag-services-publics"],"_links":{"self":[{"href":"https:\/\/www.ades-grenoble.org\/wordpress\/wp-json\/wp\/v2\/posts\/25887","targetHints":{"allow":["GET"]}}],"collection":[{"href":"https:\/\/www.ades-grenoble.org\/wordpress\/wp-json\/wp\/v2\/posts"}],"about":[{"href":"https:\/\/www.ades-grenoble.org\/wordpress\/wp-json\/wp\/v2\/types\/post"}],"author":[{"embeddable":true,"href":"https:\/\/www.ades-grenoble.org\/wordpress\/wp-json\/wp\/v2\/users\/1"}],"replies":[{"embeddable":true,"href":"https:\/\/www.ades-grenoble.org\/wordpress\/wp-json\/wp\/v2\/comments?post=25887"}],"version-history":[{"count":1,"href":"https:\/\/www.ades-grenoble.org\/wordpress\/wp-json\/wp\/v2\/posts\/25887\/revisions"}],"predecessor-version":[{"id":25888,"href":"https:\/\/www.ades-grenoble.org\/wordpress\/wp-json\/wp\/v2\/posts\/25887\/revisions\/25888"}],"wp:attachment":[{"href":"https:\/\/www.ades-grenoble.org\/wordpress\/wp-json\/wp\/v2\/media?parent=25887"}],"wp:term":[{"taxonomy":"category","embeddable":true,"href":"https:\/\/www.ades-grenoble.org\/wordpress\/wp-json\/wp\/v2\/categories?post=25887"},{"taxonomy":"post_tag","embeddable":true,"href":"https:\/\/www.ades-grenoble.org\/wordpress\/wp-json\/wp\/v2\/tags?post=25887"}],"curies":[{"name":"wp","href":"https:\/\/api.w.org\/{rel}","templated":true}]}}