{"id":25889,"date":"2026-03-13T09:37:55","date_gmt":"2026-03-13T08:37:55","guid":{"rendered":"https:\/\/www.ades-grenoble.org\/wordpress\/?p=25889"},"modified":"2026-03-13T09:37:55","modified_gmt":"2026-03-13T08:37:55","slug":"un-commissaire-enqueteur-devient-un-lanceur-dalerte-une-premiere","status":"publish","type":"post","link":"https:\/\/www.ades-grenoble.org\/wordpress\/2026\/03\/13\/un-commissaire-enqueteur-devient-un-lanceur-dalerte-une-premiere\/","title":{"rendered":"Un commissaire enqu\u00eateur devient un lanceur d&rsquo;alerte, une premi\u00e8re"},"content":{"rendered":"<div class=\"wp-block-image\">\n<figure class=\"alignleft size-full\"><img loading=\"lazy\" decoding=\"async\" width=\"362\" height=\"113\" src=\"https:\/\/www.ades-grenoble.org\/wordpress\/wp-content\/uploads\/2017\/03\/EnquetePublique.jpg\" alt=\"\" class=\"wp-image-12697\" srcset=\"https:\/\/www.ades-grenoble.org\/wordpress\/wp-content\/uploads\/2017\/03\/EnquetePublique.jpg 362w, https:\/\/www.ades-grenoble.org\/wordpress\/wp-content\/uploads\/2017\/03\/EnquetePublique-150x47.jpg 150w, https:\/\/www.ades-grenoble.org\/wordpress\/wp-content\/uploads\/2017\/03\/EnquetePublique-300x94.jpg 300w\" sizes=\"auto, (max-width: 362px) 100vw, 362px\" \/><\/figure>\n<\/div>\n\n\n<p>C\u2019est une premi\u00e8re en France pour un commissaire enqu\u00eateur. Gabriel Ullmann qui a pr\u00e9sid\u00e9 <a href=\"https:\/\/www.ades-grenoble.org\/wordpress\/2025\/05\/09\/lenquete-publique-historique-sur-le-projet-eolien-dans-les-chambaran\/\" data-type=\"link\" data-id=\"https:\/\/www.ades-grenoble.org\/wordpress\/2025\/05\/09\/lenquete-publique-historique-sur-le-projet-eolien-dans-les-chambaran\/\">la commission d\u2019enqu\u00eate relative au parc \u00e9olien d\u2019Edf Renouvelables dans les Chambaran<\/a> vient de saisir la pr\u00e9f\u00e8te de l\u2019Is\u00e8re d\u2019une alerte interne dans les termes suivants\u00a0: \u00ab\u00a0<em>La Constitution vous confie la charge du respect des lois, <strong>il m\u2019est donc apparu utile de lancer cette alerte aupr\u00e8s de vous, eu \u00e9gard \u00e0 l\u2019importance des <u>faits ill\u00e9gaux, r\u00e9currents, concern\u00e9s.<\/u> <\/strong>En tant que collaborateur externe et occasionnel, dans le cadre de mes fonctions de commissaire enqu\u00eateur, conform\u00e9ment \u00e0 la loi du 21 mars 2022 visant \u00e0 am\u00e9liorer la protection des lanceurs d&rsquo;alerte, par la pr\u00e9sente <strong>je fais un signalement interne concernant des <u>faits portant sur un pr\u00e9judice de l\u2019int\u00e9r\u00eat g\u00e9n\u00e9ral, voire sur de possibles d\u00e9lits<\/u><\/strong><\/em><strong><u>\u00a0\u00bb.<\/u><\/strong><\/p>\n\n\n\n<p>En effet, \u00e0 l\u2019occasion de son enqu\u00eate publique, dans le cadre des impacts cumul\u00e9s avec des installations existantes, il a pris connaissance des rapports de suivi de mortalit\u00e9 de trois parcs \u00e9oliens proches de celui projet\u00e9. A savoir&nbsp;:<\/p>\n\n\n\n<!--more-->\n\n\n\n<ul class=\"wp-block-list\">\n<li>le parc \u00e9olien dit de Montrigaud, sur la commune nouvelle de Valherbasse,<\/li>\n\n\n\n<li>celui de la for\u00eat de Thivolet situ\u00e9 sur la commune de Montmiral,<\/li>\n\n\n\n<li>celui dit des Terres Blanches implant\u00e9 sur Hauterives, Lens-Lestang, Le Grand-Serre (26) et Lentiol (38).<\/li>\n<\/ul>\n\n\n\n<p>Il en d\u00e9duit de nombreux \u00e9l\u00e9ments, dont les principaux sont les suivants.<\/p>\n\n\n\n<p>L\u2019expertise Kerbiriou, ordonn\u00e9e par le pr\u00e9sident du Tribunal administratif de Grenoble, a mis en \u00e9vidence une tr\u00e8s importante mortalit\u00e9 cumul\u00e9e de chiropt\u00e8res (de surcro\u00eet, pour les seules ann\u00e9es o\u00f9 ont eu lieu des suivis). <strong>Jusqu\u2019\u00e0 plus d\u2019un millier de sp\u00e9cimens de tu\u00e9s pour le seul parc de Montrigaud<\/strong>&nbsp;(page 35) :<\/p>\n\n\n<div class=\"wp-block-image\">\n<figure class=\"aligncenter size-full\"><img loading=\"lazy\" decoding=\"async\" width=\"800\" height=\"549\" src=\"https:\/\/www.ades-grenoble.org\/wordpress\/wp-content\/uploads\/2026\/03\/Mortalite.jpg\" alt=\"\" class=\"wp-image-25890\" srcset=\"https:\/\/www.ades-grenoble.org\/wordpress\/wp-content\/uploads\/2026\/03\/Mortalite.jpg 800w, https:\/\/www.ades-grenoble.org\/wordpress\/wp-content\/uploads\/2026\/03\/Mortalite-300x206.jpg 300w, https:\/\/www.ades-grenoble.org\/wordpress\/wp-content\/uploads\/2026\/03\/Mortalite-150x103.jpg 150w, https:\/\/www.ades-grenoble.org\/wordpress\/wp-content\/uploads\/2026\/03\/Mortalite-768x527.jpg 768w, https:\/\/www.ades-grenoble.org\/wordpress\/wp-content\/uploads\/2026\/03\/Mortalite-600x412.jpg 600w\" sizes=\"auto, (max-width: 800px) 100vw, 800px\" \/><\/figure>\n<\/div>\n\n\n<p>D\u2019ailleurs, <a href=\"https:\/\/www.ades-grenoble.org\/wordpress\/2025\/12\/19\/arret-du-projet-deoliennes-dedf-renouvelables-dans-les-chambaran-refus-de-la-prefete-de-lisere\/\" data-type=\"link\" data-id=\"https:\/\/www.ades-grenoble.org\/wordpress\/2025\/12\/19\/arret-du-projet-deoliennes-dedf-renouvelables-dans-les-chambaran-refus-de-la-prefete-de-lisere\/\">l\u2019arr\u00eat\u00e9 de refus de la pr\u00e9f\u00e8te de la demande d\u2019autorisation environnementale pour le projet dans les Chambaran<\/a> se fonde sur ces suivis et sur cette expertise, <strong><u>pour la seule destruction de Noctules <\/u>:<\/strong><\/p>\n\n\n\n<figure class=\"wp-block-image size-full\"><img loading=\"lazy\" decoding=\"async\" width=\"800\" height=\"221\" src=\"https:\/\/www.ades-grenoble.org\/wordpress\/wp-content\/uploads\/2026\/03\/Considerant1-1.jpg\" alt=\"\" class=\"wp-image-25893\" srcset=\"https:\/\/www.ades-grenoble.org\/wordpress\/wp-content\/uploads\/2026\/03\/Considerant1-1.jpg 800w, https:\/\/www.ades-grenoble.org\/wordpress\/wp-content\/uploads\/2026\/03\/Considerant1-1-300x83.jpg 300w, https:\/\/www.ades-grenoble.org\/wordpress\/wp-content\/uploads\/2026\/03\/Considerant1-1-150x41.jpg 150w, https:\/\/www.ades-grenoble.org\/wordpress\/wp-content\/uploads\/2026\/03\/Considerant1-1-768x212.jpg 768w, https:\/\/www.ades-grenoble.org\/wordpress\/wp-content\/uploads\/2026\/03\/Considerant1-1-600x166.jpg 600w\" sizes=\"auto, (max-width: 800px) 100vw, 800px\" \/><\/figure>\n\n\n\n<p>De m\u00eame, la commune de Valherbasse, sur le territoire de laquelle se trouve le parc \u00e9olien dit de Montrigaud, a soulign\u00e9, lors de son avis d\u00e9favorable en date du 3 mars 2025, <strong>la mortalit\u00e9 importante due \u00e0 ce parc<\/strong>\u00a0:<\/p>\n\n\n<div class=\"wp-block-image\">\n<figure class=\"aligncenter size-full\"><img loading=\"lazy\" decoding=\"async\" width=\"800\" height=\"50\" src=\"https:\/\/www.ades-grenoble.org\/wordpress\/wp-content\/uploads\/2026\/03\/Considerant2.jpg\" alt=\"\" class=\"wp-image-25895\" srcset=\"https:\/\/www.ades-grenoble.org\/wordpress\/wp-content\/uploads\/2026\/03\/Considerant2.jpg 800w, https:\/\/www.ades-grenoble.org\/wordpress\/wp-content\/uploads\/2026\/03\/Considerant2-300x19.jpg 300w, https:\/\/www.ades-grenoble.org\/wordpress\/wp-content\/uploads\/2026\/03\/Considerant2-150x9.jpg 150w, https:\/\/www.ades-grenoble.org\/wordpress\/wp-content\/uploads\/2026\/03\/Considerant2-768x48.jpg 768w, https:\/\/www.ades-grenoble.org\/wordpress\/wp-content\/uploads\/2026\/03\/Considerant2-600x38.jpg 600w\" sizes=\"auto, (max-width: 800px) 100vw, 800px\" \/><\/figure>\n<\/div>\n\n\n<p>A cela s\u2019ajoute la destruction constat\u00e9e d\u2019un rapace class\u00e9e \u00ab&nbsp;en danger&nbsp;\u00bb, \u00e0 savoir <strong>un Busard Saint-Martin nicheur en 2023.<\/strong><\/p>\n\n\n\n<p>Pour le parc \u00e9olien de Thivolet,<strong> la destruction des chiropt\u00e8res est de l\u2019ordre de 200 \u00e0 300 sp\u00e9cimens pour les ann\u00e9es de suivis. <\/strong>Elle se cumule \u00e0 celle des autres parcs situ\u00e9s \u00e0 proximit\u00e9, au d\u00e9triment d\u2019une bonne partie des m\u00eames populations de chiropt\u00e8res (impacts cumul\u00e9s).<\/p>\n\n\n\n<p>En ce qui concerne le parc \u00e9olien des Terres Blanches, si la mortalit\u00e9 des chiropt\u00e8res appara\u00eet moindre, compte tenu du milieu d\u2019implantation, elle n\u2019est pas n\u00e9gligeable, d\u2019autant plus que les conditions de bridage des \u00e9oliennes se distinguent des autres parcs par un bridage de quelques heures seulement durant la nuit. Or, les activit\u00e9s principales des chiropt\u00e8res ont \u00e9t\u00e9 enregistr\u00e9es en dehors de ces horaires. <strong>Pour autant, \u00e0 la connaissance du commissaire enqu\u00eateur Gabriel Ullmann, le plan de bridage n\u2019a pas \u00e9t\u00e9 revu, tant en horaires qu\u2019en vitesses de vent ni par l\u2019exploitant, ni par un arr\u00eat\u00e9 compl\u00e9mentaire.<\/strong><\/p>\n\n\n\n<p>Comme l\u2019ont mis en \u00e9vidence de fa\u00e7on d\u00e9taill\u00e9e, tant l\u2019expertise pr\u00e9cit\u00e9e que la commission d\u2019enqu\u00eate dans ses conclusions, <strong>les conditions actuelles de bridage, tr\u00e8s insuffisantes, de ces \u00e9oliennes, ne sont pas de nature \u00e0 am\u00e9liorer la situation.<\/strong><\/p>\n\n\n\n<p>De plus, ces trois parcs ne b\u00e9n\u00e9ficient <strong>d\u2019aucune d\u00e9rogation<\/strong> \u00e0 l\u2019interdiction de destruction d\u2019esp\u00e8ces prot\u00e9g\u00e9es. En cons\u00e9quence, conclut-il, les <strong>risques de dommages sont non seulement irr\u00e9versibles, mais continus <\/strong>tant qu\u2019il n\u2019est pas rem\u00e9di\u00e9 \u00e0 cette situation.<\/p>\n\n\n\n<p>En cons\u00e9quence, pour Gabriel Ullmann&nbsp;: \u00ab&nbsp;<em>Le pr\u00e9sent signalement interne prend tout son sens, compte tenu qu&rsquo;il vous est possible de rem\u00e9dier efficacement \u00e0 ces violations, eu \u00e9gard \u00e0 vos pouvoirs en mati\u00e8re d\u2019inspection et d\u2019installations class\u00e9es&nbsp;\u00bb.<\/em><\/p>\n\n\n\n<p>Quelle sera la r\u00e9ponse de la pr\u00e9f\u00e8te, et surtout, son action pour mettre fin \u00e0 ces ill\u00e9galit\u00e9s et pour limiter la casse&nbsp;?<\/p>\n","protected":false},"excerpt":{"rendered":"<p>C\u2019est une premi\u00e8re en France pour un commissaire enqu\u00eateur. Gabriel Ullmann qui a pr\u00e9sid\u00e9 la commission d\u2019enqu\u00eate relative au parc \u00e9olien d\u2019Edf Renouvelables dans les Chambaran vient de saisir la pr\u00e9f\u00e8te de l\u2019Is\u00e8re d\u2019une alerte interne dans les termes suivants\u00a0: \u00ab\u00a0La Constitution vous confie la charge du respect des lois, il m\u2019est donc apparu utile [&hellip;]<\/p>\n","protected":false},"author":1,"featured_media":0,"comment_status":"closed","ping_status":"open","sticky":false,"template":"","format":"standard","meta":{"twitterCardType":"","cardImageID":0,"cardImage":"","cardTitle":"","cardDesc":"","cardImageAlt":"","cardPlayer":"","cardPlayerWidth":0,"cardPlayerHeight":0,"cardPlayerStream":"","cardPlayerCodec":"","footnotes":""},"categories":[62,11],"tags":[39,52],"class_list":["post-25889","post","type-post","status-publish","format-standard","hentry","category-le-rouge-le-vert-hebdo","category-politique-locale","tag-enquetes-publiques","tag-justice-administrative"],"_links":{"self":[{"href":"https:\/\/www.ades-grenoble.org\/wordpress\/wp-json\/wp\/v2\/posts\/25889","targetHints":{"allow":["GET"]}}],"collection":[{"href":"https:\/\/www.ades-grenoble.org\/wordpress\/wp-json\/wp\/v2\/posts"}],"about":[{"href":"https:\/\/www.ades-grenoble.org\/wordpress\/wp-json\/wp\/v2\/types\/post"}],"author":[{"embeddable":true,"href":"https:\/\/www.ades-grenoble.org\/wordpress\/wp-json\/wp\/v2\/users\/1"}],"replies":[{"embeddable":true,"href":"https:\/\/www.ades-grenoble.org\/wordpress\/wp-json\/wp\/v2\/comments?post=25889"}],"version-history":[{"count":1,"href":"https:\/\/www.ades-grenoble.org\/wordpress\/wp-json\/wp\/v2\/posts\/25889\/revisions"}],"predecessor-version":[{"id":25896,"href":"https:\/\/www.ades-grenoble.org\/wordpress\/wp-json\/wp\/v2\/posts\/25889\/revisions\/25896"}],"wp:attachment":[{"href":"https:\/\/www.ades-grenoble.org\/wordpress\/wp-json\/wp\/v2\/media?parent=25889"}],"wp:term":[{"taxonomy":"category","embeddable":true,"href":"https:\/\/www.ades-grenoble.org\/wordpress\/wp-json\/wp\/v2\/categories?post=25889"},{"taxonomy":"post_tag","embeddable":true,"href":"https:\/\/www.ades-grenoble.org\/wordpress\/wp-json\/wp\/v2\/tags?post=25889"}],"curies":[{"name":"wp","href":"https:\/\/api.w.org\/{rel}","templated":true}]}}