{"id":25897,"date":"2026-03-13T09:38:00","date_gmt":"2026-03-13T08:38:00","guid":{"rendered":"https:\/\/www.ades-grenoble.org\/wordpress\/?p=25897"},"modified":"2026-03-13T10:15:34","modified_gmt":"2026-03-13T09:15:34","slug":"qui-etes-vous-monsieur-carignon-4","status":"publish","type":"post","link":"https:\/\/www.ades-grenoble.org\/wordpress\/2026\/03\/13\/qui-etes-vous-monsieur-carignon-4\/","title":{"rendered":"Qui \u00eates-vous Monsieur Carignon\u00a0?"},"content":{"rendered":"<div class=\"wp-block-image\">\n<figure class=\"alignleft size-full\"><img loading=\"lazy\" decoding=\"async\" width=\"380\" height=\"327\" src=\"https:\/\/www.ades-grenoble.org\/wordpress\/wp-content\/uploads\/2026\/03\/JeunesContreCarignon.jpg\" alt=\"\" class=\"wp-image-25922\" srcset=\"https:\/\/www.ades-grenoble.org\/wordpress\/wp-content\/uploads\/2026\/03\/JeunesContreCarignon.jpg 380w, https:\/\/www.ades-grenoble.org\/wordpress\/wp-content\/uploads\/2026\/03\/JeunesContreCarignon-300x258.jpg 300w, https:\/\/www.ades-grenoble.org\/wordpress\/wp-content\/uploads\/2026\/03\/JeunesContreCarignon-150x129.jpg 150w\" sizes=\"auto, (max-width: 380px) 100vw, 380px\" \/><\/figure>\n<\/div>\n\n\n<p>Un tract salutaire est distribu\u00e9 par les mouvements jeunes de la gauche et des \u00e9cologistes, intitul\u00e9 \u00ab&nbsp;<em>N\u2019oublions pas- Faisons savoir&nbsp;<\/em>\u00bb; il rappelle l\u2019histoire de Carignon durant ses deux mandats de maire de 1983 \u00e0 1995, son bilan et se termine par un appel \u00e0 ne pas lui confier un 3<sup>\u00e8me<\/sup> mandat de maire. C\u2019est effectivement tr\u00e8s sage.<\/p>\n\n\n\n<p>Sur le bilan il est int\u00e9ressant de noter que durant ses mandats de maire (1983-1995), Grenoble \u00e9tait dans le top des villes les plus sales (en 1989, un classement publi\u00e9 dans l\u2019hebdo \u00ab&nbsp;L\u2019\u00e9v\u00e8nement du jeudi&nbsp;\u00bb place Grenoble comme la 9<sup>\u00e8me<\/sup> ville la plus sale de France). Et concernant la s\u00e9curit\u00e9&nbsp;: <em>\u00ab&nbsp;La Ville est confront\u00e9e \u00e0 de graves probl\u00e8mes d\u2019ins\u00e9curit\u00e9\u2026Agressions tant sur la voie publique que dans les transports en commun, vols, trafics de drogue, les infractions se multiplient et la situation devient difficilement tenable\u2026 La Ville de Grenoble ne dispose pas des moyens juridiques et mat\u00e9riels de nature \u00e0 pr\u00e9venir et \u00e0 sanctionner les infractions commises<\/em>&nbsp;\u00bb d\u00e9clare le 2 juin 1992 au Conseil municipal, Pierre Gascon, premier adjoint d\u2019Alain Carignon. Et il ne faut pas oublier que durant le mandat 2020-2026, <a href=\"https:\/\/www.ades-grenoble.org\/wordpress\/2025\/09\/26\/la-droite-grenobloise-representee-par-des-personnes-peu-recommandables-au-conseil-municipal-de-grenoble\/\" data-type=\"link\" data-id=\"https:\/\/www.ades-grenoble.org\/wordpress\/2025\/09\/26\/la-droite-grenobloise-representee-par-des-personnes-peu-recommandables-au-conseil-municipal-de-grenoble\/\">100% des hommes de son groupe politique d\u2019\u00e9lu.es ont eu affaire avec la justice<\/a>, Carignon il y a longtemps, Boutafa et Pinel plus r\u00e9cemment.<\/p>\n\n\n\n<p>\u00ab&nbsp;<em>Nous, repr\u00e9sentant.es d\u2019organisations de jeunesse, n\u2019\u00e9tions pas n\u00e9.es en 1995, quand Alain Carignon a termin\u00e9 son mandat de maire de Grenoble depuis une cellule de prison&nbsp;; Pourtant, son passage a marqu\u00e9 durablement notre ville&nbsp;; Ce pass\u00e9, nous ne l\u2019avons pas v\u00e9cu, mais nous en avons h\u00e9rit\u00e9.<\/em><\/p>\n\n\n\n<!--more-->\n\n\n\n<p><em>Aujourd\u2019hui, Alain Carignon brigue un troisi\u00e8me mandat. Il parle d\u2019avenir, mais reste discret sur son bilan. Peut-on incarner le renouveau sans assumer pleinement son parcours&nbsp;? Une nouvelle page ne s\u2019\u00e9crit pas en effa\u00e7ant les pr\u00e9c\u00e9dentes.<\/em><\/p>\n\n\n\n<p><em>Nous refusons l\u2019amn\u00e9sie politique. Le bilan d\u2019Alain Carignon existe&nbsp;; Il a laiss\u00e9 des traces&nbsp;; Notre g\u00e9n\u00e9ration a le droit de savoir, de comprendre, de choisir en connaissance de cause.<\/em><\/p>\n\n\n\n<p><em>La d\u00e9mocratie exige la m\u00e9moire, la transparence et l\u2019exemplarit\u00e9.<\/em><\/p>\n\n\n\n<p><em>Parce qu\u2019une ville ne se construit pas sur l\u2019oubli. N\u2019oublions pas&nbsp;; Faisons savoir.<\/em><\/p>\n\n\n\n<p><em>Les jeunes communistes Is\u00e8re, les jeunes \u00e9cologistes Grenoble, les jeunes socialistes Is\u00e8re, les jeunes G\u00e9n\u00e9rations.s Is\u00e8re&nbsp;\u00bb<\/em><\/p>\n\n\n\n<p>Ci-joint <a href=\"https:\/\/www.ades-grenoble.org\/documents\/tract-carignon.pdf\" data-type=\"link\" data-id=\"https:\/\/www.ades-grenoble.org\/documents\/trcat-carignon.pdf\">les 4 pages du tract<\/a>\u00a0:<\/p>\n\n\n<div class=\"wp-block-image\">\n<figure class=\"alignleft size-full\"><img loading=\"lazy\" decoding=\"async\" width=\"400\" height=\"550\" src=\"https:\/\/www.ades-grenoble.org\/wordpress\/wp-content\/uploads\/2026\/03\/tract-carignon1.jpg\" alt=\"\" class=\"wp-image-25917\" srcset=\"https:\/\/www.ades-grenoble.org\/wordpress\/wp-content\/uploads\/2026\/03\/tract-carignon1.jpg 400w, https:\/\/www.ades-grenoble.org\/wordpress\/wp-content\/uploads\/2026\/03\/tract-carignon1-218x300.jpg 218w, https:\/\/www.ades-grenoble.org\/wordpress\/wp-content\/uploads\/2026\/03\/tract-carignon1-109x150.jpg 109w\" sizes=\"auto, (max-width: 400px) 100vw, 400px\" \/><\/figure>\n<\/div>\n\n\n<figure class=\"wp-block-image size-full\"><img loading=\"lazy\" decoding=\"async\" width=\"400\" height=\"571\" src=\"https:\/\/www.ades-grenoble.org\/wordpress\/wp-content\/uploads\/2026\/03\/tract-carignon4.jpg\" alt=\"\" class=\"wp-image-25919\" srcset=\"https:\/\/www.ades-grenoble.org\/wordpress\/wp-content\/uploads\/2026\/03\/tract-carignon4.jpg 400w, https:\/\/www.ades-grenoble.org\/wordpress\/wp-content\/uploads\/2026\/03\/tract-carignon4-210x300.jpg 210w, https:\/\/www.ades-grenoble.org\/wordpress\/wp-content\/uploads\/2026\/03\/tract-carignon4-105x150.jpg 105w\" sizes=\"auto, (max-width: 400px) 100vw, 400px\" \/><\/figure>\n\n\n<div class=\"wp-block-image\">\n<figure class=\"alignleft size-full\"><img loading=\"lazy\" decoding=\"async\" width=\"400\" height=\"565\" src=\"https:\/\/www.ades-grenoble.org\/wordpress\/wp-content\/uploads\/2026\/03\/tract-carignon3.jpg\" alt=\"\" class=\"wp-image-25920\" srcset=\"https:\/\/www.ades-grenoble.org\/wordpress\/wp-content\/uploads\/2026\/03\/tract-carignon3.jpg 400w, https:\/\/www.ades-grenoble.org\/wordpress\/wp-content\/uploads\/2026\/03\/tract-carignon3-212x300.jpg 212w, https:\/\/www.ades-grenoble.org\/wordpress\/wp-content\/uploads\/2026\/03\/tract-carignon3-106x150.jpg 106w\" sizes=\"auto, (max-width: 400px) 100vw, 400px\" \/><\/figure>\n<\/div>\n\n\n<figure class=\"wp-block-image size-full\"><img loading=\"lazy\" decoding=\"async\" width=\"400\" height=\"568\" src=\"https:\/\/www.ades-grenoble.org\/wordpress\/wp-content\/uploads\/2026\/03\/tract-carignon2.jpg\" alt=\"\" class=\"wp-image-25921\" srcset=\"https:\/\/www.ades-grenoble.org\/wordpress\/wp-content\/uploads\/2026\/03\/tract-carignon2.jpg 400w, https:\/\/www.ades-grenoble.org\/wordpress\/wp-content\/uploads\/2026\/03\/tract-carignon2-211x300.jpg 211w, https:\/\/www.ades-grenoble.org\/wordpress\/wp-content\/uploads\/2026\/03\/tract-carignon2-106x150.jpg 106w\" sizes=\"auto, (max-width: 400px) 100vw, 400px\" \/><\/figure>\n","protected":false},"excerpt":{"rendered":"<p>Un tract salutaire est distribu\u00e9 par les mouvements jeunes de la gauche et des \u00e9cologistes, intitul\u00e9 \u00ab&nbsp;N\u2019oublions pas- Faisons savoir&nbsp;\u00bb; il rappelle l\u2019histoire de Carignon durant ses deux mandats de maire de 1983 \u00e0 1995, son bilan et se termine par un appel \u00e0 ne pas lui confier un 3\u00e8me mandat de maire. C\u2019est effectivement [&hellip;]<\/p>\n","protected":false},"author":1,"featured_media":0,"comment_status":"closed","ping_status":"open","sticky":false,"template":"","format":"standard","meta":{"twitterCardType":"","cardImageID":0,"cardImage":"","cardTitle":"","cardDesc":"","cardImageAlt":"","cardPlayer":"","cardPlayerWidth":0,"cardPlayerHeight":0,"cardPlayerStream":"","cardPlayerCodec":"","footnotes":""},"categories":[62,11],"tags":[30,140,443],"class_list":["post-25897","post","type-post","status-publish","format-standard","hentry","category-le-rouge-le-vert-hebdo","category-politique-locale","tag-corrompu","tag-elections","tag-municipales-2026"],"_links":{"self":[{"href":"https:\/\/www.ades-grenoble.org\/wordpress\/wp-json\/wp\/v2\/posts\/25897","targetHints":{"allow":["GET"]}}],"collection":[{"href":"https:\/\/www.ades-grenoble.org\/wordpress\/wp-json\/wp\/v2\/posts"}],"about":[{"href":"https:\/\/www.ades-grenoble.org\/wordpress\/wp-json\/wp\/v2\/types\/post"}],"author":[{"embeddable":true,"href":"https:\/\/www.ades-grenoble.org\/wordpress\/wp-json\/wp\/v2\/users\/1"}],"replies":[{"embeddable":true,"href":"https:\/\/www.ades-grenoble.org\/wordpress\/wp-json\/wp\/v2\/comments?post=25897"}],"version-history":[{"count":2,"href":"https:\/\/www.ades-grenoble.org\/wordpress\/wp-json\/wp\/v2\/posts\/25897\/revisions"}],"predecessor-version":[{"id":25923,"href":"https:\/\/www.ades-grenoble.org\/wordpress\/wp-json\/wp\/v2\/posts\/25897\/revisions\/25923"}],"wp:attachment":[{"href":"https:\/\/www.ades-grenoble.org\/wordpress\/wp-json\/wp\/v2\/media?parent=25897"}],"wp:term":[{"taxonomy":"category","embeddable":true,"href":"https:\/\/www.ades-grenoble.org\/wordpress\/wp-json\/wp\/v2\/categories?post=25897"},{"taxonomy":"post_tag","embeddable":true,"href":"https:\/\/www.ades-grenoble.org\/wordpress\/wp-json\/wp\/v2\/tags?post=25897"}],"curies":[{"name":"wp","href":"https:\/\/api.w.org\/{rel}","templated":true}]}}