{"id":25899,"date":"2026-03-13T09:38:05","date_gmt":"2026-03-13T08:38:05","guid":{"rendered":"https:\/\/www.ades-grenoble.org\/wordpress\/?p=25899"},"modified":"2026-03-13T09:38:05","modified_gmt":"2026-03-13T08:38:05","slug":"la-securite-cest-plus-de-presence-plus-de-prevention-plus-de-cooperation","status":"publish","type":"post","link":"https:\/\/www.ades-grenoble.org\/wordpress\/2026\/03\/13\/la-securite-cest-plus-de-presence-plus-de-prevention-plus-de-cooperation\/","title":{"rendered":"La s\u00e9curit\u00e9, c\u2019est plus de pr\u00e9sence, plus de pr\u00e9vention, plus de coop\u00e9ration"},"content":{"rendered":"<div class=\"wp-block-image\">\n<figure class=\"alignleft size-full\"><img loading=\"lazy\" decoding=\"async\" width=\"400\" height=\"369\" src=\"https:\/\/www.ades-grenoble.org\/wordpress\/wp-content\/uploads\/2026\/03\/Securite.jpg\" alt=\"\" class=\"wp-image-25900\" srcset=\"https:\/\/www.ades-grenoble.org\/wordpress\/wp-content\/uploads\/2026\/03\/Securite.jpg 400w, https:\/\/www.ades-grenoble.org\/wordpress\/wp-content\/uploads\/2026\/03\/Securite-300x277.jpg 300w, https:\/\/www.ades-grenoble.org\/wordpress\/wp-content\/uploads\/2026\/03\/Securite-150x138.jpg 150w\" sizes=\"auto, (max-width: 400px) 100vw, 400px\" \/><\/figure>\n<\/div>\n\n\n<p>Les propositions de <em>\u00ab\u00a0Oui-Grenoble<\/em>\u00a0\u00bb pour la s\u00e9curit\u00e9 sont d\u00e9taill\u00e9es dans <a href=\"https:\/\/oui-grenoble.fr\/wp-content\/uploads\/2026\/03\/OuiGrenoble_LivretSecurite.pdf\" data-type=\"link\" data-id=\"https:\/\/oui-grenoble.fr\/wp-content\/uploads\/2026\/03\/OuiGrenoble_LivretSecurite.pdf\">une fiche particuli\u00e8re<\/a>.<\/p>\n\n\n\n<p>La s\u00e9curit\u00e9 des citoyen.nes est un droit, et un enjeu central dans notre projet visant \u00e0 prot\u00e9ger toutes et tous, en particulier les plus vuln\u00e9rables. Si l\u2019\u00c9tat reste comp\u00e9tent pour les enqu\u00eates devant mener au d\u00e9mant\u00e8lement des r\u00e9seaux, la Ville joue un r\u00f4le cl\u00e9 pour coordonner pr\u00e9vention et actions de proximit\u00e9. Notre politique combinera pr\u00e9vention et s\u00e9curit\u00e9, avec humanit\u00e9 et fermet\u00e9 : m\u00e9diation, pr\u00e9sence dans les quartiers, interventions d\u00e8s l\u2019\u00e9cole pour pr\u00e9venir les violences, le deal et l\u2019usage des drogues. Recruter davantage de policier\u00b7es municipaux\u00b7ales, renforcer les brigades de quartier de jour comme de nuit permettra de restaurer la confiance et d\u2019assurer une ville plus apais\u00e9e.<\/p>\n\n\n\n<p>VERS UN PACTE R\u00c9PUBLICAIN DE S\u00c9CURIT\u00c9 LOCALE CR\u00c9ER UNE GOUVERNANCE OP\u00c9RATIONNELLE RENFORC\u00c9E&nbsp;:&nbsp; Cellule de coordination anim\u00e9e par la Maire pour une meilleure coordination op\u00e9rationnelle et un dialogue r\u00e9gulier entre la pr\u00e9fecture, la mairie, le procureur, la police nationale, municipale, les bailleurs sociaux&#8230;<\/p>\n\n\n\n<p>OBTENIR DES MOYENS NATIONAUX \u00c0 LA HAUTEUR DES ENJEUX Demande d\u2019affectation de 100 policiers nationaux (dont des effectifs de police judiciaire) sur la circonscription de Grenoble qui est sous-dot\u00e9e.<\/p>\n\n\n\n<!--more-->\n\n\n\n<p>RENFORCER LA COOP\u00c9RATION TERRITORIALE Int\u00e9gration du r\u00e9seau des villes contre le narcotrafic pour porter une parole commune sur les besoins des territoires, partager r\u00e9ussites et difficult\u00e9s op\u00e9rationnelles.<\/p>\n\n\n\n<p>PR\u00c9VENIR POUR PROT\u00c9GER : AGIR AVANT LA BASCULE MISER SUR L\u2019ACCOMPAGNEMENT DE LA JEUNESSE Renforcer le r\u00f4le des associations et des clubs sportifs pour garantir \u00e0 tous les jeunes un acc\u00e8s \u00e0 des activit\u00e9s sportives, culturelles et aux s\u00e9jours pendant les vacances. Soutenir l\u2019accompagnement scolaire et l\u2019acc\u00e8s aux stages pour faciliter les parcours vers l\u2019emploi.<\/p>\n\n\n\n<p>PLUS DE PR\u00c9SENCE POUR FAVORISER LE VIVRE-ENSEMBLE R\u00e9investir nos quartiers avec le d\u00e9ploiement de m\u00e9diateur\u00b7trices dans l\u2019espace public et la cr\u00e9ation d\u2019un P\u00f4le s\u00e9curit\u00e9 et vivre-ensemble (avec m\u00e9diateur\u00b7trices, associations, citoyen\u00b7nes&#8230;). Exp\u00e9rimentation d\u2019une Acad\u00e9mie de la diplomatie urbaine pour favoriser la d\u00e9sescalade des violences.<\/p>\n\n\n\n<p>\u00c9VITER LA R\u00c9CIDIVE ET AIDER \u00c0 R\u00c9PARER Soutenir les associations de pr\u00e9vention, et rescolariser les jeunes. D\u00e9velopper l\u2019accompagnement psychosocial des victimes. Permettre des sanctions municipales adapt\u00e9es : rappels \u00e0 la loi, TIG et stages de sensibilisation<\/p>\n\n\n\n<p>LA S\u00c9CURIT\u00c9 DU QUOTIDIEN \u00c0 GRENOBLE UNE PR\u00c9SENCE RENFORC\u00c9E SUR LE TERRAIN Recruter et former 50 policier\u00b7es municipaux\u00b7ales pour une pr\u00e9sence dans tous les quartiers. D\u00e9ployer des brigades de proximit\u00e9 et renforcer les ASVP (Agent&nbsp;de&nbsp;Surveillance&nbsp;des&nbsp;Voies&nbsp;Publiques) pour la salubrit\u00e9, l\u2019environnement et le stationnement g\u00eanant notamment aux abords des \u00e9coles.<\/p>\n\n\n\n<p>UN ESPACE PUBLIC R\u00c9GUL\u00c9 DE JOUR COMME DE NUIT Mettre en place une brigade municipale de nuit pour les conflits de voisinage et r\u00e9guler par des arr\u00eat\u00e9s municipaux les \u00e9tablissements troublant l\u2019ordre public. Poursuite de la lutte contre l\u2019ins\u00e9curit\u00e9 routi\u00e8re : contr\u00f4les de vitesse, respect du 30km\/h, des pistes et sas v\u00e9los, des zones pi\u00e9tonnes.<\/p>\n\n\n\n<p>R\u00c9ORGANISER NOS CAM\u00c9RAS POUR PLUS D\u2019EFFICACIT\u00c9 \u00c0 l\u2019issue d\u2019un audit terrain coordonn\u00e9 par la ville, r\u00e9organiser l\u2019implantation des cam\u00e9ras utiles au travail de la Police, dans des lieux strat\u00e9giques d\u00e9finis en concertation avec les services de l\u2019\u00c9tat, \u00e0 partir d\u2019un \u00e9tat des lieux partag\u00e9.<\/p>\n\n\n\n<p>&nbsp;INVENTER DES NOUVEAUX MOYENS POUR AGIR D\u00c9VELOPPER LA COOP\u00c9RATION INTERCOMMUNALE Structurer une v\u00e9ritable coop\u00e9ration entre les polices municipales des communes de la m\u00e9tropole notamment sur la question des trafics, de l\u2019occupation des pieds d\u2019immeuble et de l\u2019ins\u00e9curit\u00e9 routi\u00e8re.<\/p>\n\n\n\n<p>ACCRO\u00ceTRE LES FORMATIONS DES AGENT\u00b7ES Renforcer la formation au lien police population (police municipale), accro\u00eetre les formations \u00e0 la lutte contre les violences sexistes et sexuelles et \u00e0 la m\u00e9diation (ensemble des agent\u00b7es), et lutter contre la maltraitance animale par la formation d\u2019agent\u00b7es sp\u00e9cialis\u00e9\u00b7es.<\/p>\n\n\n\n<p>CR\u00c9ER UN COMIT\u00c9 \u00c9THIQUE ET SCIENTIFIQUE Cr\u00e9er un comit\u00e9 (universitaires, forces de l\u2019ordre, associations et justice) pour d\u00e9finir un cadre d\u2019intervention garantissant le respect des libert\u00e9s et l\u2019usage proportionn\u00e9 de la force, superviser l\u2019\u00e9thique de l\u2019utilisation des cam\u00e9ras et \u00e9valuer les r\u00e9sultats de la politique de s\u00e9curit\u00e9<\/p>\n","protected":false},"excerpt":{"rendered":"<p>Les propositions de \u00ab\u00a0Oui-Grenoble\u00a0\u00bb pour la s\u00e9curit\u00e9 sont d\u00e9taill\u00e9es dans une fiche particuli\u00e8re. La s\u00e9curit\u00e9 des citoyen.nes est un droit, et un enjeu central dans notre projet visant \u00e0 prot\u00e9ger toutes et tous, en particulier les plus vuln\u00e9rables. Si l\u2019\u00c9tat reste comp\u00e9tent pour les enqu\u00eates devant mener au d\u00e9mant\u00e8lement des r\u00e9seaux, la Ville joue un [&hellip;]<\/p>\n","protected":false},"author":1,"featured_media":0,"comment_status":"closed","ping_status":"open","sticky":false,"template":"","format":"standard","meta":{"twitterCardType":"","cardImageID":0,"cardImage":"","cardTitle":"","cardDesc":"","cardImageAlt":"","cardPlayer":"","cardPlayerWidth":0,"cardPlayerHeight":0,"cardPlayerStream":"","cardPlayerCodec":"","footnotes":""},"categories":[62,11],"tags":[140,443,448,256,76,131],"class_list":["post-25899","post","type-post","status-publish","format-standard","hentry","category-le-rouge-le-vert-hebdo","category-politique-locale","tag-elections","tag-municipales-2026","tag-ouigrenoble","tag-prevention","tag-securite","tag-tranquilite-publique"],"_links":{"self":[{"href":"https:\/\/www.ades-grenoble.org\/wordpress\/wp-json\/wp\/v2\/posts\/25899","targetHints":{"allow":["GET"]}}],"collection":[{"href":"https:\/\/www.ades-grenoble.org\/wordpress\/wp-json\/wp\/v2\/posts"}],"about":[{"href":"https:\/\/www.ades-grenoble.org\/wordpress\/wp-json\/wp\/v2\/types\/post"}],"author":[{"embeddable":true,"href":"https:\/\/www.ades-grenoble.org\/wordpress\/wp-json\/wp\/v2\/users\/1"}],"replies":[{"embeddable":true,"href":"https:\/\/www.ades-grenoble.org\/wordpress\/wp-json\/wp\/v2\/comments?post=25899"}],"version-history":[{"count":1,"href":"https:\/\/www.ades-grenoble.org\/wordpress\/wp-json\/wp\/v2\/posts\/25899\/revisions"}],"predecessor-version":[{"id":25901,"href":"https:\/\/www.ades-grenoble.org\/wordpress\/wp-json\/wp\/v2\/posts\/25899\/revisions\/25901"}],"wp:attachment":[{"href":"https:\/\/www.ades-grenoble.org\/wordpress\/wp-json\/wp\/v2\/media?parent=25899"}],"wp:term":[{"taxonomy":"category","embeddable":true,"href":"https:\/\/www.ades-grenoble.org\/wordpress\/wp-json\/wp\/v2\/categories?post=25899"},{"taxonomy":"post_tag","embeddable":true,"href":"https:\/\/www.ades-grenoble.org\/wordpress\/wp-json\/wp\/v2\/tags?post=25899"}],"curies":[{"name":"wp","href":"https:\/\/api.w.org\/{rel}","templated":true}]}}