{"id":25902,"date":"2026-03-13T09:38:09","date_gmt":"2026-03-13T08:38:09","guid":{"rendered":"https:\/\/www.ades-grenoble.org\/wordpress\/?p=25902"},"modified":"2026-03-13T09:38:09","modified_gmt":"2026-03-13T08:38:09","slug":"lexperience-est-elle-un-bon-critere-pour-valider-une-candidature-au-poste-de-maire","status":"publish","type":"post","link":"https:\/\/www.ades-grenoble.org\/wordpress\/2026\/03\/13\/lexperience-est-elle-un-bon-critere-pour-valider-une-candidature-au-poste-de-maire\/","title":{"rendered":"L\u2019exp\u00e9rience est-elle un bon crit\u00e8re pour valider une candidature au poste de maire\u00a0?"},"content":{"rendered":"<div class=\"wp-block-image\">\n<figure class=\"alignleft size-full\"><img loading=\"lazy\" decoding=\"async\" width=\"450\" height=\"452\" src=\"https:\/\/www.ades-grenoble.org\/wordpress\/wp-content\/uploads\/2018\/06\/Carignon-cled12.jpg\" alt=\"\" class=\"wp-image-14492\" srcset=\"https:\/\/www.ades-grenoble.org\/wordpress\/wp-content\/uploads\/2018\/06\/Carignon-cled12.jpg 450w, https:\/\/www.ades-grenoble.org\/wordpress\/wp-content\/uploads\/2018\/06\/Carignon-cled12-150x150.jpg 150w, https:\/\/www.ades-grenoble.org\/wordpress\/wp-content\/uploads\/2018\/06\/Carignon-cled12-300x300.jpg 300w, https:\/\/www.ades-grenoble.org\/wordpress\/wp-content\/uploads\/2018\/06\/Carignon-cled12-144x144.jpg 144w\" sizes=\"auto, (max-width: 450px) 100vw, 450px\" \/><\/figure>\n<\/div>\n\n\n<p>Un des candidats au poste de maire pour Grenoble a choisi comme slogan \u00ab&nbsp;<em>l\u2019exp\u00e9rience pour sauver Grenoble<\/em>&nbsp;\u00bb.&nbsp; Un communiquant a d\u00fb lui souffler ce slogan pour remplacer le slogan pr\u00e9c\u00e9dent&nbsp;: \u00ab&nbsp;<em>R\u00e9concilier Grenoble<\/em>&nbsp;\u00bb.&nbsp; Effectivement r\u00e9concilier Grenoble ne fonctionnait plus car la campagne de ce candidat de droite \u00e9tait l\u2019agression syst\u00e9matique contre ses concurrents avec matraquages de fakenews, et dignes d\u2019un trump \u00e0 la fran\u00e7aise. C\u2019\u00e9tait plut\u00f4t la division \u00e0 outrance que la douce r\u00e9conciliation.<\/p>\n\n\n\n<p>Alain Carignon a d\u00fb se dire qu\u2019il fallait essayer de revenir plus consensuel et qu\u2019il valait mieux vanter ses propres m\u00e9rites plut\u00f4t que de s\u2019occuper de ses adversaires. Effectivement l\u2019avantage des personnes \u00e2g\u00e9es sur les plus jeunes, c\u2019est souvent l\u2019exp\u00e9rience acquise. Et faire oublier l\u2019\u00e2ge tout de m\u00eame avanc\u00e9 du candidat (77 ans r\u00e9volus) qui devrait tenir durant 7 ans de mandat, \u00e9tait peut-\u00eatre n\u00e9cessaire.<\/p>\n\n\n\n<p>Mais tout de m\u00eame, lorsque qu\u2019on pr\u00e9sente aux Grenoblois-es l\u2019exp\u00e9rience de Carignon comme avantage, nombre de personnes \u00e9clatent de rire en pensant imm\u00e9diatement \u00e0 son exp\u00e9rience acquise dans la corruption entre 1983 et 1995 et les d\u00e9g\u00e2ts faits dans tous les services publics ainsi qu\u2019aux finances de la Ville de Grenoble. C\u2019est comme si un ancien braqueur d\u2019une banque publique se pr\u00e9sentait quelques ann\u00e9es plus tard pour diriger la m\u00eame banque publique, en se revendiquant de l\u2019exp\u00e9rience acquise&nbsp;!<\/p>\n\n\n\n<!--more-->\n\n\n\n<p>Carignon aurait d\u00fb se souvenir qu\u2019en 1983 lors de sa large victoire \u00e0 l\u2019\u00e9lection municipale, le titre de son programme d\u00e9marrait par OUI\u2026 malheureusement pour lui quelqu\u2019un d\u2019autre a d\u00e9cid\u00e9 d\u2019\u00eatre positif dans la campagne de 2026, se contentant de parler de son \u00e9quipe, de son projet positif pour la Ville et la m\u00e9tropole, plut\u00f4t que de s\u2019occuper des autres candidatures.<\/p>\n\n\n\n<p>Etre positif dans cette p\u00e9riode de crises multiples peut \u00eatre un atout d\u00e9cisif.<\/p>\n\n\n\n<p>Cependant n\u2019oublions pas que <a href=\"https:\/\/www.ades-grenoble.org\/wordpress\/2026\/02\/13\/politique-politicienne-350\/\" data-type=\"link\" data-id=\"https:\/\/www.ades-grenoble.org\/wordpress\/2026\/02\/13\/politique-politicienne-350\/\">Carignon est dangereux et ouvert au soutien de l\u2019extr\u00eame droite<\/a>, lui qui est all\u00e9 soutenir Zemmour en 2016 et pose avec la t\u00eate de liste du Rassemblement National \u00e0 Grenoble tr\u00e8s r\u00e9cemment.<\/p>\n\n\n\n<p><\/p>\n","protected":false},"excerpt":{"rendered":"<p>Un des candidats au poste de maire pour Grenoble a choisi comme slogan \u00ab&nbsp;l\u2019exp\u00e9rience pour sauver Grenoble&nbsp;\u00bb.&nbsp; Un communiquant a d\u00fb lui souffler ce slogan pour remplacer le slogan pr\u00e9c\u00e9dent&nbsp;: \u00ab&nbsp;R\u00e9concilier Grenoble&nbsp;\u00bb.&nbsp; Effectivement r\u00e9concilier Grenoble ne fonctionnait plus car la campagne de ce candidat de droite \u00e9tait l\u2019agression syst\u00e9matique contre ses concurrents avec matraquages de [&hellip;]<\/p>\n","protected":false},"author":1,"featured_media":0,"comment_status":"closed","ping_status":"open","sticky":false,"template":"","format":"standard","meta":{"twitterCardType":"","cardImageID":0,"cardImage":"","cardTitle":"","cardDesc":"","cardImageAlt":"","cardPlayer":"","cardPlayerWidth":0,"cardPlayerHeight":0,"cardPlayerStream":"","cardPlayerCodec":"","footnotes":""},"categories":[62,11],"tags":[30,9,443],"class_list":["post-25902","post","type-post","status-publish","format-standard","hentry","category-le-rouge-le-vert-hebdo","category-politique-locale","tag-corrompu","tag-lutte-contre-lextreme-droite","tag-municipales-2026"],"_links":{"self":[{"href":"https:\/\/www.ades-grenoble.org\/wordpress\/wp-json\/wp\/v2\/posts\/25902","targetHints":{"allow":["GET"]}}],"collection":[{"href":"https:\/\/www.ades-grenoble.org\/wordpress\/wp-json\/wp\/v2\/posts"}],"about":[{"href":"https:\/\/www.ades-grenoble.org\/wordpress\/wp-json\/wp\/v2\/types\/post"}],"author":[{"embeddable":true,"href":"https:\/\/www.ades-grenoble.org\/wordpress\/wp-json\/wp\/v2\/users\/1"}],"replies":[{"embeddable":true,"href":"https:\/\/www.ades-grenoble.org\/wordpress\/wp-json\/wp\/v2\/comments?post=25902"}],"version-history":[{"count":1,"href":"https:\/\/www.ades-grenoble.org\/wordpress\/wp-json\/wp\/v2\/posts\/25902\/revisions"}],"predecessor-version":[{"id":25903,"href":"https:\/\/www.ades-grenoble.org\/wordpress\/wp-json\/wp\/v2\/posts\/25902\/revisions\/25903"}],"wp:attachment":[{"href":"https:\/\/www.ades-grenoble.org\/wordpress\/wp-json\/wp\/v2\/media?parent=25902"}],"wp:term":[{"taxonomy":"category","embeddable":true,"href":"https:\/\/www.ades-grenoble.org\/wordpress\/wp-json\/wp\/v2\/categories?post=25902"},{"taxonomy":"post_tag","embeddable":true,"href":"https:\/\/www.ades-grenoble.org\/wordpress\/wp-json\/wp\/v2\/tags?post=25902"}],"curies":[{"name":"wp","href":"https:\/\/api.w.org\/{rel}","templated":true}]}}