{"id":25904,"date":"2026-03-13T09:38:13","date_gmt":"2026-03-13T08:38:13","guid":{"rendered":"https:\/\/www.ades-grenoble.org\/wordpress\/?p=25904"},"modified":"2026-03-13T09:38:13","modified_gmt":"2026-03-13T08:38:13","slug":"des-precisions-concernant-le-projet-de-oui-grenoble-pour-2026-2033","status":"publish","type":"post","link":"https:\/\/www.ades-grenoble.org\/wordpress\/2026\/03\/13\/des-precisions-concernant-le-projet-de-oui-grenoble-pour-2026-2033\/","title":{"rendered":"Des pr\u00e9cisions concernant le projet de OUI-Grenoble pour 2026-2033"},"content":{"rendered":"<div class=\"wp-block-image\">\n<figure class=\"alignleft size-full\"><img loading=\"lazy\" decoding=\"async\" width=\"400\" height=\"67\" src=\"https:\/\/www.ades-grenoble.org\/wordpress\/wp-content\/uploads\/2025\/10\/OuiLaurenceRuffin.jpg\" alt=\"\" class=\"wp-image-25280\" srcset=\"https:\/\/www.ades-grenoble.org\/wordpress\/wp-content\/uploads\/2025\/10\/OuiLaurenceRuffin.jpg 400w, https:\/\/www.ades-grenoble.org\/wordpress\/wp-content\/uploads\/2025\/10\/OuiLaurenceRuffin-300x50.jpg 300w, https:\/\/www.ades-grenoble.org\/wordpress\/wp-content\/uploads\/2025\/10\/OuiLaurenceRuffin-150x25.jpg 150w\" sizes=\"auto, (max-width: 400px) 100vw, 400px\" \/><\/figure>\n<\/div>\n\n\n<p>La circulaire re\u00e7ue avec les bulletins de vote, de par son format, est toujours un trop court r\u00e9sum\u00e9 des propositions des listes. Pour OUI-Grenoble on a acc\u00e8s \u00e0 <a href=\"https:\/\/oui-grenoble.fr\/wp-content\/uploads\/2026\/03\/OuiGrenoble_Programme.pdf\" data-type=\"link\" data-id=\"https:\/\/oui-grenoble.fr\/wp-content\/uploads\/2026\/03\/OuiGrenoble_Programme.pdf\">l\u2019ensemble des propositions sur le site internet<\/a>\u00a0: <a href=\"https:\/\/oui-grenoble.fr\/wp-content\/uploads\/2026\/03\/OuiGrenoble_Programme.pdf\">OuiGrenoble_Programme.pdf<\/a> <\/p>\n\n\n\n<p><a href=\"https:\/\/oui-grenoble.fr\/des-fiches-qui-decrivent-le-projet-par-theme\/\" data-type=\"link\" data-id=\"https:\/\/oui-grenoble.fr\/des-fiches-qui-decrivent-le-projet-par-theme\/\">De nombreuses fiches th\u00e9matiques<\/a> r\u00e9sument le projet.<\/p>\n\n\n\n<p>En voici l\u2019introduction pour la ville de Grenoble et la M\u00e9tropole&nbsp;:<\/p>\n\n\n\n<p><strong><em>\u00ab&nbsp;Oui, nous voulons construire Grenoble avec vous,<\/em><\/strong><em>&nbsp;une ville o\u00f9, ensemble, on vit bien !<br><strong>Nous rassemblons des Grenoblois\u00b7es et des mouvements politiques engag\u00e9s pour une ville solidaire et \u00e9cologique.<\/strong>&nbsp;Nous portons une union populaire, ouverte et solide, et nous ouvrons une nouvelle page pour Grenoble.<\/em><\/p>\n\n\n\n<p><strong><em>Oui, nous proposons un changement de m\u00e9thode : coop\u00e9rer et faire ensemble.<\/em><\/strong><\/p>\n\n\n\n<p><em>Donner du pouvoir d\u2019agir aux citoyen\u00b7nes, agent\u00b7es, \u00e9lu\u00b7es, associations. De la coop\u00e9ration et de la transversalit\u00e9 au sein de l\u2019administration pour r\u00e9enchanter la fonction des agent\u00b7es qui, au quotidien, font tourner nos services publics. Cr\u00e9er avec les communes voisines un projet politique pour le territoire que nous porterons ensemble pour la M\u00e9tropole. La coop\u00e9ration contribue au renouveau d\u00e9mocratique. Elle cr\u00e9e de la confiance et du lien. La coop\u00e9ration permet, en p\u00e9riode d\u2019aust\u00e9rit\u00e9 financi\u00e8re, et face \u00e0 des besoins croissants, d\u2019imaginer des moyens d\u2019actions nouveaux.<\/em><\/p>\n\n\n\n<p><strong><em>NOUS VIVONS UN MOMENT DE BASCULE. LES CRISES SE SUPERPOSENT ET L\u2019\u00c9CHELLE MUNICIPALE EST D\u00c9CISIVE.<\/em><\/strong><em><\/em><\/p>\n\n\n\n<!--more-->\n\n\n\n<p><strong><em>Oui, Grenoble doit prot\u00e9ger et am\u00e9liorer le quotidien.<\/em><\/strong><\/p>\n\n\n\n<p><em>Garantir les conditions d\u2019une vie digne et oser investir : logement, transports, alimentation. Transformer nos services publics, pour qu\u2019ils soient toujours en mesure d\u2019offrir une r\u00e9ponse solide aux in\u00e9galit\u00e9s, avec une attention particuli\u00e8re aux Quartiers Populaires.<\/em><\/p>\n\n\n\n<p><em>Renforcer l\u2019\u00e9ducation, la sant\u00e9, la culture, le sport, prendre soin de la jeunesse, des a\u00een\u00e9\u00b7es, permettre \u00e0 chaque enfant de partir en vacances. Et r\u00e9pondre au besoin de propret\u00e9, de s\u00e9curit\u00e9, par la pr\u00e9vention, par une pr\u00e9sence de la police en proximit\u00e9, sans jamais renier nos libert\u00e9s.<\/em><\/p>\n\n\n\n<p><strong><em>Grenoble est une ville pionni\u00e8re.<\/em><\/strong><em>&nbsp;Notre projet s\u2019inscrit dans une longue histoire de r\u00e9sistance et d\u2019inventions grenobloises qui ont fait de notre ville le tremplin de grandes transformations sociales,<br>environnementales et d\u00e9mocratiques. La raret\u00e9, le r\u00e9chauffement climatique nous forcent \u00e0 nous adapter, \u00e0 bifurquer.<\/em><\/p>\n\n\n\n<p><strong><em>Oui, nous voulons inventer et pr\u00e9parer demain.<\/em><\/strong><\/p>\n\n\n\n<p><em>Nous voulons exp\u00e9rimenter et nous appuyer sur la recherche, le tissu associatif et \u00e9conomique pour transformer la ville. Nous voulons v\u00e9g\u00e9taliser massivement, am\u00e9liorer les conditions de vie des animaux. Nous voulons penser au d\u00e9veloppement de fili\u00e8res et une \u00e9conomie locale, circulaire, utile : r\u00e9parer plut\u00f4t que jeter, produire ici et cr\u00e9er des emplois, lutter contre la marchandisation. Prioriser le partage, l\u2019usage et la sobri\u00e9t\u00e9. Repenser l\u2019espace urbain pour favoriser les rencontres. Mutualiser les biens, les lieux, soutenir les commerces de proximit\u00e9 : voil\u00e0 des leviers pour un centre-ville vivant, pour une ville belle, humaine, solidaire et conviviale.<\/em><\/p>\n\n\n\n<p><strong><em>OUI \u00c0 GRENOBLE, NOUS VOULONS FAIRE VIVRE LA R\u00c9PUBLIQUE !<\/em><\/strong><\/p>\n\n\n\n<p><em>Par notre action, nos engagements, nos m\u00e9thodes, appliquer la devise r\u00e9publicaine : Libert\u00e9, \u00c9galit\u00e9, Fraternit\u00e9. Toute personne a le droit d\u2019\u00eatre respect\u00e9e et trait\u00e9e \u00e0 \u00e9galit\u00e9. C\u2019est l\u00e0 que se situe notre engagement, dans notre action quotidienne, pour garantir les droits et en conqu\u00e9rir de nouveaux. Accueillir et r\u00e9sister sont nos boussoles. Ne pas laisser s\u2019installer la violence, l\u2019ignorance et le rejet de l\u2019autre. Grenoble doit \u00eatre une ville rempart, une ville d\u2019accueil et d\u2019espoir, une ville de paix.<\/em><\/p>\n\n\n\n<p><strong><em>Car&nbsp;oui, il nous faut \u00ab Garantir le bonheur commun \u00bb.<\/em><\/strong><\/p>\n\n\n\n<p><em>Et faire de cette belle ambition r\u00e9publicaine le c\u0153ur battant de notre engagement pour Grenoble ! Le moment est crucial. Face aux urgences \u00e9cologiques, \u00e0 la destruction du vivant, \u00e0 l\u2019augmentation des in\u00e9galit\u00e9s, aux tentations autoritaires et racistes, \u00e0 la d\u00e9fiance d\u00e9mocratique nourrie par les promesses d\u00e9\u00e7ues, nous devons proposer une r\u00e9ponse forte, lisible, collective.<\/em><\/p>\n\n\n\n<p><strong><em>NOUS DEVONS AGIR ENSEMBLE POUR FAIRE HONNEUR AU PASS\u00c9 ET PR\u00c9PARER UN AVENIR D\u00c9SIRABLE.<\/em><\/strong><em><\/em><\/p>\n\n\n\n<p><em>Une ville qui donne envie et dont on est fier. Et notre force sera l\u2019union de la gauche et des citoyen\u00b7nes sur la base d\u2019un projet exigeant et d\u2019un programme construit ensemble.<\/em><\/p>\n\n\n\n<p><strong><em>Notre cap est clair : COOP\u00c9RER<\/em><\/strong><em>&nbsp;pour faire ville ensemble,&nbsp;<strong>PROT\u00c9GER&nbsp;<\/strong>pour r\u00e9duire les in\u00e9galit\u00e9s,&nbsp;<strong>INVENTER&nbsp;<\/strong>pour pr\u00e9parer l\u2019avenir. Grenoble m\u00e9rite un nouveau projet \u00e0 la fois fid\u00e8le \u00e0 ses valeurs et efficace dans l\u2019action, un projet radical et inclusif, f\u00e9ministe et antiraciste, exigeant et humain.<\/em><\/p>\n\n\n\n<p><strong><em>OUI \u00e0 un bonheur collectif et partag\u00e9 \u00e0 Grenoble !<\/em><\/strong><em><\/em><\/p>\n","protected":false},"excerpt":{"rendered":"<p>La circulaire re\u00e7ue avec les bulletins de vote, de par son format, est toujours un trop court r\u00e9sum\u00e9 des propositions des listes. Pour OUI-Grenoble on a acc\u00e8s \u00e0 l\u2019ensemble des propositions sur le site internet\u00a0: OuiGrenoble_Programme.pdf De nombreuses fiches th\u00e9matiques r\u00e9sument le projet. En voici l\u2019introduction pour la ville de Grenoble et la M\u00e9tropole&nbsp;: \u00ab&nbsp;Oui, [&hellip;]<\/p>\n","protected":false},"author":1,"featured_media":0,"comment_status":"closed","ping_status":"open","sticky":false,"template":"","format":"standard","meta":{"twitterCardType":"","cardImageID":0,"cardImage":"","cardTitle":"","cardDesc":"","cardImageAlt":"","cardPlayer":"","cardPlayerWidth":0,"cardPlayerHeight":0,"cardPlayerStream":"","cardPlayerCodec":"","footnotes":""},"categories":[62,11],"tags":[140,215,443,448],"class_list":["post-25904","post","type-post","status-publish","format-standard","hentry","category-le-rouge-le-vert-hebdo","category-politique-locale","tag-elections","tag-grenoble","tag-municipales-2026","tag-ouigrenoble"],"_links":{"self":[{"href":"https:\/\/www.ades-grenoble.org\/wordpress\/wp-json\/wp\/v2\/posts\/25904","targetHints":{"allow":["GET"]}}],"collection":[{"href":"https:\/\/www.ades-grenoble.org\/wordpress\/wp-json\/wp\/v2\/posts"}],"about":[{"href":"https:\/\/www.ades-grenoble.org\/wordpress\/wp-json\/wp\/v2\/types\/post"}],"author":[{"embeddable":true,"href":"https:\/\/www.ades-grenoble.org\/wordpress\/wp-json\/wp\/v2\/users\/1"}],"replies":[{"embeddable":true,"href":"https:\/\/www.ades-grenoble.org\/wordpress\/wp-json\/wp\/v2\/comments?post=25904"}],"version-history":[{"count":1,"href":"https:\/\/www.ades-grenoble.org\/wordpress\/wp-json\/wp\/v2\/posts\/25904\/revisions"}],"predecessor-version":[{"id":25905,"href":"https:\/\/www.ades-grenoble.org\/wordpress\/wp-json\/wp\/v2\/posts\/25904\/revisions\/25905"}],"wp:attachment":[{"href":"https:\/\/www.ades-grenoble.org\/wordpress\/wp-json\/wp\/v2\/media?parent=25904"}],"wp:term":[{"taxonomy":"category","embeddable":true,"href":"https:\/\/www.ades-grenoble.org\/wordpress\/wp-json\/wp\/v2\/categories?post=25904"},{"taxonomy":"post_tag","embeddable":true,"href":"https:\/\/www.ades-grenoble.org\/wordpress\/wp-json\/wp\/v2\/tags?post=25904"}],"curies":[{"name":"wp","href":"https:\/\/api.w.org\/{rel}","templated":true}]}}