{"id":25906,"date":"2026-03-13T09:38:18","date_gmt":"2026-03-13T08:38:18","guid":{"rendered":"https:\/\/www.ades-grenoble.org\/wordpress\/?p=25906"},"modified":"2026-03-13T10:30:16","modified_gmt":"2026-03-13T09:30:16","slug":"a-grenoble-voter-laurence-ruffin-cest-le-bon-choix-des-le-1er-tour","status":"publish","type":"post","link":"https:\/\/www.ades-grenoble.org\/wordpress\/2026\/03\/13\/a-grenoble-voter-laurence-ruffin-cest-le-bon-choix-des-le-1er-tour\/","title":{"rendered":"A Grenoble, voter Laurence Ruffin, c\u2019est le bon choix, d\u00e8s le 1er tour"},"content":{"rendered":"<div class=\"wp-block-image\">\n<figure class=\"aligncenter size-full\"><img loading=\"lazy\" decoding=\"async\" width=\"700\" height=\"385\" src=\"https:\/\/www.ades-grenoble.org\/wordpress\/wp-content\/uploads\/2026\/03\/OuiRuffin.jpg\" alt=\"\" class=\"wp-image-25907\" srcset=\"https:\/\/www.ades-grenoble.org\/wordpress\/wp-content\/uploads\/2026\/03\/OuiRuffin.jpg 700w, https:\/\/www.ades-grenoble.org\/wordpress\/wp-content\/uploads\/2026\/03\/OuiRuffin-300x165.jpg 300w, https:\/\/www.ades-grenoble.org\/wordpress\/wp-content\/uploads\/2026\/03\/OuiRuffin-150x83.jpg 150w, https:\/\/www.ades-grenoble.org\/wordpress\/wp-content\/uploads\/2026\/03\/OuiRuffin-600x330.jpg 600w\" sizes=\"auto, (max-width: 700px) 100vw, 700px\" \/><\/figure>\n<\/div>\n\n\n<p>Dimanche 15 mars, de 8 h \u00e0 20 h, les bureaux de vote seront ouverts \u00e0 Grenoble, les 86&nbsp;300 \u00e9lectrices et \u00e9lecteurs choisiront entre 10 listes. De ce fait c\u2019est tr\u00e8s probable qu\u2019il y ait un deuxi\u00e8me tour le 22 mars.<\/p>\n\n\n\n<p>Les listes ayant obtenu au moins 10% des votes exprim\u00e9s ont le droit de se maintenir au 2<sup>\u00e8me<\/sup> tour. Les listes ayant obtenu au moins 5 % des exprim\u00e9s pourront chercher \u00e0 fusionner avec une liste ayant fait au moins 10 %. Les responsables des listes d\u00e9cident seuls d\u2019une \u00e9ventuelle fusion.<\/p>\n\n\n\n<p>Les r\u00e9sultats du 1<sup>er<\/sup> tour arriveront pour Grenoble au plus t\u00f4t \u00e0 22 h le dimanche soir 15 mars et les listes du 2<sup>\u00e8me<\/sup> tour devront \u00eatre d\u00e9pos\u00e9es en pr\u00e9fecture avant le mardi 17 mars \u00e0 18 h.<\/p>\n\n\n\n<!--more-->\n\n\n\n<p>Les \u00e9ventuels accords de deuxi\u00e8me tour doivent donc \u00eatre boucl\u00e9s tr\u00e8s vite pour faire imprimer les bulletins de vote et les circulaires. Autant dire qu\u2019ils doivent avoir \u00e9t\u00e9 pr\u00e9par\u00e9s \u00e0 l\u2019avance, et que les comportements des candidats souhaitant s\u2019allier avec d\u2019autres aient \u00e9t\u00e9 respectueux vis-\u00e0-vis des prochains partenaires, durant la campagne \u00e9lectorale.<\/p>\n\n\n\n<p>Les \u00e9lections municipales ont cette particularit\u00e9 d\u2019\u00eatre \u00e0 la fois celles du conseil municipal et celles du conseil m\u00e9tropolitain.<\/p>\n\n\n\n<p>La gestion m\u00e9tropolitaine lors du mandat \u00e9coul\u00e9 n\u2019a pas \u00e9t\u00e9 \u00e0 la hauteur, les situations financi\u00e8res des communes et encore plus de la m\u00e9tropole vont \u00eatre tr\u00e8s difficiles, au vu des \u00e9conomies impos\u00e9es par les lois de finances successives. Cela va exiger une gestion financi\u00e8re rigoureuse par des majorit\u00e9s solides sur les choix fondamentaux pour sauvegarder les services publics locaux. De ce fait, les \u00e9lections dans les communes doivent d\u00e9gager des \u00e9quipes majoritaires soud\u00e9es et pas un patchwork.<\/p>\n\n\n\n<p>Il ne faut donc pas attendre de miracles lors du 2<sup>\u00e8me<\/sup> tour, il est pr\u00e9f\u00e9rable qu\u2019une future majorit\u00e9 se dessine sans fusion de liste ou que ceux qui veulent fusionner acceptent l\u2019essentiel du programme de la liste de leur camp arriv\u00e9e en t\u00eate.<\/p>\n\n\n\n<p><strong>Il est hautement pr\u00e9f\u00e9rable pour les \u00e9lecteurs de gauche, \u00e9cologistes et citoyens de faire le choix d\u00e8s le 1<sup>er<\/sup> tour de l\u2019union la plus large offerte par la liste OUI-Grenoble men\u00e9e par Laurence Ruffin, soutenue par 12 mouvements politiques, nationaux et locaux.<\/strong><\/p>\n\n\n\n<p>Au cas o\u00f9 vous n\u2019auriez pas re\u00e7u la circulaire envoy\u00e9e \u00e0 tous les \u00e9lectrices et \u00e9lecteurs, en voici <a href=\"https:\/\/www.ades-grenoble.org\/documents\/Profession-de-foi-Oui-Grenoble.pdf\">une copie<\/a>&nbsp;:<\/p>\n\n\n\n<figure class=\"wp-block-image size-large\"><img loading=\"lazy\" decoding=\"async\" width=\"726\" height=\"1024\" src=\"https:\/\/www.ades-grenoble.org\/wordpress\/wp-content\/uploads\/2026\/03\/Profession-de-foi-Oui-Grenoble1-726x1024.jpg\" alt=\"\" class=\"wp-image-25926\" srcset=\"https:\/\/www.ades-grenoble.org\/wordpress\/wp-content\/uploads\/2026\/03\/Profession-de-foi-Oui-Grenoble1-726x1024.jpg 726w, https:\/\/www.ades-grenoble.org\/wordpress\/wp-content\/uploads\/2026\/03\/Profession-de-foi-Oui-Grenoble1-213x300.jpg 213w, https:\/\/www.ades-grenoble.org\/wordpress\/wp-content\/uploads\/2026\/03\/Profession-de-foi-Oui-Grenoble1-106x150.jpg 106w, https:\/\/www.ades-grenoble.org\/wordpress\/wp-content\/uploads\/2026\/03\/Profession-de-foi-Oui-Grenoble1-768x1083.jpg 768w, https:\/\/www.ades-grenoble.org\/wordpress\/wp-content\/uploads\/2026\/03\/Profession-de-foi-Oui-Grenoble1-600x846.jpg 600w, https:\/\/www.ades-grenoble.org\/wordpress\/wp-content\/uploads\/2026\/03\/Profession-de-foi-Oui-Grenoble1.jpg 800w\" sizes=\"auto, (max-width: 726px) 100vw, 726px\" \/><\/figure>\n\n\n\n<figure class=\"wp-block-image size-large\"><img loading=\"lazy\" decoding=\"async\" width=\"754\" height=\"1024\" src=\"https:\/\/www.ades-grenoble.org\/wordpress\/wp-content\/uploads\/2026\/03\/Profession-de-foi-Oui-Grenoble2-754x1024.jpg\" alt=\"\" class=\"wp-image-25925\" srcset=\"https:\/\/www.ades-grenoble.org\/wordpress\/wp-content\/uploads\/2026\/03\/Profession-de-foi-Oui-Grenoble2-754x1024.jpg 754w, https:\/\/www.ades-grenoble.org\/wordpress\/wp-content\/uploads\/2026\/03\/Profession-de-foi-Oui-Grenoble2-221x300.jpg 221w, https:\/\/www.ades-grenoble.org\/wordpress\/wp-content\/uploads\/2026\/03\/Profession-de-foi-Oui-Grenoble2-110x150.jpg 110w, https:\/\/www.ades-grenoble.org\/wordpress\/wp-content\/uploads\/2026\/03\/Profession-de-foi-Oui-Grenoble2-768x1044.jpg 768w, https:\/\/www.ades-grenoble.org\/wordpress\/wp-content\/uploads\/2026\/03\/Profession-de-foi-Oui-Grenoble2-600x815.jpg 600w, https:\/\/www.ades-grenoble.org\/wordpress\/wp-content\/uploads\/2026\/03\/Profession-de-foi-Oui-Grenoble2.jpg 800w\" sizes=\"auto, (max-width: 754px) 100vw, 754px\" \/><\/figure>\n","protected":false},"excerpt":{"rendered":"<p>Dimanche 15 mars, de 8 h \u00e0 20 h, les bureaux de vote seront ouverts \u00e0 Grenoble, les 86&nbsp;300 \u00e9lectrices et \u00e9lecteurs choisiront entre 10 listes. De ce fait c\u2019est tr\u00e8s probable qu\u2019il y ait un deuxi\u00e8me tour le 22 mars. Les listes ayant obtenu au moins 10% des votes exprim\u00e9s ont le droit de [&hellip;]<\/p>\n","protected":false},"author":1,"featured_media":0,"comment_status":"closed","ping_status":"open","sticky":false,"template":"","format":"standard","meta":{"twitterCardType":"","cardImageID":0,"cardImage":"","cardTitle":"","cardDesc":"","cardImageAlt":"","cardPlayer":"","cardPlayerWidth":0,"cardPlayerHeight":0,"cardPlayerStream":"","cardPlayerCodec":"","footnotes":""},"categories":[62,11],"tags":[140,215,443,448],"class_list":["post-25906","post","type-post","status-publish","format-standard","hentry","category-le-rouge-le-vert-hebdo","category-politique-locale","tag-elections","tag-grenoble","tag-municipales-2026","tag-ouigrenoble"],"_links":{"self":[{"href":"https:\/\/www.ades-grenoble.org\/wordpress\/wp-json\/wp\/v2\/posts\/25906","targetHints":{"allow":["GET"]}}],"collection":[{"href":"https:\/\/www.ades-grenoble.org\/wordpress\/wp-json\/wp\/v2\/posts"}],"about":[{"href":"https:\/\/www.ades-grenoble.org\/wordpress\/wp-json\/wp\/v2\/types\/post"}],"author":[{"embeddable":true,"href":"https:\/\/www.ades-grenoble.org\/wordpress\/wp-json\/wp\/v2\/users\/1"}],"replies":[{"embeddable":true,"href":"https:\/\/www.ades-grenoble.org\/wordpress\/wp-json\/wp\/v2\/comments?post=25906"}],"version-history":[{"count":4,"href":"https:\/\/www.ades-grenoble.org\/wordpress\/wp-json\/wp\/v2\/posts\/25906\/revisions"}],"predecessor-version":[{"id":25929,"href":"https:\/\/www.ades-grenoble.org\/wordpress\/wp-json\/wp\/v2\/posts\/25906\/revisions\/25929"}],"wp:attachment":[{"href":"https:\/\/www.ades-grenoble.org\/wordpress\/wp-json\/wp\/v2\/media?parent=25906"}],"wp:term":[{"taxonomy":"category","embeddable":true,"href":"https:\/\/www.ades-grenoble.org\/wordpress\/wp-json\/wp\/v2\/categories?post=25906"},{"taxonomy":"post_tag","embeddable":true,"href":"https:\/\/www.ades-grenoble.org\/wordpress\/wp-json\/wp\/v2\/tags?post=25906"}],"curies":[{"name":"wp","href":"https:\/\/api.w.org\/{rel}","templated":true}]}}