{"id":25911,"date":"2026-03-13T09:38:29","date_gmt":"2026-03-13T08:38:29","guid":{"rendered":"https:\/\/www.ades-grenoble.org\/wordpress\/?p=25911"},"modified":"2026-03-13T09:39:04","modified_gmt":"2026-03-13T08:39:04","slug":"un-peu-de-lecture-pour-un-week-end-studieux-delection-municipale","status":"publish","type":"post","link":"https:\/\/www.ades-grenoble.org\/wordpress\/2026\/03\/13\/un-peu-de-lecture-pour-un-week-end-studieux-delection-municipale\/","title":{"rendered":"Un peu de lecture pour un week-end studieux, d\u2019\u00e9lection municipale"},"content":{"rendered":"<div class=\"wp-block-image\">\n<figure class=\"alignleft size-full\"><img loading=\"lazy\" decoding=\"async\" width=\"380\" height=\"393\" src=\"https:\/\/www.ades-grenoble.org\/wordpress\/wp-content\/uploads\/2024\/06\/GeantLecture.jpg\" alt=\"\" class=\"wp-image-23349\" srcset=\"https:\/\/www.ades-grenoble.org\/wordpress\/wp-content\/uploads\/2024\/06\/GeantLecture.jpg 380w, https:\/\/www.ades-grenoble.org\/wordpress\/wp-content\/uploads\/2024\/06\/GeantLecture-290x300.jpg 290w, https:\/\/www.ades-grenoble.org\/wordpress\/wp-content\/uploads\/2024\/06\/GeantLecture-145x150.jpg 145w\" sizes=\"auto, (max-width: 380px) 100vw, 380px\" \/><\/figure>\n<\/div>\n\n\n<p><strong>100 ans de guerre contre la Palestine<\/strong>.&nbsp;Travail d\u2019histoire. Rashid Khalidi. Ed. Actes Sud, 18,99 euros.<\/p>\n\n\n\n<hr class=\"wp-block-separator has-alpha-channel-opacity\"\/>\n\n\n\n<p><strong>Trahir par fid\u00e9lit\u00e9. <\/strong>Contre la fin du monde, avec Alexandre Grothendieck, Aur\u00e9lien Barrau, Ed. Les Liens qui Lib\u00e8rent, 19,50 euros.<\/p>\n\n\n\n<hr class=\"wp-block-separator has-alpha-channel-opacity\"\/>\n\n\n\n<p><strong>Vers un \u00e9cologisme municipal<\/strong>, S. Persico et F. Gougou, Heinrich B\u00f6ll Stieftung Paris, Fondation de l\u2019Ecologie Politique, uniquement t\u00e9l\u00e9chargeable.<\/p>\n\n\n\n<hr class=\"wp-block-separator has-alpha-channel-opacity\"\/>\n\n\n\n<p><strong>LE TRAVAIL<\/strong>. Au croisement de toutes les sciences sociales<strong>, <\/strong>Dominique Meda, Ed. Que sais-je, 10 euros.<\/p>\n","protected":false},"excerpt":{"rendered":"<p>100 ans de guerre contre la Palestine.&nbsp;Travail d\u2019histoire. Rashid Khalidi. Ed. Actes Sud, 18,99 euros. Trahir par fid\u00e9lit\u00e9. Contre la fin du monde, avec Alexandre Grothendieck, Aur\u00e9lien Barrau, Ed. Les Liens qui Lib\u00e8rent, 19,50 euros. Vers un \u00e9cologisme municipal, S. Persico et F. Gougou, Heinrich B\u00f6ll Stieftung Paris, Fondation de l\u2019Ecologie Politique, uniquement t\u00e9l\u00e9chargeable. LE [&hellip;]<\/p>\n","protected":false},"author":1,"featured_media":0,"comment_status":"closed","ping_status":"open","sticky":false,"template":"","format":"standard","meta":{"twitterCardType":"","cardImageID":0,"cardImage":"","cardTitle":"","cardDesc":"","cardImageAlt":"","cardPlayer":"","cardPlayerWidth":0,"cardPlayerHeight":0,"cardPlayerStream":"","cardPlayerCodec":"","footnotes":""},"categories":[62,11],"tags":[353],"class_list":["post-25911","post","type-post","status-publish","format-standard","hentry","category-le-rouge-le-vert-hebdo","category-politique-locale","tag-lecture"],"_links":{"self":[{"href":"https:\/\/www.ades-grenoble.org\/wordpress\/wp-json\/wp\/v2\/posts\/25911","targetHints":{"allow":["GET"]}}],"collection":[{"href":"https:\/\/www.ades-grenoble.org\/wordpress\/wp-json\/wp\/v2\/posts"}],"about":[{"href":"https:\/\/www.ades-grenoble.org\/wordpress\/wp-json\/wp\/v2\/types\/post"}],"author":[{"embeddable":true,"href":"https:\/\/www.ades-grenoble.org\/wordpress\/wp-json\/wp\/v2\/users\/1"}],"replies":[{"embeddable":true,"href":"https:\/\/www.ades-grenoble.org\/wordpress\/wp-json\/wp\/v2\/comments?post=25911"}],"version-history":[{"count":2,"href":"https:\/\/www.ades-grenoble.org\/wordpress\/wp-json\/wp\/v2\/posts\/25911\/revisions"}],"predecessor-version":[{"id":25916,"href":"https:\/\/www.ades-grenoble.org\/wordpress\/wp-json\/wp\/v2\/posts\/25911\/revisions\/25916"}],"wp:attachment":[{"href":"https:\/\/www.ades-grenoble.org\/wordpress\/wp-json\/wp\/v2\/media?parent=25911"}],"wp:term":[{"taxonomy":"category","embeddable":true,"href":"https:\/\/www.ades-grenoble.org\/wordpress\/wp-json\/wp\/v2\/categories?post=25911"},{"taxonomy":"post_tag","embeddable":true,"href":"https:\/\/www.ades-grenoble.org\/wordpress\/wp-json\/wp\/v2\/tags?post=25911"}],"curies":[{"name":"wp","href":"https:\/\/api.w.org\/{rel}","templated":true}]}}