{"id":26146,"date":"2026-05-01T16:01:38","date_gmt":"2026-05-01T14:01:38","guid":{"rendered":"https:\/\/www.ades-grenoble.org\/wordpress\/?p=26146"},"modified":"2026-05-01T16:07:51","modified_gmt":"2026-05-01T14:07:51","slug":"diverses-actualites-257","status":"publish","type":"post","link":"https:\/\/www.ades-grenoble.org\/wordpress\/2026\/05\/01\/diverses-actualites-257\/","title":{"rendered":"Diverses actualit\u00e9s"},"content":{"rendered":"<div class=\"wp-block-image\">\n<figure class=\"alignleft size-full\"><img loading=\"lazy\" decoding=\"async\" width=\"400\" height=\"222\" src=\"https:\/\/www.ades-grenoble.org\/wordpress\/wp-content\/uploads\/2020\/11\/crieur.jpg\" alt=\"Crieur public\" class=\"wp-image-18106\" srcset=\"https:\/\/www.ades-grenoble.org\/wordpress\/wp-content\/uploads\/2020\/11\/crieur.jpg 400w, https:\/\/www.ades-grenoble.org\/wordpress\/wp-content\/uploads\/2020\/11\/crieur-150x83.jpg 150w, https:\/\/www.ades-grenoble.org\/wordpress\/wp-content\/uploads\/2020\/11\/crieur-300x167.jpg 300w\" sizes=\"auto, (max-width: 400px) 100vw, 400px\" \/><\/figure>\n<\/div>\n\n\n<p><strong>Bilan 2025 de l\u2019observatoire des chiffres d\u2019affaires du commerce de d\u00e9tail (ind\u00e9pendant &#8211; 300m2) de la r\u00e9gion grenobloise. <\/strong>Principales missions de l\u2019observatoire <\/p>\n\n\n\n<ul class=\"wp-block-list\">\n<li>Suivre mensuellement l\u2019\u00e9volution du chiffre d\u2019affaires (CA) des commerces traditionnels sur le territoire de la CCI de Grenoble <\/li>\n\n\n\n<li>Comparer aux \u00e9volutions des CA en France (source banque de France) <\/li>\n\n\n\n<li>Pouvoir positionner son commerce par rapport \u00e0 son secteur d\u2019activit\u00e9 et sa zone g\u00e9ographique <\/li>\n\n\n\n<li>Mesurer l\u2019impact de la conjoncture, des nouvelles formes de distribution ou des travaux d\u2019am\u00e9nagement urbain sur son chiffre d\u2019affaire. <\/li>\n<\/ul>\n\n\n\n<p>Il interroge un panel de 350 commer\u00e7ants chaque mois sur leur CA r\u00e9alis\u00e9 le mois de l\u2019ann\u00e9e N compar\u00e9 au m\u00eame mois l\u2019ann\u00e9e N-1, en respectant la r\u00e9partition du commerce traditionnel par secteur d\u2019activit\u00e9 et par territoire. L\u2019\u00e9volution du commerce du centre-ville de Grenoble se d\u00e9grade moins que ce qui en est dit par la droite grenobloise<strong>. <\/strong><u><a href=\"https:\/\/c935a0b8-0a2c-4ba6-a646-4c7ce924e43e.usrfiles.com\/ugd\/c935a0_203b68c137ce442a8f8901c638db52d9.pdf\" target=\"_blank\" rel=\"noreferrer noopener\">Pr\u00e9sentation du bilan 2025<\/a><\/u><\/p>\n\n\n\n<!--more-->\n\n\n\n<p><strong>Un petit-d\u00e9jeuner pour informer toutes et tous sur ses droits a eu lieu le 30 avril \u00e0 la Villeneuve. <\/strong>Dans le cadre de l\u2019exp\u00e9rimentation Territoire z\u00e9ro non recours visant \u00e0 am\u00e9liorer l\u2019acc\u00e8s aux droits aupr\u00e8s des habitant-es du secteur 6 de Grenoble, la Ville et son CCAS organisaient un petit-d\u00e9jeuner pour permettre aux Grenoblois-es de conna\u00eetre et d\u2019acc\u00e9der \u00e0 leurs droits. Selon des chiffres du service statistique minist\u00e9riel dans les domaines de la sant\u00e9 et du social de 2022, en France, 50% des personnes \u00e9ligibles ne demande pas le minimum vieillesse auquel elles ont droit, 34% pour le RSA et 30% pour l\u2019assurance ch\u00f4mage. Lors de cette matin\u00e9e, plusieurs stands ont \u00e9t\u00e9 g\u00e9r\u00e9s par diff\u00e9rents partenaires sur des th\u00e9matiques comme la sant\u00e9, le num\u00e9rique, l\u2019emploi, les personnes \u00e2g\u00e9es, la jeunesse, l\u2019alimentation, le logement ou encore la petite enfance. <u><a href=\"https:\/\/www.grenoble.fr\/uploads\/Presse\/pse_fichier\/37\/2251_246_CP-Petit-Dej-Acceder-a-ses-droits.pdf\" target=\"_blank\" rel=\"noreferrer noopener\">https:\/\/www.grenoble.fr\/uploads\/Presse\/pse_fichier\/37\/2251_246_CP-Petit-Dej-Acceder-a-ses-droits.pdf<\/a><\/u><\/p>\n\n\n\n<p><strong>Grenoble \u00e9lue 1\u00e8re ville o\u00f9 il fait bon vivre avec les animaux ! <\/strong>Depuis une dizaine d\u2019ann\u00e9es, le magazine puis d\u00e9sormais la Fondation 30 Millions d\u2019Amis r\u00e9alise un palmar\u00e8s des villes de plus de 100 000 habitant-es o\u00f9 il fait bon vivre avec les animaux. Sur le podium cette ann\u00e9e pour la premi\u00e8re fois, Grenoble a remport\u00e9 le premier prix de ce classement, remis ce jeudi soir \u00e0 Nathalie Fontecave, \u00e9ducatrice et comportementaliste \u00e0 la Ville de Grenoble, lors d\u2019une c\u00e9r\u00e9monie \u00e0 Paris.Le questionnaire de 30 Millions d\u2019Amis recense un panel d\u2019informations concernant les parcs et jardins accessibles aux chiens, les \u00e9quipements pour la propret\u00e9 des rues, l\u2019accessibilit\u00e9 des transports en commun, la signal\u00e9tique, la communication et la sensibilisation, l\u2019\u00e9ducation canine, l\u2019autorisation de venir avec son chien dans les \u00e9quipements municipaux, l\u2019aide aux populations fragiles, l\u2019identification et la st\u00e9rilisation des chats libres, etc. <u><a href=\"https:\/\/www.grenoble.fr\/uploads\/Presse\/pse_fichier\/b0\/2250_187_CP-Grenoble-1ere-ville-ou-il-fait-bon-vivre-avec-les-animaux.pdf\" target=\"_blank\" rel=\"noreferrer noopener\">https:\/\/www.grenoble.fr\/uploads\/Presse\/pse_fichier\/b0\/2250_187_CP-Grenoble-1ere-ville-ou-il-fait-bon-vivre-avec-les-animaux.pdf<\/a><\/u><\/p>\n\n\n\n<p><strong>D\u00e9cret relatif \u00e0 la simplification de la proc\u00e9dure contentieuse en mati\u00e8re environnementale et \u00e0 l&rsquo;acc\u00e9l\u00e9ration de certains projets<\/strong> (n\u00b0 2026-302 du 21 avril 2026). Il modifie le code de justice administrative en cr\u00e9ant, \u00e0 l\u2019article R. 311-5, un nouveau r\u00e9gime contentieux acc\u00e9l\u00e9r\u00e9 et unifi\u00e9 pour certains projets en mati\u00e8re environnementale. Il concerne ceux qui contribuent \u00e0 des objectifs d\u00e9finis (d\u00e9veloppement des \u00e9nergies d\u00e9carbon\u00e9es, infrastructures de transports, op\u00e9rations d\u2019int\u00e9r\u00eat national et grandes op\u00e9rations d\u2019urbanisme, souverainet\u00e9 \u00e9conomique et industrielle et souverainet\u00e9 alimentaire). En outre, ce d\u00e9cret confie la comp\u00e9tence pour juger les contentieux portant sur ces projets aux cours administratives d\u2019appel qui doivent statuer dans un d\u00e9lai de dix mois, et pr\u00e9voit des r\u00e8gles de proc\u00e9dure contentieuse particuli\u00e8res pour acc\u00e9l\u00e9rer et s\u00e9curiser le traitement de ces contentieux. <u><a href=\"https:\/\/www.legifrance.gouv.fr\/jorf\/id\/JORFTEXT000053925515\" target=\"_blank\" rel=\"noreferrer noopener\">D\u00e9cret n\u00b0 2026-302 du 21 avril 2026 relatif \u00e0 la simplification de la proc\u00e9dure contentieuse en mati\u00e8re environnementale et \u00e0 l&rsquo;acc\u00e9l\u00e9ration de certains projets &#8211; L\u00e9gifrance<\/a><\/u><\/p>\n\n\n\n<p><strong>Pourquoi l\u2019immense majorit\u00e9 des h\u00e9ritiers ne paient pas de droits de succession<\/strong>. Une famille avec deux enfants peut facilement transmettre 1,5 million d\u2019euros \u00e0 leurs enfants sans que ces derniers ne paient aucun imp\u00f4t. En France, les familles ne paient quasiment jamais d\u2019imp\u00f4t sur le patrimoine qu\u2019elles transmettent \u00e0 leurs enfants. D\u2019abord parce que <a href=\"https:\/\/www.inegalites.fr\/inegalites-heritage\"><u>85&nbsp;% des <\/u><\/a><u><a href=\"https:\/\/www.inegalites.fr\/inegalites-heritage\" target=\"_blank\" rel=\"noreferrer noopener\">h\u00e9ritages<\/a><\/u><a href=\"https:\/\/www.inegalites.fr\/inegalites-heritage\"><u> sont inf\u00e9rieurs \u00e0 100&nbsp;000 euros<\/u><\/a> (donn\u00e9e Insee 2024), seuil \u00e0 partir duquel des droits de succession s\u2019appliquent entre parent et enfant. Mais ce qu\u2019on sait moins, c\u2019est que les h\u00e9ritages d\u2019un montant plus \u00e9lev\u00e9 profitent d\u2019abattements consid\u00e9rables. L\u2019observatoire des in\u00e9galit\u00e9s explique cette situation tr\u00e8s critiquable. <u><a href=\"https:\/\/www.inegalites.fr\/Pourquoi-l-immense-majorite-des-heritiers-ne-paient-pas-de-droits-de-succession\" target=\"_blank\" rel=\"noreferrer noopener\">https:\/\/www.inegalites.fr\/Pourquoi-l-immense-majorite-des-heritiers-ne-paient-pas-de-droits-de-succession<\/a><\/u><\/p>\n\n\n\n<p><strong>Mise \u00e0 jour du r\u00e9pertoire national des \u00e9lus<\/strong>. Le R\u00e9pertoire National des \u00c9lus (RNE) a pour finalit\u00e9 le suivi des titulaires d\u2019un mandat \u00e9lectoral. Il est renseign\u00e9 et tenu \u00e0 jour par les pr\u00e9fectures et hauts commissariats et par les services du minist\u00e8re de l&rsquo;int\u00e9rieur, notamment sur la base des \u00e9l\u00e9ments fournis par les \u00e9lu-es lors de la phase d\u2019enregistrement des candidatures. Les donn\u00e9es du RNE sont structur\u00e9es par mandat. Ce jeu de donn\u00e9es comprend douze fichiers, dont les conseillers municipaux et les conseillers communautaires qui viennent d\u2019\u00eatre \u00e9lus. Les fichiers mis en ligne sont actualis\u00e9s trimestriellement. Les donn\u00e9es relatives \u00e0 la profession sont d\u00e9claratives. Le r\u00e9f\u00e9rentiel des codes professions correspond au r\u00e9f\u00e9rentiel de l&rsquo;INSEE (PCS 2003). Les demandes de rectification doivent \u00eatre adress\u00e9es directement par courriel \u00e0 la pr\u00e9fecture territorialement comp\u00e9tente (pref-rne-contact@nomDuDepartement.gouv.fr). <u><a href=\"https:\/\/www.data.gouv.fr\/datasets\/repertoire-national-des-elus-1\" target=\"_blank\" rel=\"noreferrer noopener\">https:\/\/www.data.gouv.fr\/datasets\/repertoire-national-des-elus-1<\/a><\/u><\/p>\n\n\n\n<p><strong>Strat\u00e9gie nationale de pr\u00e9vention de la d\u00e9linquance 2026-2030. <\/strong>Le secr\u00e9tariat g\u00e9n\u00e9ral du Comit\u00e9 interminist\u00e9riel de pr\u00e9vention de la d\u00e9linquance et de la radicalisation publie la Strat\u00e9gie nationale de pr\u00e9vention de la d\u00e9linquance : 50 mesures pour mieux adapter la r\u00e9ponse aux nouvelles formes de d\u00e9linquance, garantir un continuum de pr\u00e9vention de l&rsquo;enfance \u00e0 l&rsquo;\u00e2ge adulte, mieux coordonner et mieux outiller la politique de pr\u00e9vention.Cette nouvelle strat\u00e9gie, qui \u00e9tait attendue depuis deux ans, prend en compte deux mutations li\u00e9es \u00e0 la d\u00e9linquance&nbsp;: la progression des violences dans la soci\u00e9t\u00e9 \u2013 qu\u2019elles soient physiques, sexuelles ou li\u00e9es aux trafics de stup\u00e9fiants \u2013 et surtout l\u2019implication grandissante des mineurs dans des faits de d\u00e9linquance et la n\u00e9cessit\u00e9 de les prot\u00e9ger face aux violences ; les mineurs repr\u00e9sentant aujourd\u2019hui&nbsp;la majorit\u00e9 des victimes de violences sexuelles (58 %).&nbsp; Il y a une cinquantaine de mesures \u2013 dont beaucoup concernent les maires \u2013 y est pr\u00e9sent\u00e9e, mais l\u00e0 o\u00f9 le b\u00e2t blesse, les moyens financiers associ\u00e9s \u00e0 cette strat\u00e9gie sont en baisse et il ne faudra pas compter avec l\u2019apport suppl\u00e9mentaire des collectivit\u00e9s qui sont asphyxi\u00e9es. <u><a href=\"https:\/\/www.interieur.gouv.fr\/documentation\/ressources\/strategie-nationale-de-prevention-de-delinquance-2026-2030.html\" target=\"_blank\" rel=\"noreferrer noopener\">Strat\u00e9gie nationale de pr\u00e9vention de la d\u00e9linquance 2026-2030 | Minist\u00e8re de l&rsquo;Int\u00e9rieur<\/a><\/u><\/p>\n\n\n\n<p><strong>Le travail lyc\u00e9en, une r\u00e9alit\u00e9 m\u00e9connue et sous-estim\u00e9e de l\u2019\u00e9cole fran\u00e7aise.<\/strong> Baby-sitting, restauration, livraison : pr\u00e8s d\u2019un lyc\u00e9en sur quatre travaille pendant l\u2019ann\u00e9e scolaire, et jusqu\u2019\u00e0 un sur trois dans la voie professionnelle. Longtemps ignor\u00e9, ce ph\u00e9nom\u00e8ne interroge en profondeur les in\u00e9galit\u00e9s socio-scolaires et la conception du \u00ab m\u00e9tier d\u2019\u00e9l\u00e8ve&nbsp;\u00bb. Cette enqu\u00eate conduite par le LEST \u00e0 Aix et le centre \u00c9mile Durkheim \u00e0 Bordeaux, deux laboratoires du CNRS, dont le C\u00e9req et de l\u2019INJEP sont partenaires,&nbsp;est un \u00e9ni\u00e8me rappel des effets de la pauvret\u00e9 sur les \u00e9l\u00e8ves. Comme les travaux de Jean-Pierre Delahaye ou ceux d\u2019ATD quart monde, elle montre la n\u00e9cessit\u00e9 de penser l\u2019Ecole et ses in\u00e9galit\u00e9s en lien avec les politiques publiques de lutte contre les in\u00e9galit\u00e9s sociales. <u><a href=\"https:\/\/www.cafepedagogique.net\/2026\/04\/13\/le-travail-lyceen-une-realite-meconnue-et-sous-estimee-de-lecole-francaise\/\" target=\"_blank\" rel=\"noreferrer noopener\">Lire la suite<\/a><\/u><\/p>\n","protected":false},"excerpt":{"rendered":"<p>Bilan 2025 de l\u2019observatoire des chiffres d\u2019affaires du commerce de d\u00e9tail (ind\u00e9pendant &#8211; 300m2) de la r\u00e9gion grenobloise. Principales missions de l\u2019observatoire Il interroge un panel de 350 commer\u00e7ants chaque mois sur leur CA r\u00e9alis\u00e9 le mois de l\u2019ann\u00e9e N compar\u00e9 au m\u00eame mois l\u2019ann\u00e9e N-1, en respectant la r\u00e9partition du commerce traditionnel par secteur [&hellip;]<\/p>\n","protected":false},"author":1,"featured_media":0,"comment_status":"closed","ping_status":"open","sticky":false,"template":"","format":"standard","meta":{"twitterCardType":"","cardImageID":0,"cardImage":"","cardTitle":"","cardDesc":"","cardImageAlt":"","cardPlayer":"","cardPlayerWidth":0,"cardPlayerHeight":0,"cardPlayerStream":"","cardPlayerCodec":"","footnotes":""},"categories":[11],"tags":[],"class_list":["post-26146","post","type-post","status-publish","format-standard","hentry","category-politique-locale"],"_links":{"self":[{"href":"https:\/\/www.ades-grenoble.org\/wordpress\/wp-json\/wp\/v2\/posts\/26146","targetHints":{"allow":["GET"]}}],"collection":[{"href":"https:\/\/www.ades-grenoble.org\/wordpress\/wp-json\/wp\/v2\/posts"}],"about":[{"href":"https:\/\/www.ades-grenoble.org\/wordpress\/wp-json\/wp\/v2\/types\/post"}],"author":[{"embeddable":true,"href":"https:\/\/www.ades-grenoble.org\/wordpress\/wp-json\/wp\/v2\/users\/1"}],"replies":[{"embeddable":true,"href":"https:\/\/www.ades-grenoble.org\/wordpress\/wp-json\/wp\/v2\/comments?post=26146"}],"version-history":[{"count":7,"href":"https:\/\/www.ades-grenoble.org\/wordpress\/wp-json\/wp\/v2\/posts\/26146\/revisions"}],"predecessor-version":[{"id":26202,"href":"https:\/\/www.ades-grenoble.org\/wordpress\/wp-json\/wp\/v2\/posts\/26146\/revisions\/26202"}],"wp:attachment":[{"href":"https:\/\/www.ades-grenoble.org\/wordpress\/wp-json\/wp\/v2\/media?parent=26146"}],"wp:term":[{"taxonomy":"category","embeddable":true,"href":"https:\/\/www.ades-grenoble.org\/wordpress\/wp-json\/wp\/v2\/categories?post=26146"},{"taxonomy":"post_tag","embeddable":true,"href":"https:\/\/www.ades-grenoble.org\/wordpress\/wp-json\/wp\/v2\/tags?post=26146"}],"curies":[{"name":"wp","href":"https:\/\/api.w.org\/{rel}","templated":true}]}}